{"id":69397,"date":"2019-12-05T06:30:51","date_gmt":"2019-12-05T11:30:51","guid":{"rendered":"https:\/\/linitiative.ca\/International\/organisation-territoriale-le-projet-de-loi-realisera-le-developpement-durable-dans-le-sud\/"},"modified":"2019-12-05T06:30:51","modified_gmt":"2019-12-05T11:30:51","slug":"organisation-territoriale-le-projet-de-loi-realisera-le-developpement-durable-dans-le-sud","status":"publish","type":"post","link":"https:\/\/linitiative.ca\/International\/organisation-territoriale-le-projet-de-loi-realisera-le-developpement-durable-dans-le-sud\/","title":{"rendered":"Organisation territoriale: le projet de loi r\u00e9alisera le d\u00e9veloppement durable dans le Sud"},"content":{"rendered":"<div readability=\"41\">\n<p><strong>ALGER- Le ministre de l&rsquo;Int\u00e9rieur, des Collectivit\u00e9s locales et de l&rsquo;Am\u00e9nagement du territoire, Salah Eddine Dahmoune a d\u00e9clar\u00e9, mercredi \u00e0 Alger, que le projet de loi compl\u00e9tant et modifiant la loi N 84-09 du 4 f\u00e9vrier 1984 relatif \u00e0 l&rsquo;organisation territoriale du pays portant cr\u00e9ation de dix nouvelles wilayas dans le sud, qualifi\u00e9 de \u00ab\u00a0tr\u00e8s important\u00a0\u00bb, contribuera \u00e0 la prise en charge des pr\u00e9occupations de la population et \u00e0 la r\u00e9alisation du d\u00e9veloppement durable dans ces r\u00e9gions qui rec\u00e8lent de grands atouts.<\/strong><\/p>\n<\/div>\n<div readability=\"177.631136665\">\n<p>R\u00e9pondant aux interrogations des membres du Conseil de la nation, lors d&rsquo;une pl\u00e9ni\u00e8re consacr\u00e9e au d\u00e9bat du projet de loi, le ministre a soulign\u00e9 que ce \u00ab\u00a0projet de loi, \u00e9labor\u00e9 selon une m\u00e9thode scientifique et technique, conform\u00e9ment aux normes internationales, a abouti \u00e0 des r\u00e9sultats positifs qui contribueront \u00e0 la promotion de 10 circonscriptions administratives du Sud au rang de wilayas de pleines pr\u00e9rogatives\u00a0\u00bb.<\/p>\n<blockquote readability=\"14\">\n<p><em><strong>Cette d\u00e9marche a pour objectif d'\u00a0\u00bbam\u00e9nager le territoire, notamment dans la r\u00e9gion du Sud\u00a0\u00bb, a pr\u00e9cis\u00e9 le ministre, rappelant que la direction g\u00e9n\u00e9rale de l&rsquo;am\u00e9nagement du territoire a \u00e9t\u00e9 rattach\u00e9e, ces deux derni\u00e8res ann\u00e9es, au minist\u00e8re de l&rsquo;Int\u00e9rieur pour lui permettre de mettre en place un plan de mise en \u0153uvre des programmes \u00e9labor\u00e9s par le secteur pour l&rsquo;am\u00e9nagement du territoire, outre le programme du gouvernement\u00a0\u00bb.<\/strong><\/em><\/p>\n<\/blockquote>\n<p>M. Dahmoune a rappel\u00e9 \u00ab\u00a0les instructions donn\u00e9es aux bureaux d&rsquo;\u00e9tudes relevant du minist\u00e8re de l&rsquo;Int\u00e9rieur pour effectuer des \u00e9tudes prospectives et scientifiques d&rsquo;am\u00e9nagement et de d\u00e9veloppement des r\u00e9gions du Sud, particuli\u00e8rement dans les r\u00e9gions frontali\u00e8res et promouvoir 10 wilayas d\u00e9l\u00e9gu\u00e9es, cr\u00e9\u00e9es en 2015, en wilayas \u00e0 part enti\u00e8re\u00a0\u00bb.<\/p>\n<p>Dans ce contexte, le ministre a mis l&rsquo;accent sur l&rsquo;imp\u00e9ratif \u00ab\u00a0d&rsquo;accorder aux r\u00e9gions frontali\u00e8res la priorit\u00e9 pour r\u00e9aliser le d\u00e9veloppement, prendre en charge les pr\u00e9occupations de la population et relever les d\u00e9fis \u00e9conomiques et s\u00e9curitaires\u00a0\u00bb.<\/p>\n<p>Soulignant l&rsquo;importance d&rsquo;\u00e9laborer ses \u00e9tudes avec l&rsquo;association de tous les acteurs et experts, dans un cadre d\u00e9mocratique participatif, pour cristalliser une vision globale sur la mani\u00e8re de d\u00e9velopper les zones du Sud et frontali\u00e8res, en vue de faire face aux d\u00e9fis actuels que connaissent ces r\u00e9gions et de les \u00e9riger en centres de rayonnement au niveau national et pour les pays voisins, dans l&rsquo;objectif de renforcer la coop\u00e9ration, notamment en mati\u00e8re d&rsquo;\u00e9change commercial et \u00e9conomique\u00a0\u00bb.<\/p>\n<hr\/>\n<p><strong><span class=\"c30\">Lire aussi:\u00a0<\/span><\/strong><a href=\"http:\/\/www.aps.dz\/regions\/98434-la-promotion-de-10-circonscriptions-administrative-du-sud-en-wilayas-un-defi-historique\">La promotion de 10 circonscriptions administrative du Sud en wilayas, un d\u00e9fi historique<\/a><\/p>\n<hr\/>\n<p>Par ailleurs, le ministre a rappel\u00e9 la poursuite de \u00ab\u00a0l&rsquo;\u00e9laboration d&rsquo;autres \u00e9tudes en vue de cristalliser une vision prospective au profit des r\u00e9gions des Hauts-Plateaux, notamment pour r\u00e9aliser le d\u00e9veloppement dans les 44 nouvelles wilayas d\u00e9l\u00e9gu\u00e9es\u00a0\u00bb, mettant l&rsquo;accent sur l&rsquo;importance de \u00ab\u00a0d\u00e9finir les priorit\u00e9s, renforcer la d\u00e9centralisation de la d\u00e9cision et consolider le r\u00f4le des collectivit\u00e9s locales\u00a0\u00bb.<\/p>\n<p>Apr\u00e8s avoir mis l&rsquo;accent sur la n\u00e9cessit\u00e9 d'\u00a0\u00bbattribuer davantage de pr\u00e9rogatives aux communes\u00a0\u00bb, il a pr\u00e9cis\u00e9 que \u00ab\u00a0celles-ci ont mis en place une nouvelle application pour informer tous les acteurs des projets propos\u00e9s \u00e0 l&rsquo;examen et l&rsquo;enrichissement, afin de les concr\u00e9tiser sur le terrain\u00a0\u00bb.<\/p>\n<p>Des \u00e9tudes sur les r\u00e9gions du Nord, a-t-il ajout\u00e9, seront \u00e9labor\u00e9es en vue de prendre en charge les diff\u00e9rentes pr\u00e9occupations des habitants, ainsi que d&rsquo;autres concernant l&rsquo;am\u00e9nagement et le d\u00e9veloppement du littoral et des r\u00e9gions montagneuses, en prenant en consid\u00e9ration les \u00e9quilibres budg\u00e9taires de l&rsquo;Etat\u00a0\u00bb.<\/p>\n<p><strong>Projet de promotion de 10 circonscriptions administratives, \u00ab\u00a0un pas courageux\u00a0\u00bb et \u00ab\u00a0un d\u00e9fi historique\u00a0\u00bb<\/strong><\/p>\n<p>\u00a0Lors de la pr\u00e9sentation du projet de loi compl\u00e9tant et modifiant la loi n 84-09 du 4 f\u00e9vrier 1984 relative \u00e0 l&rsquo;organisation territoriale du pays devant les membres du Conseil de la Nation, le ministre de l&rsquo;Int\u00e9rieur avait qualifi\u00e9 la d\u00e9cision de promouvoir, en wilayas \u00e0 part enti\u00e8re, dix (10) circonscriptions administratives du Sud de \u00ab\u00a0d\u00e9fi historique\u00a0\u00bb dans une conjoncture \u00ab\u00a0d\u00e9cisive\u00a0\u00bb.<\/p>\n<p>Il a ajout\u00e9, \u00e0 ce propos, que ce pas \u00ab\u00a0courageux\u00a0\u00bb intervient dans la conjoncture \u00ab\u00a0sensible\u00a0\u00bb que traverse l&rsquo;Alg\u00e9rie, marqu\u00e9e par \u00ab\u00a0la maturit\u00e9 et le civisme\u00a0\u00bb des citoyens qui expriment, \u00e0 chaque occasion, leur volont\u00e9 d&rsquo;\u00e9difier le pays et de lui permettre d&rsquo;aller de l&rsquo;avant.<\/p>\n<blockquote readability=\"12\">\n<p><em><strong>Relevant que le sud alg\u00e9rien rec\u00e8le, en dehors des hydrocarbures, des potentialit\u00e9s de d\u00e9veloppement \u00e0 caract\u00e8re strat\u00e9gique et d&rsquo;importance nationale et r\u00e9gionale, notamment dans les secteurs agricole et touristique, le ministre a d\u00e9clar\u00e9 que la promotion des circonscriptions administratives en wilayas \u00e0 part enti\u00e8re renforcera leurs capacit\u00e9s et les mettra sur les rails du d\u00e9veloppement \u00e0 un rythme plus ad\u00e9quat et plus acc\u00e9l\u00e9r\u00e9.<\/strong><\/em><\/p>\n<\/blockquote>\n<p>Il a soulign\u00e9, dans ce contexte, que l&rsquo;exp\u00e9rience de ces circonscriptions avait \u00e9t\u00e9 \u00ab\u00a0positive\u00a0\u00bb dans le sens o\u00f9 elle a permis \u00ab\u00a0un essor\u00a0\u00bb dans le Sud notamment en termes d&rsquo;infrastructures et d&rsquo;am\u00e9nagement urbain de plusieurs villes.<\/p>\n<p>Ainsi, le ministre avait exhort\u00e9 les membres du Conseil de la nation \u00e0 adopter ce projet de loi, qui permettra de franchir \u00ab\u00a0un grand pas\u00a0\u00bb dans le Plan d&rsquo;action du Gouvernement, en attendant, a-t-il dit, la concr\u00e9tisation des autres axes notamment ceux relatifs aux wilayas des Hauts Plateaux.<\/p>\n<hr\/>\n<p>Lire aussi:\u00a0<a href=\"http:\/\/www.aps.dz\/algerie\/98508-conseil-de-la-nation-examen-des-amendements-proposes-au-projet-de-loi-relatif-a-l-organisation-territoriale\">Conseil de la nation: examen des amendements propos\u00e9s au projet de loi relatif \u00e0 l&rsquo;organisation territoriale<\/a><\/p>\n<hr\/>\n<p>Pr\u00e9sentant, de son c\u00f4t\u00e9, le rapport pr\u00e9liminaire sur ce projet, la Commission des affaires juridiques, administratives, des droits de l&rsquo;homme, de la r\u00e9glementation locale, de l&rsquo;am\u00e9nagement du territoire et du d\u00e9coupage\u00a0territorial du Conseil de la nation, a indiqu\u00e9 que ce dernier visait \u00e0 \u00ab\u00a0garantir une prise en charge optimale des revendications des citoyens de ces r\u00e9gions et \u00e0 renforcer leur participation \u00e0 la gestion de leurs affaires, outre l&rsquo;accompagnement des Pouvoirs publics dans la dynamique de d\u00e9veloppement local\u00a0\u00bb. Le m\u00eame projet r\u00e9pond, selon la Commission, aux v\u00e9ritables besoins du Grand Sud ayant souffert de l&rsquo;\u00e9loignement entre les communes et les chefs-lieux de wilayas.<\/p>\n<p>\u00ab\u00a0L&rsquo;actualisation du cadre juridique relatif \u00e0 l&rsquo;organisation territoriale du pays est d\u00e9sormais n\u00e9cessaire pour permettre \u00e0 chaque citoyen de ces r\u00e9gions de tirer profit du d\u00e9veloppement et de la prosp\u00e9rit\u00e9, assurer l&rsquo;\u00e9quilibre entre toutes les r\u00e9gions du pays, relancer le d\u00e9veloppement \u00e9conomique et cr\u00e9er des postes d&#8217;emploi permanents\u00a0\u00bb, a encore estim\u00e9 la m\u00eame commission.<\/p>\n<p>Les membres du Conseil ont salu\u00e9, lors de leurs interventions, ce projet de loi qui contribuera, sans aucun doute, au \u00ab\u00a0d\u00e9veloppement de ces r\u00e9gions, \u00e0 la garantie de l&rsquo;\u00e9quilibre r\u00e9gional et \u00e0 la cr\u00e9ation de la richesse et de postes d&#8217;emploi\u00a0\u00bb.<\/p>\n<p>Il ont soulign\u00e9, dans ce sillage, l&rsquo;imp\u00e9ratif d'\u00a0\u00bbattribuer de larges pr\u00e9rogatives \u00e0 ces wilayas \u00e0 travers de la cr\u00e9ation de nouvelles communes, l&rsquo;am\u00e9lioration de leur situation \u00e9conomique et la prise en charge des pr\u00e9occupations des citoyens, en pr\u00e9servant leur caract\u00e8re urbain et en y renfor\u00e7ant la formation et l&rsquo;investissement dans tous les domaines\u00a0\u00bb.<\/p>\n<\/div>\n<p>Auteur:<br \/>\n<a href=\"http:\/\/www.aps.dz\/regions\/98503-le-projet-de-loi-relatif-a-l-organisation-territoriale-du-pays-realisera-le-developpement-durable-dans-le-sud\">Cliquez ici pour lire l&rsquo;article depuis sa source.<\/a><\/p>\n","protected":false},"excerpt":{"rendered":"<p>ALGER- Le ministre de l&rsquo;Int\u00e9rieur, des Collectivit\u00e9s locales et de l&rsquo;Am\u00e9nagement du territoire, Salah Eddine Dahmoune a d\u00e9clar\u00e9, mercredi \u00e0 Alger, que le projet de loi compl\u00e9tant et modifiant la loi N 84-09 du 4 f\u00e9vrier 1984 relatif \u00e0 l&rsquo;organisation territoriale du pays portant cr\u00e9ation de dix nouvelles wilayas dans le sud, qualifi\u00e9 de \u00ab\u00a0tr\u00e8s [&hellip;]<\/p>\n","protected":false},"author":1790,"featured_media":0,"comment_status":"closed","ping_status":"closed","sticky":false,"template":"","format":"standard","meta":{"fifu_image_url":"","fifu_image_alt":"","footnotes":""},"categories":[53,76],"tags":[],"class_list":["post-69397","post","type-post","status-publish","format-standard","hentry","category-algerie","category-regions"],"_links":{"self":[{"href":"https:\/\/linitiative.ca\/International\/wp-json\/wp\/v2\/posts\/69397","targetHints":{"allow":["GET"]}}],"collection":[{"href":"https:\/\/linitiative.ca\/International\/wp-json\/wp\/v2\/posts"}],"about":[{"href":"https:\/\/linitiative.ca\/International\/wp-json\/wp\/v2\/types\/post"}],"author":[{"embeddable":true,"href":"https:\/\/linitiative.ca\/International\/wp-json\/wp\/v2\/users\/1790"}],"replies":[{"embeddable":true,"href":"https:\/\/linitiative.ca\/International\/wp-json\/wp\/v2\/comments?post=69397"}],"version-history":[{"count":0,"href":"https:\/\/linitiative.ca\/International\/wp-json\/wp\/v2\/posts\/69397\/revisions"}],"wp:attachment":[{"href":"https:\/\/linitiative.ca\/International\/wp-json\/wp\/v2\/media?parent=69397"}],"wp:term":[{"taxonomy":"category","embeddable":true,"href":"https:\/\/linitiative.ca\/International\/wp-json\/wp\/v2\/categories?post=69397"},{"taxonomy":"post_tag","embeddable":true,"href":"https:\/\/linitiative.ca\/International\/wp-json\/wp\/v2\/tags?post=69397"}],"curies":[{"name":"wp","href":"https:\/\/api.w.org\/{rel}","templated":true}]}}