{"id":69399,"date":"2019-12-05T12:33:24","date_gmt":"2019-12-05T17:33:24","guid":{"rendered":"https:\/\/linitiative.ca\/International\/lpa-les-communes-dalger-procederont-a-la-convocation-des-souscripteurs-fin-decembre\/"},"modified":"2019-12-05T12:33:24","modified_gmt":"2019-12-05T17:33:24","slug":"lpa-les-communes-dalger-procederont-a-la-convocation-des-souscripteurs-fin-decembre","status":"publish","type":"post","link":"https:\/\/linitiative.ca\/International\/lpa-les-communes-dalger-procederont-a-la-convocation-des-souscripteurs-fin-decembre\/","title":{"rendered":"LPA: les communes d&rsquo;Alger proc\u00e9deront \u00e0 la convocation des souscripteurs fin d\u00e9cembre"},"content":{"rendered":"<div readability=\"42\">\n<p><strong>ALGER &#8211; Le vice-pr\u00e9sident de l&rsquo;Assembl\u00e9e populaire de Wilaya d&rsquo;Alger (APW), charg\u00e9 de l&rsquo;habitat et de l&rsquo;urbanisme, Yahia Nessal a fait savoir, jeudi, que les communes relevant de la wilaya d&rsquo;Alger devront prendre contact, fin d\u00e9cembre en cours, avec les souscripteurs de la formule logements promotionnels aid\u00e9s (LPA) ayant \u00e9t\u00e9 admis, pour le d\u00e9p\u00f4t de leurs dossiers.<\/strong><\/p>\n<\/div>\n<div readability=\"84\">\n<p>\u00ab\u00a0Les dossiers du programme LPA font l&rsquo;objet d&rsquo;une minutieuse op\u00e9ration de tri pour ressortir les dossiers accept\u00e9s pour un quota de 10.000 unit\u00e9s consacr\u00e9es \u00e0 la wilaya d&rsquo;Alger\u00a0\u00bb, a fait savoir M. Nessal dans une d\u00e9claration \u00e0 la presse en marge de l&rsquo;op\u00e9ration de remise de 1.330 unit\u00e9s de programme logements de type location-vente (AADL) et logements publics promotionnels (LPP).<\/p>\n<p>Les communes se chargeront de contacter les souscripteurs accept\u00e9s pour leur fixer un rendez-vous pourle d\u00e9p\u00f4t des dossiers, a-t-il pr\u00e9cis\u00e9.<\/p>\n<p>Les dossiers ont \u00e9t\u00e9 examin\u00e9s sur la base du fichier national du logement et du fichier de la Soci\u00e9t\u00e9 nationale de l&rsquo;\u00e9lectricit\u00e9 et du gaz (Sonelgaz), en sus d&rsquo;autres crit\u00e8res relatifs \u00e0 la situation sociale, a-t-il ajout\u00e9.<\/p>\n<p>Le m\u00eame responsable a fait \u00e9tat de 262.000 demandes formul\u00e9es par internet pour b\u00e9n\u00e9ficier de ce programme.<\/p>\n<p>M. Nessal a soulign\u00e9 que les souscripteurs n&rsquo;ayant pas \u00e9t\u00e9 admis lors de l&rsquo;op\u00e9ration de tri seront pris en charge d\u00e8s la cons\u00e9cration d&rsquo;autres quotas de logements au titre de cette formule \u00e0 Alger.<\/p>\n<p>Les 262.000 souscripteurs seront r\u00e9partis, selon la priorit\u00e9, sur des listes comportant 10.000 inscrits chacune \u00e0 consulter en cas d&rsquo;affectation de quotas de logements suppl\u00e9mentaires \u00e0 la wilaya.<\/p>\n<p>Cette op\u00e9ration \u00e9vitera aux autorit\u00e9s locales de proc\u00e9der \u00e0 un nouveau tri lorsqu&rsquo;elles obtiennent de nouveaux quotas, a-t-il pr\u00e9cis\u00e9, soulignant que cette m\u00e9thode d&rsquo;\u00e9tablissement des listes permettra de mettre les op\u00e9rations d&rsquo;octroi de logements \u00e0 l&rsquo;abri de toutes les manipulations et leur conf\u00e8rera davantage de transparence.<\/p>\n<p>Le responsable a fait savoir, \u00e0 ce propos, que des instructions avaient \u00e9t\u00e9 donn\u00e9es aux pr\u00e9sidents des Assembl\u00e9es populaires communales (APC) \u00e0 l&rsquo;effet de suivre cette m\u00e9thode pour l&rsquo;\u00e9tablissement des listes des logements sociaux et participatifs.<\/p>\n<p>Concernant les nombreux souscripteurs souhaitant b\u00e9n\u00e9ficier d&rsquo;un logement promotionnel aid\u00e9, il a indiqu\u00e9 qu'\u00a0\u00bbil n&rsquo;est pas possible de convoquer d&rsquo;un coup tous les souscripteurs mais qu&rsquo;ils le seront selon la priorit\u00e9\u00a0\u00bb.<\/p>\n<p>Le responsable a, par ailleurs, appel\u00e9 le minist\u00e8re de l&rsquo;Habitat \u00e0 accorder des quotas suppl\u00e9mentaires aux citoyens de la wilaya d&rsquo;Alger, compte tenu du grand nombre de demandes enregistr\u00e9es via Internet.<\/p>\n<\/div>\n<p>Auteur:<br \/>\n<a href=\"http:\/\/www.aps.dz\/regions\/98526-lpa-les-communes-d-alger-procederont-a-la-convocation-des-souscripteurs-fin-decembre\">Cliquez ici pour lire l&rsquo;article depuis sa source.<\/a><\/p>\n","protected":false},"excerpt":{"rendered":"<p>ALGER &#8211; Le vice-pr\u00e9sident de l&rsquo;Assembl\u00e9e populaire de Wilaya d&rsquo;Alger (APW), charg\u00e9 de l&rsquo;habitat et de l&rsquo;urbanisme, Yahia Nessal a fait savoir, jeudi, que les communes relevant de la wilaya d&rsquo;Alger devront prendre contact, fin d\u00e9cembre en cours, avec les souscripteurs de la formule logements promotionnels aid\u00e9s (LPA) ayant \u00e9t\u00e9 admis, pour le d\u00e9p\u00f4t de [&hellip;]<\/p>\n","protected":false},"author":1790,"featured_media":0,"comment_status":"closed","ping_status":"closed","sticky":false,"template":"","format":"standard","meta":{"fifu_image_url":"","fifu_image_alt":"","footnotes":""},"categories":[53,76],"tags":[],"class_list":["post-69399","post","type-post","status-publish","format-standard","hentry","category-algerie","category-regions"],"_links":{"self":[{"href":"https:\/\/linitiative.ca\/International\/wp-json\/wp\/v2\/posts\/69399","targetHints":{"allow":["GET"]}}],"collection":[{"href":"https:\/\/linitiative.ca\/International\/wp-json\/wp\/v2\/posts"}],"about":[{"href":"https:\/\/linitiative.ca\/International\/wp-json\/wp\/v2\/types\/post"}],"author":[{"embeddable":true,"href":"https:\/\/linitiative.ca\/International\/wp-json\/wp\/v2\/users\/1790"}],"replies":[{"embeddable":true,"href":"https:\/\/linitiative.ca\/International\/wp-json\/wp\/v2\/comments?post=69399"}],"version-history":[{"count":0,"href":"https:\/\/linitiative.ca\/International\/wp-json\/wp\/v2\/posts\/69399\/revisions"}],"wp:attachment":[{"href":"https:\/\/linitiative.ca\/International\/wp-json\/wp\/v2\/media?parent=69399"}],"wp:term":[{"taxonomy":"category","embeddable":true,"href":"https:\/\/linitiative.ca\/International\/wp-json\/wp\/v2\/categories?post=69399"},{"taxonomy":"post_tag","embeddable":true,"href":"https:\/\/linitiative.ca\/International\/wp-json\/wp\/v2\/tags?post=69399"}],"curies":[{"name":"wp","href":"https:\/\/api.w.org\/{rel}","templated":true}]}}