{"id":69400,"date":"2019-12-05T13:01:15","date_gmt":"2019-12-05T18:01:15","guid":{"rendered":"https:\/\/linitiative.ca\/International\/habitat-attribution-de-1-330-unites-de-logement-aadl-et-lpp\/"},"modified":"2019-12-05T13:01:15","modified_gmt":"2019-12-05T18:01:15","slug":"habitat-attribution-de-1-330-unites-de-logement-aadl-et-lpp","status":"publish","type":"post","link":"https:\/\/linitiative.ca\/International\/habitat-attribution-de-1-330-unites-de-logement-aadl-et-lpp\/","title":{"rendered":"Habitat: Attribution de 1.330 unit\u00e9s de logement \u00ab\u00a0AADL\u00a0\u00bb et \u00ab\u00a0LPP\u00a0\u00bb"},"content":{"rendered":"<div readability=\"37\">\n<p><strong>ALGER &#8211; Un total de 1.330 logements de type location-vente (AADL 2) et promotionnels publics (LPP) ont \u00e9t\u00e9 attribu\u00e9s, jeudi, aux souscripteurs, en sus de la remise de plusieurs actes de propri\u00e9t\u00e9 aux b\u00e9n\u00e9ficiaires de la formule \u00ab\u00a0AADL\u00a0\u00bb.<\/strong><\/p>\n<\/div>\n<div readability=\"123.5\">\n<p>Dans ce cadre, 1.000 souscripteurs du programme AADL 2 ont b\u00e9n\u00e9fici\u00e9 de logements au niveau de la nouvelle ville Sidi Abdellah et de Ain Beniane, outre les 330 logements de type LPP distribu\u00e9s au niveau d&rsquo;Alger, Blida, Tipaza et Chlef.<\/p>\n<p>Intervenant \u00e0 cette occasion, le ministre de l&rsquo;Habitat, de l&rsquo;Urbanisme et de la Ville, Kamel Beldjoud, a r\u00e9it\u00e9r\u00e9 la d\u00e9termination de l&rsquo;Etat \u00e0 parachever l&rsquo;ensemble des programmes de logement jusqu&rsquo;\u00e0 satisfaction de toutes les demandes.<\/p>\n<p>Il a relev\u00e9, dans ce sens, que plusieurs actes de propri\u00e9t\u00e9 avaient \u00e9t\u00e9 remis aux souscripteurs des logements AADL, en application des instructions du Premier ministre Noureddine Bedoui, pour accorder tout l&rsquo;int\u00e9r\u00eat \u00e0 cette op\u00e9ration et remettre tous les actes \u00e0 leurs propri\u00e9taires dans les d\u00e9lais pr\u00e9vus.<\/p>\n<p>Faisant \u00e9tat de plus de 682.000 unit\u00e9s, toutes formules confondues, en cours de r\u00e9alisation, M. Beldjoud a indiqu\u00e9 que ces programmes \u00ab\u00a0ne souffrent d&rsquo;aucun probl\u00e8mes pouvant retarder leur date de r\u00e9ception\u00a0\u00bb.<\/p>\n<blockquote readability=\"12\">\n<p><strong><em>Par formules, ces logements se r\u00e9partissent sur 273.500 logements AADL, 217.500 logements publics locatifs (LPL), 114.000 logements de type participatif et promotionnel aid\u00e9 (LPA), ainsi que pr\u00e8s de 22.000 logements publics promotionnels (LPP), et pr\u00e8s de 55.000 logements ruraux.<\/em><\/strong><\/p>\n<\/blockquote>\n<p>Pr\u00e9sentant le bilan du secteur au titre de l&rsquo;exercice 2019, le ministre a fait \u00e9tat du lancement de la r\u00e9alisation de 87 logements toutes formules confondues, dont plus de 29.000 Unit\u00e9s AADL et 18.000 LPA.<\/p>\n<p>Jusqu&rsquo;au 31 octobre 2019, le secteur a enregistr\u00e9, selon le ministre, la remise de 250.000 logements dont 100.000 LPL, 18.000 LPA participatifs et 67.000 AADL outre 2.000 LPP et 40.000 aides financi\u00e8res dans le cadre de l&rsquo;habitat rural.<\/p>\n<p>Aussi, 20.500 logements ont \u00e9t\u00e9 distribu\u00e9s dans le cadre des lotissements sociaux en sus de 2.500 aides financi\u00e8res destin\u00e9es \u00e0 la restauration des habitats et des b\u00e2tisses pr\u00e9fabriqu\u00e9es (chalets).<\/p>\n<p>S&rsquo;agissant des pr\u00e9visions du Secteur pour l&rsquo;exercice \u00e0 venir, le premier responsable du secteur, a fait savoir que l&rsquo;ann\u00e9e 2020 sera marqu\u00e9e par une nouvelle dynamique en mati\u00e8re de r\u00e9alisation de logements devant \u00eatre r\u00e9ceptionn\u00e9s par milliers \u00e0 compter du premier semestre de la m\u00eame ann\u00e9e.<\/p>\n<p>Annon\u00e7ant la r\u00e9ception prochaine de pr\u00e8s de 160.000 logements AADL \u00e0 travers l&rsquo;ensemble du territoire national, M. Beldjoud a affirm\u00e9 que les programmes de logement, tous types confondus, avancent \u00e0 bon rythme, saluant les efforts consentis par l&rsquo;ensemble des intervenants.<\/p>\n<p>S&rsquo;agissant de la rentr\u00e9e scolaire 2020\/2021, M. Beldjoud a indiqu\u00e9 que \u00ab\u00a0le secteur a programm\u00e9 la r\u00e9alisation de 700 \u00e9tablissements \u00e9ducatifs (primaire, CEM, lyc\u00e9e) devant \u00eatre r\u00e9ceptionn\u00e9s en ao\u00fbt prochain\u00a0\u00bb.<\/p>\n<p>L&rsquo;ann\u00e9e 2020 verra \u00e9galement, selon le ministre, la r\u00e9alisation et la r\u00e9ception de plus de 1.300 structures parascolaires (cantines, unit\u00e9s m\u00e9dicales) en sus d&rsquo;autres infrastructures relevant d&rsquo;autres secteurs \u00e0 l&rsquo;image de la sant\u00e9, des sports, de s\u00e9curit\u00e9 et des t\u00e9l\u00e9communications.\u00a0\u00a0\u00a0\u00a0\u00a0<\/p>\n<p>Les d\u00e9lais de r\u00e9alisation seront \u00e9galement r\u00e9duits entre 4 et 8 mois pour ces structures, a-t-il indiqu\u00e9, estimant qu&rsquo;il s&rsquo;agit d&rsquo;un d\u00e9fis pour les \u00ab\u00a0directions des \u00e9quipements publics et les maitres d&rsquo;\u0153uvres\u00a0\u00bb.<\/p>\n<\/div>\n<p>Auteur:<br \/>\n<a href=\"http:\/\/www.aps.dz\/regions\/98532-habitat-attribution-de-1-330-unites-de-logement-aadl-et-lpp\">Cliquez ici pour lire l&rsquo;article depuis sa source.<\/a><\/p>\n","protected":false},"excerpt":{"rendered":"<p>ALGER &#8211; Un total de 1.330 logements de type location-vente (AADL 2) et promotionnels publics (LPP) ont \u00e9t\u00e9 attribu\u00e9s, jeudi, aux souscripteurs, en sus de la remise de plusieurs actes de propri\u00e9t\u00e9 aux b\u00e9n\u00e9ficiaires de la formule \u00ab\u00a0AADL\u00a0\u00bb. Dans ce cadre, 1.000 souscripteurs du programme AADL 2 ont b\u00e9n\u00e9fici\u00e9 de logements au niveau de la [&hellip;]<\/p>\n","protected":false},"author":1790,"featured_media":0,"comment_status":"closed","ping_status":"closed","sticky":false,"template":"","format":"standard","meta":{"fifu_image_url":"","fifu_image_alt":"","footnotes":""},"categories":[53,76],"tags":[],"class_list":["post-69400","post","type-post","status-publish","format-standard","hentry","category-algerie","category-regions"],"_links":{"self":[{"href":"https:\/\/linitiative.ca\/International\/wp-json\/wp\/v2\/posts\/69400","targetHints":{"allow":["GET"]}}],"collection":[{"href":"https:\/\/linitiative.ca\/International\/wp-json\/wp\/v2\/posts"}],"about":[{"href":"https:\/\/linitiative.ca\/International\/wp-json\/wp\/v2\/types\/post"}],"author":[{"embeddable":true,"href":"https:\/\/linitiative.ca\/International\/wp-json\/wp\/v2\/users\/1790"}],"replies":[{"embeddable":true,"href":"https:\/\/linitiative.ca\/International\/wp-json\/wp\/v2\/comments?post=69400"}],"version-history":[{"count":0,"href":"https:\/\/linitiative.ca\/International\/wp-json\/wp\/v2\/posts\/69400\/revisions"}],"wp:attachment":[{"href":"https:\/\/linitiative.ca\/International\/wp-json\/wp\/v2\/media?parent=69400"}],"wp:term":[{"taxonomy":"category","embeddable":true,"href":"https:\/\/linitiative.ca\/International\/wp-json\/wp\/v2\/categories?post=69400"},{"taxonomy":"post_tag","embeddable":true,"href":"https:\/\/linitiative.ca\/International\/wp-json\/wp\/v2\/tags?post=69400"}],"curies":[{"name":"wp","href":"https:\/\/api.w.org\/{rel}","templated":true}]}}