{"id":69401,"date":"2019-12-04T15:30:49","date_gmt":"2019-12-04T20:30:49","guid":{"rendered":"https:\/\/linitiative.ca\/International\/reunion-de-suivi-des-mesures-deployees-contre-le-froid\/"},"modified":"2019-12-04T15:30:49","modified_gmt":"2019-12-04T20:30:49","slug":"reunion-de-suivi-des-mesures-deployees-contre-le-froid","status":"publish","type":"post","link":"https:\/\/linitiative.ca\/International\/reunion-de-suivi-des-mesures-deployees-contre-le-froid\/","title":{"rendered":"R\u00e9union de suivi des mesures d\u00e9ploy\u00e9es contre le froid"},"content":{"rendered":"<p class=\"c4\">Le Comit\u00e9 de vigilance et de suivi de la province de\u00a0Taourirt\u00a0a tenu, mercredi, une r\u00e9union consacr\u00e9e \u00e0 l\u2019\u00e9valuation et au suivi des mesures proactives prises pour faire face \u00e0 la vague de froid et aux chutes de neige.<\/p>\n<p class=\"c4\">Cette r\u00e9union, pr\u00e9sid\u00e9e par le gouverneur de la province de\u00a0Taourirt, Larbi Touijer, vise \u00e0 \u00e9valuer le plan d\u2019action provincial ayant pour but d\u2019att\u00e9nuer les effets n\u00e9gatifs de la vague de froid sur la population, en particulier dans les zones rurales et enclav\u00e9es, dans le cadre de la mise en \u0153uvre des Hautes Instructions royales visant \u00e0 accorder un int\u00e9r\u00eat particulier aux habitants des zones montagneuses et \u00e0 leur apporter l\u2019assistance et l\u2019aide n\u00e9cessaires pendant les p\u00e9riodes de chute de pluie et de neige.<\/p>\n<p class=\"c4\">Intervenant lors de cette r\u00e9union, \u00e0 laquelle ont pris part notamment les repr\u00e9sentants des autorit\u00e9s, les chefs des services ext\u00e9rieurs, les pr\u00e9sidents des communes concern\u00e9es et des personnalit\u00e9s civiles et militaires, M. Touijer a indiqu\u00e9 que l\u2019autorit\u00e9 provinciale a mis en place un plan d\u2019action et d\u2019intervention int\u00e9gr\u00e9 qui d\u00e9termine les zones concern\u00e9es par la vague de froid, tout en analysant les donn\u00e9es relatives \u00e0 la population de ces zones.<\/p>\n<p class=\"c4\">Il s\u2019agit de 13 douars situ\u00e9s \u00e0 plus de 1.500 m d\u2019altitude et qui rel\u00e8vent de cinq communes territoriales, \u00e0 savoir Tancherfi, Sidi Lahcen, Sidi Ali Belkacem, El Atef et Oulad Mhamed, a-t-il pr\u00e9cis\u00e9, ajoutant qu\u2019il a \u00e9t\u00e9 proc\u00e9d\u00e9 \u00e0 l\u2019analyse des donn\u00e9es socio-\u00e9conomiques de ces zones et au recensement des personnes \u00e2g\u00e9es et souffrant de maladies chroniques et des femmes enceintes, en plus de l\u2019am\u00e9nagement de lieux d\u2019h\u00e9bergement pour les sans-abri et du suivi de la situation sur les axes routiers de la province.<\/p>\n<p class=\"c4\">Afin d\u2019assurer l\u2019efficacit\u00e9 des interventions de l\u2019autorit\u00e9 provinciale, des services ext\u00e9rieurs et des communes territoriales, il est n\u00e9cessaire de mobiliser l\u2019ensemble des moyens logistiques et des ressources humaines relevant aussi bien de l\u2019Etat que des communes et du secteur priv\u00e9, a soulign\u00e9 M. Touijer.<\/p>\n<p class=\"c4\">Le gouverneur a aussi appel\u00e9 \u00e0 la conjugaison des efforts de l\u2019ensemble des intervenants afin d\u2019apporter aide et assistance aux citoyens vivant dans les zones touch\u00e9es par les chutes de neige et att\u00e9nuer les effets de la vague de froid, en vue de contribuer au d\u00e9senclavement des douars cibles, dans un esprit de responsabilit\u00e9 et selon une approche proactive et une m\u00e9thodologie efficace.<\/p>\n<p class=\"c4\">Par la suite, des expos\u00e9s ont \u00e9t\u00e9 pr\u00e9sent\u00e9s par le chef de la Division des affaires internes et les repr\u00e9sentants de la Protection civile, de l\u2019Entraide nationale, de la M\u00e9t\u00e9orologie nationale et des d\u00e9partements de l\u2019Equipement, de la Sant\u00e9, de l\u2019Education nationale, de l\u2019Agriculture et des Eaux et for\u00eats, concernant les interventions de ces services dans le cadre du plan d\u2019action provincial.<\/p>\n<p class=\"c4\">Selon ces expos\u00e9s, les 13 douars cibles comptent un total de 1.271 m\u00e9nages et 6.151 personnes. Ils ont b\u00e9n\u00e9fici\u00e9 de la distribution de 20 st\u00e8res (6.000 kg) de bois de chauffage de la part de la direction provinciale des Eaux et for\u00eats, en plus de 7.000 kg de charbon consacr\u00e9s par la direction provinciale de l\u2019Education nationale au chauffage de 143 unit\u00e9s scolaires.<\/p>\n<p class=\"c4\">Par ailleurs, il a \u00e9t\u00e9 proc\u00e9d\u00e9 \u00e0 l\u2019am\u00e9nagement de 5 pistes d\u2019atterrissage d\u2019h\u00e9licopt\u00e8res pour \u00eatre utilis\u00e9es en cas de besoin, en plus de la mobilisation d\u2019importants moyens et \u00e9quipements de d\u00e9neigement des routes et pistes et la d\u00e9termination des besoins en denr\u00e9es alimentaires, en couvertures et en h\u00e9bergement, entre autres.<\/p>\n<p class=\"c4\">L\u2019accent a \u00e9galement \u00e9t\u00e9 mis, durant cette r\u00e9union, sur les actions men\u00e9es dans le cadre de l\u2019op\u00e9ration \u00abRiaya 2019-2020\u00bb, lanc\u00e9e en application des Hautes instructions de SM le Roi Mohammed VI dans le but d\u2019assurer la couverture sanitaire aux habitants des zones touch\u00e9es par la vague de froid et les chutes de neige.<\/p>\n<p class=\"c4\">A noter que quatre caravanes m\u00e9dicales seront organis\u00e9es entre d\u00e9cembre 2019 et f\u00e9vrier 2020 \u00e0\u00a0Taourirt\u00a0et El Ayoun et dans les communes de Tancherfi, Sidi Ali Belkacem et Sidi Lahcen, destin\u00e9es essentiellement aux habitants des zones concern\u00e9es par la vague de froid.<\/p>\n<p class=\"c4\">En ce qui concerne les actions de sauvegarde du cheptel, la direction provinciale de l\u2019Agriculture de\u00a0Taourirt\u00a0a proc\u00e9d\u00e9 \u00e0 la distribution de 21.000 quintaux d\u2019orge subventionn\u00e9e au profit de plus de 6.700 b\u00e9n\u00e9ficiaires, alors qu\u2019un nouvel appel d\u2019offres a \u00e9t\u00e9 lanc\u00e9 pour la distribution d\u2019une quantit\u00e9 suppl\u00e9mentaire de 20.000 quintaux. L\u2019ouverture des plis est pr\u00e9vue le 10 d\u00e9cembre courant.<\/p>\n<p>Auteur: Soufiane ELAHMAR<br \/>\n<a href=\"http:\/\/www.mapoujda.ma\/fr\/reunion-de-suivi-des-mesures-deployees-contre-le-froid\/\">Cliquez ici pour lire l&rsquo;article depuis sa source.<\/a><\/p>\n","protected":false},"excerpt":{"rendered":"<p>Le Comit\u00e9 de vigilance et de suivi de la province de\u00a0Taourirt\u00a0a tenu, mercredi, une r\u00e9union consacr\u00e9e \u00e0 l\u2019\u00e9valuation et au suivi des mesures proactives prises pour faire face \u00e0 la vague de froid et aux chutes de neige. Cette r\u00e9union, pr\u00e9sid\u00e9e par le gouverneur de la province de\u00a0Taourirt, Larbi Touijer, vise \u00e0 \u00e9valuer le plan [&hellip;]<\/p>\n","protected":false},"author":1788,"featured_media":0,"comment_status":"closed","ping_status":"closed","sticky":false,"template":"","format":"standard","meta":{"fifu_image_url":"","fifu_image_alt":"","footnotes":""},"categories":[54,76],"tags":[],"class_list":["post-69401","post","type-post","status-publish","format-standard","hentry","category-maroc","category-regions"],"_links":{"self":[{"href":"https:\/\/linitiative.ca\/International\/wp-json\/wp\/v2\/posts\/69401","targetHints":{"allow":["GET"]}}],"collection":[{"href":"https:\/\/linitiative.ca\/International\/wp-json\/wp\/v2\/posts"}],"about":[{"href":"https:\/\/linitiative.ca\/International\/wp-json\/wp\/v2\/types\/post"}],"author":[{"embeddable":true,"href":"https:\/\/linitiative.ca\/International\/wp-json\/wp\/v2\/users\/1788"}],"replies":[{"embeddable":true,"href":"https:\/\/linitiative.ca\/International\/wp-json\/wp\/v2\/comments?post=69401"}],"version-history":[{"count":0,"href":"https:\/\/linitiative.ca\/International\/wp-json\/wp\/v2\/posts\/69401\/revisions"}],"wp:attachment":[{"href":"https:\/\/linitiative.ca\/International\/wp-json\/wp\/v2\/media?parent=69401"}],"wp:term":[{"taxonomy":"category","embeddable":true,"href":"https:\/\/linitiative.ca\/International\/wp-json\/wp\/v2\/categories?post=69401"},{"taxonomy":"post_tag","embeddable":true,"href":"https:\/\/linitiative.ca\/International\/wp-json\/wp\/v2\/tags?post=69401"}],"curies":[{"name":"wp","href":"https:\/\/api.w.org\/{rel}","templated":true}]}}