{"id":69404,"date":"2019-12-05T08:43:15","date_gmt":"2019-12-05T13:43:15","guid":{"rendered":"https:\/\/linitiative.ca\/International\/province-de-driouch-secousse-tellurique-de-magnitude-4\/"},"modified":"2019-12-05T08:43:15","modified_gmt":"2019-12-05T13:43:15","slug":"province-de-driouch-secousse-tellurique-de-magnitude-4","status":"publish","type":"post","link":"https:\/\/linitiative.ca\/International\/province-de-driouch-secousse-tellurique-de-magnitude-4\/","title":{"rendered":"Province de Driouch: Secousse tellurique de magnitude 4"},"content":{"rendered":"<div class=\"single-featured\"><img alt=\"\" data-src=\"http:\/\/www.mapoujda.ma\/map\/uploads\/2019\/11\/secousse-tellurique-M750\u00d7430-DR.jpg\"\/><\/div>\n<div class=\"entry-content clearfix single-post-content\" readability=\"49\">\n<p class=\"c4\">Une secousse tellurique, d\u2019une magnitude de 4,0 degr\u00e9s sur l\u2019\u00e9chelle de Richter, a \u00e9t\u00e9 enregistr\u00e9e jeudi dans la province de Driouch, a indiqu\u00e9 l\u2019Institut national de g\u00e9ophysique (ING).<\/p>\n<p class=\"c4\">La secousse, dont l\u2019\u00e9picentre est situ\u00e9 dans la commune Talilit, s\u2019est produite \u00e0 12H27min21sec (GMT+1), a pr\u00e9cis\u00e9 le R\u00e9seau national de surveillance et d\u2019alerte sismique de l\u2019ING dans un bulletin d\u2019alerte sismique.<\/p>\n<p class=\"c4\">La secousse ressentie est d\u2019une profondeur de 16 km, d\u2019une latitude de 35.167 \u00b0N et d\u2019une longitude de 3.520 \u00b0W, a ajout\u00e9 la m\u00eame source.<\/p>\n<\/div>\n<p>Auteur: Soufiane ELAHMAR<br \/>\n<a href=\"http:\/\/www.mapoujda.ma\/fr\/province-de-driouch-secousse-tellurique-de-magnitude-4\/\">Cliquez ici pour lire l&rsquo;article depuis sa source.<\/a><\/p>\n","protected":false},"excerpt":{"rendered":"<p>Une secousse tellurique, d\u2019une magnitude de 4,0 degr\u00e9s sur l\u2019\u00e9chelle de Richter, a \u00e9t\u00e9 enregistr\u00e9e jeudi dans la province de Driouch, a indiqu\u00e9 l\u2019Institut national de g\u00e9ophysique (ING). La secousse, dont l\u2019\u00e9picentre est situ\u00e9 dans la commune Talilit, s\u2019est produite \u00e0 12H27min21sec (GMT+1), a pr\u00e9cis\u00e9 le R\u00e9seau national de surveillance et d\u2019alerte sismique de l\u2019ING [&hellip;]<\/p>\n","protected":false},"author":1788,"featured_media":69405,"comment_status":"closed","ping_status":"closed","sticky":false,"template":"","format":"standard","meta":{"fifu_image_url":"","fifu_image_alt":"","footnotes":""},"categories":[54,76],"tags":[],"class_list":["post-69404","post","type-post","status-publish","format-standard","has-post-thumbnail","hentry","category-maroc","category-regions"],"_links":{"self":[{"href":"https:\/\/linitiative.ca\/International\/wp-json\/wp\/v2\/posts\/69404","targetHints":{"allow":["GET"]}}],"collection":[{"href":"https:\/\/linitiative.ca\/International\/wp-json\/wp\/v2\/posts"}],"about":[{"href":"https:\/\/linitiative.ca\/International\/wp-json\/wp\/v2\/types\/post"}],"author":[{"embeddable":true,"href":"https:\/\/linitiative.ca\/International\/wp-json\/wp\/v2\/users\/1788"}],"replies":[{"embeddable":true,"href":"https:\/\/linitiative.ca\/International\/wp-json\/wp\/v2\/comments?post=69404"}],"version-history":[{"count":0,"href":"https:\/\/linitiative.ca\/International\/wp-json\/wp\/v2\/posts\/69404\/revisions"}],"wp:featuredmedia":[{"embeddable":true,"href":"https:\/\/linitiative.ca\/International\/wp-json\/"}],"wp:attachment":[{"href":"https:\/\/linitiative.ca\/International\/wp-json\/wp\/v2\/media?parent=69404"}],"wp:term":[{"taxonomy":"category","embeddable":true,"href":"https:\/\/linitiative.ca\/International\/wp-json\/wp\/v2\/categories?post=69404"},{"taxonomy":"post_tag","embeddable":true,"href":"https:\/\/linitiative.ca\/International\/wp-json\/wp\/v2\/tags?post=69404"}],"curies":[{"name":"wp","href":"https:\/\/api.w.org\/{rel}","templated":true}]}}