{"id":69410,"date":"2019-12-05T15:14:19","date_gmt":"2019-12-05T20:14:19","guid":{"rendered":"https:\/\/linitiative.ca\/International\/ligue-1-2-real-madrid-marcelo-absent-3-semaines\/"},"modified":"2019-12-05T15:14:19","modified_gmt":"2019-12-05T20:14:19","slug":"ligue-1-2-real-madrid-marcelo-absent-3-semaines","status":"publish","type":"post","link":"https:\/\/linitiative.ca\/International\/ligue-1-2-real-madrid-marcelo-absent-3-semaines\/","title":{"rendered":"Ligue 1 &amp; 2 : Real Madrid: Marcelo absent 3 semaines"},"content":{"rendered":"<div readability=\"32\">\n<p>Auteur : <span class=\"time\">jeudi 05 d\u00e9cembre 2019 14:27<\/span><\/p>\n<\/div>\n<div id=\"post_core\" readability=\"39\">\n<p>Encore une mauvaise nouvelle pour le Real Madrid. Alors qu&rsquo;Eden Hazard devrait \u00eatre absent entre 4 et 6 semaines, le club merengue annonce que son lat\u00e9ral gauche Marcelo souffre d&rsquo;une d\u00e9chirure au mollet gauche qui devrait le tenir \u00e9loign\u00e9 des terrains pendant au moins trois semaines. Le d\u00e9fenseur madril\u00e8ne manquera donc, lui aussi, le Clasico face au FC Barcelone, le 18 d\u00e9cembre rapporte Maxifoot.fr.<\/p>\n<p><strong>Publi\u00e9 dans :<\/strong> <span>marcelo<\/span><\/p>\n<\/div>\n<p>Auteur:<br \/>\n<a href=\"http:\/\/www.lebuteur.com\/article\/detail?titre=real-madrid-marcelo-absent-3-semaines&#038;id=93387&#038;utm_source=feedburner&#038;utm_medium=feed&#038;utm_campaign=Feed%3A+GalerieFArtciles+%28Les+derniers+articles++-+lebuteur.com%29\">Cliquez ici pour lire l&rsquo;article depuis sa source.<\/a><\/p>\n","protected":false},"excerpt":{"rendered":"<p>Auteur : jeudi 05 d\u00e9cembre 2019 14:27 Encore une mauvaise nouvelle pour le Real Madrid. Alors qu&rsquo;Eden Hazard devrait \u00eatre absent entre 4 et 6 semaines, le club merengue annonce que son lat\u00e9ral gauche Marcelo souffre d&rsquo;une d\u00e9chirure au mollet gauche qui devrait le tenir \u00e9loign\u00e9 des terrains pendant au moins trois semaines. Le d\u00e9fenseur [&hellip;]<\/p>\n","protected":false},"author":1738,"featured_media":69411,"comment_status":"closed","ping_status":"closed","sticky":false,"template":"","format":"standard","meta":{"fifu_image_url":"","fifu_image_alt":"","footnotes":""},"categories":[53,75],"tags":[],"class_list":["post-69410","post","type-post","status-publish","format-standard","has-post-thumbnail","hentry","category-algerie","category-sport"],"_links":{"self":[{"href":"https:\/\/linitiative.ca\/International\/wp-json\/wp\/v2\/posts\/69410","targetHints":{"allow":["GET"]}}],"collection":[{"href":"https:\/\/linitiative.ca\/International\/wp-json\/wp\/v2\/posts"}],"about":[{"href":"https:\/\/linitiative.ca\/International\/wp-json\/wp\/v2\/types\/post"}],"author":[{"embeddable":true,"href":"https:\/\/linitiative.ca\/International\/wp-json\/wp\/v2\/users\/1738"}],"replies":[{"embeddable":true,"href":"https:\/\/linitiative.ca\/International\/wp-json\/wp\/v2\/comments?post=69410"}],"version-history":[{"count":0,"href":"https:\/\/linitiative.ca\/International\/wp-json\/wp\/v2\/posts\/69410\/revisions"}],"wp:featuredmedia":[{"embeddable":true,"href":"https:\/\/linitiative.ca\/International\/wp-json\/"}],"wp:attachment":[{"href":"https:\/\/linitiative.ca\/International\/wp-json\/wp\/v2\/media?parent=69410"}],"wp:term":[{"taxonomy":"category","embeddable":true,"href":"https:\/\/linitiative.ca\/International\/wp-json\/wp\/v2\/categories?post=69410"},{"taxonomy":"post_tag","embeddable":true,"href":"https:\/\/linitiative.ca\/International\/wp-json\/wp\/v2\/tags?post=69410"}],"curies":[{"name":"wp","href":"https:\/\/api.w.org\/{rel}","templated":true}]}}