{"id":69412,"date":"2019-12-05T15:14:21","date_gmt":"2019-12-05T20:14:21","guid":{"rendered":"https:\/\/linitiative.ca\/International\/international-real-madrid-le-verdict-tombe-pour-hazard\/"},"modified":"2019-12-05T15:14:21","modified_gmt":"2019-12-05T20:14:21","slug":"international-real-madrid-le-verdict-tombe-pour-hazard","status":"publish","type":"post","link":"https:\/\/linitiative.ca\/International\/international-real-madrid-le-verdict-tombe-pour-hazard\/","title":{"rendered":"International : Real Madrid: le verdict tombe pour Hazard"},"content":{"rendered":"<div readability=\"32\">\n<p>Auteur : <span class=\"time\">jeudi 05 d\u00e9cembre 2019 14:28<\/span><\/p>\n<\/div>\n<div id=\"post_core\" readability=\"39\">\n<p>Le Real Madrid avait raison d&rsquo;\u00eatre inquiet pour Eden Hazard, sorti sur blessure contre le PSG (2-2), le 26 novembre. Dans un communiqu\u00e9 ce jeudi, le club madril\u00e8ne annonce que les derniers examens pratiqu\u00e9s ont r\u00e9v\u00e9l\u00e9 une \u00ab\u00a0microfissure\u00a0\u00bb \u00e0 la cheville pour son ailier belge. Si la Maison Blanche ne pr\u00e9cise pas la dur\u00e9e de son indisponibilit\u00e9, le quotidien espagnol AS \u00e9voque une absence de 4 \u00e0 6 semaines. Hazard sera donc forfait pour le Clasico face au FC Barcelone le 18 d\u00e9cembre prochain rapporte Maxifoot.fr.<\/p>\n<p><strong>Publi\u00e9 dans :<\/strong> <span>Hazard<\/span><\/p>\n<\/div>\n<p>Auteur:<br \/>\n<a href=\"http:\/\/www.lebuteur.com\/article\/detail?titre=real-madrid-le-verdict-tombe-pour-hazard&#038;id=93388&#038;utm_source=feedburner&#038;utm_medium=feed&#038;utm_campaign=Feed%3A+GalerieFArtciles+%28Les+derniers+articles++-+lebuteur.com%29\">Cliquez ici pour lire l&rsquo;article depuis sa source.<\/a><\/p>\n","protected":false},"excerpt":{"rendered":"<p>Auteur : jeudi 05 d\u00e9cembre 2019 14:28 Le Real Madrid avait raison d&rsquo;\u00eatre inquiet pour Eden Hazard, sorti sur blessure contre le PSG (2-2), le 26 novembre. Dans un communiqu\u00e9 ce jeudi, le club madril\u00e8ne annonce que les derniers examens pratiqu\u00e9s ont r\u00e9v\u00e9l\u00e9 une \u00ab\u00a0microfissure\u00a0\u00bb \u00e0 la cheville pour son ailier belge. Si la Maison [&hellip;]<\/p>\n","protected":false},"author":1738,"featured_media":69413,"comment_status":"closed","ping_status":"closed","sticky":false,"template":"","format":"standard","meta":{"fifu_image_url":"","fifu_image_alt":"","footnotes":""},"categories":[53,75],"tags":[],"class_list":["post-69412","post","type-post","status-publish","format-standard","has-post-thumbnail","hentry","category-algerie","category-sport"],"_links":{"self":[{"href":"https:\/\/linitiative.ca\/International\/wp-json\/wp\/v2\/posts\/69412","targetHints":{"allow":["GET"]}}],"collection":[{"href":"https:\/\/linitiative.ca\/International\/wp-json\/wp\/v2\/posts"}],"about":[{"href":"https:\/\/linitiative.ca\/International\/wp-json\/wp\/v2\/types\/post"}],"author":[{"embeddable":true,"href":"https:\/\/linitiative.ca\/International\/wp-json\/wp\/v2\/users\/1738"}],"replies":[{"embeddable":true,"href":"https:\/\/linitiative.ca\/International\/wp-json\/wp\/v2\/comments?post=69412"}],"version-history":[{"count":0,"href":"https:\/\/linitiative.ca\/International\/wp-json\/wp\/v2\/posts\/69412\/revisions"}],"wp:featuredmedia":[{"embeddable":true,"href":"https:\/\/linitiative.ca\/International\/wp-json\/"}],"wp:attachment":[{"href":"https:\/\/linitiative.ca\/International\/wp-json\/wp\/v2\/media?parent=69412"}],"wp:term":[{"taxonomy":"category","embeddable":true,"href":"https:\/\/linitiative.ca\/International\/wp-json\/wp\/v2\/categories?post=69412"},{"taxonomy":"post_tag","embeddable":true,"href":"https:\/\/linitiative.ca\/International\/wp-json\/wp\/v2\/tags?post=69412"}],"curies":[{"name":"wp","href":"https:\/\/api.w.org\/{rel}","templated":true}]}}