{"id":69414,"date":"2019-12-05T15:14:22","date_gmt":"2019-12-05T20:14:22","guid":{"rendered":"https:\/\/linitiative.ca\/International\/international-juventus-zlatan-se-paie-cr7\/"},"modified":"2019-12-05T15:14:22","modified_gmt":"2019-12-05T20:14:22","slug":"international-juventus-zlatan-se-paie-cr7","status":"publish","type":"post","link":"https:\/\/linitiative.ca\/International\/international-juventus-zlatan-se-paie-cr7\/","title":{"rendered":"International : Juventus: Zlatan se paie CR7 !"},"content":{"rendered":"<div readability=\"32\">\n<p>Auteur : <span class=\"time\">jeudi 05 d\u00e9cembre 2019 19:22<\/span><\/p>\n<\/div>\n<div id=\"post_core\" readability=\"42\">\n<p>Zlatan Ibrahimovic (38 ans) pr\u00e9pare le terrain avant son retour en Italie. Alors que l&rsquo;attaquant su\u00e9dois est attendu au Milan AC, il a profit\u00e9 d&rsquo;un entretien accord\u00e9 \u00e0 GQ pour balancer quelques piques \u00e0 l&rsquo;attaquant de la Juventus Turin, Cristiano Ronaldo. A la question \u00ab\u00a0Trouverez-vous le vrai Ronaldo ici en Italie ?\u00a0\u00bb, l&rsquo;ancien attaquant du PSG a r\u00e9pondu : \u00ab\u00a0Pas du tout. Le vrai Ronaldo est br\u00e9silien. Cristiano n&rsquo;a pas un talent naturel, c&rsquo;est le fruit de beaucoup de travail.\u00a0\u00bb Et de poursuivre : \u00ab\u00a0Il a sign\u00e9 pour une \u00e9quipe qui a remport\u00e9 la Serie A sept fois d&rsquo;affil\u00e9e. Aller dans un club comme celui-l\u00e0 n&rsquo;est pas un d\u00e9fi. S&rsquo;il voulait un d\u00e9fi, il fallait signer \u00e0 la Juve lorsqu&rsquo;elle \u00e9tait en Serie B pour la ramener au sommet.\u00a0\u00bb Voil\u00e0 qui promet quelques confrontations \u00e9lectriques en Italie rapporte Maxifoot.fr&#8230;<\/p>\n<p><strong>Publi\u00e9 dans :<\/strong> <span>zlatan<\/span> <span>CR7<\/span><\/p>\n<\/div>\n<p>Auteur:<br \/>\n<a href=\"http:\/\/www.lebuteur.com\/article\/detail?titre=juventus-zlatan-se-paie-cr7&#038;id=93389&#038;utm_source=feedburner&#038;utm_medium=feed&#038;utm_campaign=Feed%3A+GalerieFArtciles+%28Les+derniers+articles++-+lebuteur.com%29\">Cliquez ici pour lire l&rsquo;article depuis sa source.<\/a><\/p>\n","protected":false},"excerpt":{"rendered":"<p>Auteur : jeudi 05 d\u00e9cembre 2019 19:22 Zlatan Ibrahimovic (38 ans) pr\u00e9pare le terrain avant son retour en Italie. Alors que l&rsquo;attaquant su\u00e9dois est attendu au Milan AC, il a profit\u00e9 d&rsquo;un entretien accord\u00e9 \u00e0 GQ pour balancer quelques piques \u00e0 l&rsquo;attaquant de la Juventus Turin, Cristiano Ronaldo. A la question \u00ab\u00a0Trouverez-vous le vrai Ronaldo [&hellip;]<\/p>\n","protected":false},"author":1738,"featured_media":69415,"comment_status":"closed","ping_status":"closed","sticky":false,"template":"","format":"standard","meta":{"fifu_image_url":"","fifu_image_alt":"","footnotes":""},"categories":[53,75],"tags":[],"class_list":["post-69414","post","type-post","status-publish","format-standard","has-post-thumbnail","hentry","category-algerie","category-sport"],"_links":{"self":[{"href":"https:\/\/linitiative.ca\/International\/wp-json\/wp\/v2\/posts\/69414","targetHints":{"allow":["GET"]}}],"collection":[{"href":"https:\/\/linitiative.ca\/International\/wp-json\/wp\/v2\/posts"}],"about":[{"href":"https:\/\/linitiative.ca\/International\/wp-json\/wp\/v2\/types\/post"}],"author":[{"embeddable":true,"href":"https:\/\/linitiative.ca\/International\/wp-json\/wp\/v2\/users\/1738"}],"replies":[{"embeddable":true,"href":"https:\/\/linitiative.ca\/International\/wp-json\/wp\/v2\/comments?post=69414"}],"version-history":[{"count":0,"href":"https:\/\/linitiative.ca\/International\/wp-json\/wp\/v2\/posts\/69414\/revisions"}],"wp:featuredmedia":[{"embeddable":true,"href":"https:\/\/linitiative.ca\/International\/wp-json\/"}],"wp:attachment":[{"href":"https:\/\/linitiative.ca\/International\/wp-json\/wp\/v2\/media?parent=69414"}],"wp:term":[{"taxonomy":"category","embeddable":true,"href":"https:\/\/linitiative.ca\/International\/wp-json\/wp\/v2\/categories?post=69414"},{"taxonomy":"post_tag","embeddable":true,"href":"https:\/\/linitiative.ca\/International\/wp-json\/wp\/v2\/tags?post=69414"}],"curies":[{"name":"wp","href":"https:\/\/api.w.org\/{rel}","templated":true}]}}