{"id":69417,"date":"2019-12-05T10:30:00","date_gmt":"2019-12-05T15:30:00","guid":{"rendered":"https:\/\/linitiative.ca\/International\/reunion-du-gouvernement-facilitation-des-mesures-appliquees-sur-le-transport-de-marchandises-dans-les-zones-frontalieres\/"},"modified":"2019-12-05T10:30:00","modified_gmt":"2019-12-05T15:30:00","slug":"reunion-du-gouvernement-facilitation-des-mesures-appliquees-sur-le-transport-de-marchandises-dans-les-zones-frontalieres","status":"publish","type":"post","link":"https:\/\/linitiative.ca\/International\/reunion-du-gouvernement-facilitation-des-mesures-appliquees-sur-le-transport-de-marchandises-dans-les-zones-frontalieres\/","title":{"rendered":"R\u00e9union du Gouvernement : Facilitation des mesures appliqu\u00e9es sur le transport de marchandises dans les zones frontali\u00e8res"},"content":{"rendered":"<p>Le Premier Ministre Nourredine Bedoui, a affirm\u00e9 Mercredi, que la facilitation de la circulation de certaines marchandises dans la zone terrestre du rayon des douanes, rev\u00eatait une importance particuli\u00e8re, ajoutant qu&rsquo;elle permettra de solutionner un probl\u00e8me proc\u00e9dural dont ont souffert nos citoyens dans ces zones (touchant pr\u00e8s de 40% des populations de ces r\u00e9gions), outre ses effets n\u00e9fastes sur l&rsquo;\u00e9conomie nationale et la dynamique de d\u00e9veloppement dans ces r\u00e9gions.<\/p>\n<p>Le Premier Ministre s\u2019exprimait lors de la r\u00e9union tenue mercredi 4 d\u00e9cembre 2019, sous la pr\u00e9sidence du Premier ministre, Nourredine Bedoui. Le Gouvernement \u00a0a examin\u00e9 et d\u00e9battu des projets de d\u00e9crets ex\u00e9cutifs, des expos\u00e9s et des march\u00e9s en gr\u00e9 \u00e0 gr\u00e9 simple concernant les secteurs de l&rsquo;Int\u00e9rieur, des Finances, des Affaires religieuses, de l&rsquo;Education, de l&rsquo;Enseignement sup\u00e9rieur, de la Jeunesse et des Sports, de l&rsquo;Habitat, du Commerce, des Ressources en eau, de la Sant\u00e9 et du Travail.<\/p>\n<p>Premi\u00e8rement: le Gouvernement a entam\u00e9 sa r\u00e9union par l&rsquo;examen et l&rsquo;adoption d&rsquo;un projet de d\u00e9cret ex\u00e9cutif modifiant et compl\u00e9tant le d\u00e9cret ex\u00e9cutif N 18-300 du 26 novembre 2018 relatif \u00e0 la circulation de certaines marchandises dans la zone terrestre du rayon des douanes, pr\u00e9sent\u00e9 par le ministre des Finances.<\/p>\n<p><strong>Facilitation des mesures appliqu\u00e9es sur le transport de marchandises dans les zones frontali\u00e8res<\/strong><\/p>\n<p>Ce texte de loi vise \u00e0 simplifier les proc\u00e9dures relatives aux autorisations de transport de marchandises en vue de faciliter l&rsquo;approvisionnement des populations dans la zone terrestre du rayon des douanes, tout en tenant compte des exigences de contr\u00f4le stipul\u00e9es dans le Code des douanes, visant la lutte contre le ph\u00e9nom\u00e8ne de la contrebande. Intervenant au terme de cet expos\u00e9, \u00a0Le Premier Ministre a soutenu que\u00a0 \u00ab\u00a0 la lutte contre la contrebande \u00e9tait une question nationale qui ne concerne pas uniquement le corps des douanes \u00bb, se f\u00e9licitant des r\u00e9alisations majeures accomplies par les corps de s\u00e9curit\u00e9 dans notre pays en la mati\u00e8re. Il a salu\u00e9, \u00e9galement, le r\u00f4le majeur que jouent les forces de l&rsquo;Arm\u00e9e nationale populaire (ANP) dans la lutte contre ce ph\u00e9nom\u00e8ne.<\/p>\n<p>Deuxi\u00e8mement: le Gouvernement a examin\u00e9 et adopt\u00e9 deux projets de d\u00e9crets ex\u00e9cutifs portant r\u00e9alisation d&rsquo;\u00e9tablissements \u00e9ducatifs des cycles moyen et secondaire en sus de l&rsquo;annulation d&rsquo;autres. Ces deux projets de d\u00e9crets ex\u00e9cutifs pr\u00e9voient la r\u00e9alisation de 69 CEM et 49 lyc\u00e9es, outre l&rsquo;annulation de projets de r\u00e9alisation de 13 CEM et de 10 lyc\u00e9es. Dans son intervention \u00e0 l&rsquo;issue de la pr\u00e9sentation des deux textes, le Premier ministre s&rsquo;est f\u00e9licit\u00e9, en particulier, du nombre consid\u00e9rable de nouveaux \u00e9tablissements \u00e9ducatifs r\u00e9ceptionn\u00e9s et mis en service lors de la derni\u00e8re rentr\u00e9e scolaire au profit de nos enfant \u00e0 travers le territoire national, mettant l&rsquo;accent sur l&rsquo;importance de doter ces structures d&rsquo;\u00e9quipements n\u00e9cessaires garantissant les meilleures conditions de scolarisation \u00e0 nos enfants, et de r\u00e9unir les bonnes conditions dont des salles de sport, des logements de fonction et autres, pour son personnel administratif et p\u00e9dagogique .Intervenant au terme de l&rsquo;expos\u00e9, le Premier ministre a indiqu\u00e9 qu&rsquo;il s&rsquo;inscrit dans le cadre de la concr\u00e9tisation de la d\u00e9cision de la r\u00e9alisation de ce p\u00f4le sanitaire moderne et important pour la capitale et qui permettre de promouvoir le niveau de la prise en charge sanitaire de nos citoyens conform\u00e9ment aux normes mondiales, d&rsquo;autant plus que des \u00e9quipes m\u00e9dicales mixtes de comp\u00e9tences nationales de haut niveau veilleront \u00e0 son encadrement, affirmant que le Gouvernement a affect\u00e9 les ressources financi\u00e8res n\u00e9cessaires \u00e0 la concr\u00e9tisation de ce projet. Le Premier ministre a indiqu\u00e9 que ce CHU s&rsquo;inscrivait \u00e9galement dans le cadre d&rsquo;une approche nouvelle dans le domaine de l&rsquo;exploitation des capacit\u00e9s nationales, par la conjugaison des moyens et des efforts entre la Sant\u00e9 civile et la Sant\u00e9 militaire au profit de nos citoyens, \u00e0 travers l&rsquo;\u00e9tablissement de p\u00f4les similaires \u00e0 travers les diff\u00e9rentes r\u00e9gions du pays.\u00a0<\/p>\n<p>Cinqui\u00e8mement: le Gouvernement a entendu un expos\u00e9 pr\u00e9sent\u00e9 par le ministre des Ressources en eau sur le Plan d&rsquo;action de la Soci\u00e9t\u00e9 des eaux et de l&rsquo;assainissement d&rsquo;Alger (SEAAL) pour la p\u00e9riode 2019-2021. L&rsquo;expos\u00e9 a mis en \u00e9vidence une importation am\u00e9lioration enregistr\u00e9e en mati\u00e8re de distribution de l&rsquo;eau potable au profit des habitants de la wilaya d&rsquo;Alger, les 57 communes de la wilaya \u00e9tant aliment\u00e9es avec cette mati\u00e8re vitale 24\/24H.Suite \u00e0 cet expos\u00e9, le Premier ministre s&rsquo;est f\u00e9licit\u00e9 des r\u00e9sultats r\u00e9alis\u00e9s par la SEAAL en mati\u00e8re d&rsquo;alimentation en eau potable, mettant en avant l&rsquo;importance d&rsquo;am\u00e9liorer les prestations fournies au citoyens selon les normes en vigueur \u00e0 l&rsquo;\u00e9chelle internationale, avant d&rsquo;affirmer l&rsquo;acquisition par la Soci\u00e9t\u00e9 nationale de l&rsquo;exp\u00e9rience n\u00e9cessaire devant lui permettre de prendre en charge totalement l&rsquo;aspect li\u00e9 \u00e0 la gestion et l&rsquo;exploiter pour am\u00e9liorer ce service public \u00e0 travers l&rsquo;ensemble des wilayas du pays. Sixi\u00e8mement: le Gouvernement a entendu un expos\u00e9 pr\u00e9sent\u00e9 par le ministre des Finances concernant les mesures devant \u00eatre prises pour r\u00e9duire le d\u00e9ficit de la balance des paiements afin de sauvegarder les r\u00e9serves de change du pays.<\/p>\n<p><strong>Plus de 2 milliards USD \u00e0 fin octobre dernier<\/strong><\/p>\n<p>L&rsquo;expos\u00e9 a port\u00e9 essentiellement sur la pr\u00e9sentation des r\u00e9sultats des d\u00e9cisions prises par le Gouvernement \u00e0 l&rsquo;effet de r\u00e9guler les importations et sauvegarder les r\u00e9serves de changes du pays, notamment dans les domaines de l&rsquo;importation des c\u00e9r\u00e9ales et du transport maritime. L&rsquo;expos\u00e9 a \u00e9galement fait \u00e9tat du parach\u00e8vement de l&rsquo;\u00e9laboration du cahier des charges relatif \u00e0 l&rsquo;organisation de l&rsquo;activit\u00e9 de l&rsquo;Office Alg\u00e9rie Interprofessionnel des C\u00e9r\u00e9ales (OAIC) et de la finalisation du projet de d\u00e9cret ex\u00e9cutif portant cr\u00e9ation de l&rsquo;Autorit\u00e9 de r\u00e9gulation du march\u00e9 des produits alimentaires subventionn\u00e9s.<\/p>\n<p>Intervenant au terme de cet expos\u00e9, le Premier ministre a mis en avant les r\u00e9sultats r\u00e9alis\u00e9s suite aux d\u00e9cisions courageuses prises par le Gouvernement en mati\u00e8re de rationalisation des importation ayant permis d&rsquo;\u00e9conomiser plus de 2 milliards USD \u00e0 fin octobre dernier, un montant qui devrait atteindre 3 milliards USD fin 2019. En conclusion, le Gouvernement a examin\u00e9 et adopt\u00e9 des projets de march\u00e9s en gr\u00e9 \u00e0 gr\u00e9 simple avec des entreprises publiques portant sur les secteurs de l&rsquo;Int\u00e9rieur, des Finances, des Affaires religieuses, de l&rsquo;Habitat, de la Jeunesse et des sports et de la Sant\u00e9.<\/p>\n<p><strong>R\u00e9daction Web<\/strong><\/p>\n<p>Auteur: elmoudjahid<br \/>\n<a href=\"http:\/\/www.elmoudjahid.com\/fr\/actualites\/145379\">Cliquez ici pour lire l&rsquo;article depuis sa source.<\/a><\/p>\n","protected":false},"excerpt":{"rendered":"<p>Le Premier Ministre Nourredine Bedoui, a affirm\u00e9 Mercredi, que la facilitation de la circulation de certaines marchandises dans la zone terrestre du rayon des douanes, rev\u00eatait une importance particuli\u00e8re, ajoutant qu&rsquo;elle permettra de solutionner un probl\u00e8me proc\u00e9dural dont ont souffert nos citoyens dans ces zones (touchant pr\u00e8s de 40% des populations de ces r\u00e9gions), outre [&hellip;]<\/p>\n","protected":false},"author":1744,"featured_media":0,"comment_status":"closed","ping_status":"closed","sticky":false,"template":"","format":"standard","meta":{"fifu_image_url":"","fifu_image_alt":"","footnotes":""},"categories":[73,53],"tags":[],"class_list":["post-69417","post","type-post","status-publish","format-standard","hentry","category-actualite","category-algerie"],"_links":{"self":[{"href":"https:\/\/linitiative.ca\/International\/wp-json\/wp\/v2\/posts\/69417","targetHints":{"allow":["GET"]}}],"collection":[{"href":"https:\/\/linitiative.ca\/International\/wp-json\/wp\/v2\/posts"}],"about":[{"href":"https:\/\/linitiative.ca\/International\/wp-json\/wp\/v2\/types\/post"}],"author":[{"embeddable":true,"href":"https:\/\/linitiative.ca\/International\/wp-json\/wp\/v2\/users\/1744"}],"replies":[{"embeddable":true,"href":"https:\/\/linitiative.ca\/International\/wp-json\/wp\/v2\/comments?post=69417"}],"version-history":[{"count":0,"href":"https:\/\/linitiative.ca\/International\/wp-json\/wp\/v2\/posts\/69417\/revisions"}],"wp:attachment":[{"href":"https:\/\/linitiative.ca\/International\/wp-json\/wp\/v2\/media?parent=69417"}],"wp:term":[{"taxonomy":"category","embeddable":true,"href":"https:\/\/linitiative.ca\/International\/wp-json\/wp\/v2\/categories?post=69417"},{"taxonomy":"post_tag","embeddable":true,"href":"https:\/\/linitiative.ca\/International\/wp-json\/wp\/v2\/tags?post=69417"}],"curies":[{"name":"wp","href":"https:\/\/api.w.org\/{rel}","templated":true}]}}