{"id":69418,"date":"2019-12-05T13:20:00","date_gmt":"2019-12-05T18:20:00","guid":{"rendered":"https:\/\/linitiative.ca\/International\/5e-edition-du-grand-prix-du-roman-2019-assia-djebar-les-trois-meilleurs-primes\/"},"modified":"2019-12-05T13:20:00","modified_gmt":"2019-12-05T18:20:00","slug":"5e-edition-du-grand-prix-du-roman-2019-assia-djebar-les-trois-meilleurs-primes","status":"publish","type":"post","link":"https:\/\/linitiative.ca\/International\/5e-edition-du-grand-prix-du-roman-2019-assia-djebar-les-trois-meilleurs-primes\/","title":{"rendered":"5e \u00e9dition du grand prix du Roman 2019 \u00ab\u00a0Assia Djebar\u00a0\u00bb : Les trois meilleurs prim\u00e9s"},"content":{"rendered":"<p>Le jury a d\u00e9voil\u00e9, jeudi, les laur\u00e9ats de la 5<sup>e<\/sup> \u00e9dition du Grand prix Assia Djebar, lors d&rsquo;une c\u00e9r\u00e9monie solennelle de remise de prix organis\u00e9e au palais de la culture Moufdi Zakaria, en pr\u00e9sence de M. Hassen Rabehi porte-parole du gouvernement, ministre de la communication et ministre de la Culture par int\u00e9rim.<\/p>\n<p>Dans son allocution, le ministre de la Communication, a soulign\u00e9 que le Prix Assia Djebar, qui porte le nom d&rsquo;une \u00e9crivaine et acad\u00e9micienne \u00ab\u00a0attach\u00e9e \u00e0 sa patrie et son identit\u00e9\u00a0\u00bb, contribuait \u00e0 travers sa plume \u00e0 la promotion de la litt\u00e9rature alg\u00e9rienne et du peuple alg\u00e9rien \u00e0 l&rsquo;aire du colonialisme. Il a, en outre, rappel\u00e9 que \u00ab\u00a0Assia Dejbar demeure l&rsquo;une des grandes \u00e9crivaines alg\u00e9riennes qui a marqu\u00e9 de son empreinte la litt\u00e9rature de son pays et \u00e0 l&rsquo;\u00e9tranger. Ainsi, les laur\u00e9ats ont re\u00e7u leur prix, assorti d&rsquo;une r\u00e9compense financi\u00e8re de sept cent mille\u00a0 dinars pour chacune des trois langues. Sur les 95 \u0153uvres en lice dans les trois langues dont les deux langues nationales, trois ont \u00e9t\u00e9 prim\u00e9es. Ainsi, le prix du meilleur roman en langue arabe a \u00e9t\u00e9 d\u00e9cern\u00e9 \u00e0 Kheiri Belkhir \u00a0pour son \u0153uvre \u00ab Noubouate rayka \u00bb (<span dir=\"rtl\">\u0646\u0628\u0648\u0621\u0627\u062a \u0631\u0627\u064a\u0643\u0627<\/span>) de la maison d&rsquo;\u00e9dition khayal. En langue amazigh, le prix est revenu \u00e0\u00a0 Djamel Laceb pour son roman \u00ab Nna Tni \u00bb des \u00e9ditions Imtidad, alors que la meilleure \u0153uvre en langue fran\u00e7aise, le prix a \u00e9t\u00e9 remis \u00e0 l&rsquo;auteur de \u00ab une Valse \u00bb,\u00a0 Lynda Chouiten, apparu aux \u00e9ditions Casbah.<\/p>\n<p><strong>Sihem Oubraham<\/strong><\/p>\n<p>Auteur: elmoudjahid<br \/>\n<a href=\"http:\/\/www.elmoudjahid.com\/fr\/actualites\/145380\">Cliquez ici pour lire l&rsquo;article depuis sa source.<\/a><\/p>\n","protected":false},"excerpt":{"rendered":"<p>Le jury a d\u00e9voil\u00e9, jeudi, les laur\u00e9ats de la 5e \u00e9dition du Grand prix Assia Djebar, lors d&rsquo;une c\u00e9r\u00e9monie solennelle de remise de prix organis\u00e9e au palais de la culture Moufdi Zakaria, en pr\u00e9sence de M. Hassen Rabehi porte-parole du gouvernement, ministre de la communication et ministre de la Culture par int\u00e9rim. Dans son allocution, [&hellip;]<\/p>\n","protected":false},"author":1744,"featured_media":0,"comment_status":"closed","ping_status":"closed","sticky":false,"template":"","format":"standard","meta":{"fifu_image_url":"","fifu_image_alt":"","footnotes":""},"categories":[73,53],"tags":[],"class_list":["post-69418","post","type-post","status-publish","format-standard","hentry","category-actualite","category-algerie"],"_links":{"self":[{"href":"https:\/\/linitiative.ca\/International\/wp-json\/wp\/v2\/posts\/69418","targetHints":{"allow":["GET"]}}],"collection":[{"href":"https:\/\/linitiative.ca\/International\/wp-json\/wp\/v2\/posts"}],"about":[{"href":"https:\/\/linitiative.ca\/International\/wp-json\/wp\/v2\/types\/post"}],"author":[{"embeddable":true,"href":"https:\/\/linitiative.ca\/International\/wp-json\/wp\/v2\/users\/1744"}],"replies":[{"embeddable":true,"href":"https:\/\/linitiative.ca\/International\/wp-json\/wp\/v2\/comments?post=69418"}],"version-history":[{"count":0,"href":"https:\/\/linitiative.ca\/International\/wp-json\/wp\/v2\/posts\/69418\/revisions"}],"wp:attachment":[{"href":"https:\/\/linitiative.ca\/International\/wp-json\/wp\/v2\/media?parent=69418"}],"wp:term":[{"taxonomy":"category","embeddable":true,"href":"https:\/\/linitiative.ca\/International\/wp-json\/wp\/v2\/categories?post=69418"},{"taxonomy":"post_tag","embeddable":true,"href":"https:\/\/linitiative.ca\/International\/wp-json\/wp\/v2\/tags?post=69418"}],"curies":[{"name":"wp","href":"https:\/\/api.w.org\/{rel}","templated":true}]}}