{"id":69429,"date":"2019-12-05T04:07:43","date_gmt":"2019-12-05T09:07:43","guid":{"rendered":"https:\/\/linitiative.ca\/International\/lutte-antiterroriste-en-afrique-pour-le-president-ould-ghazouani-une-bataille-a-ete-perdue-au-sahel\/"},"modified":"2019-12-05T04:07:43","modified_gmt":"2019-12-05T09:07:43","slug":"lutte-antiterroriste-en-afrique-pour-le-president-ould-ghazouani-une-bataille-a-ete-perdue-au-sahel","status":"publish","type":"post","link":"https:\/\/linitiative.ca\/International\/lutte-antiterroriste-en-afrique-pour-le-president-ould-ghazouani-une-bataille-a-ete-perdue-au-sahel\/","title":{"rendered":"Lutte antiterroriste en Afrique : Pour le pr\u00e9sident Ould Ghazouani, \u00abune bataille a \u00e9t\u00e9 perdue au Sahel\u00bb"},"content":{"rendered":"<h4 class=\"title-14\"\/>\n<div class=\"featured_image\"><img loading=\"lazy\" decoding=\"async\" width=\"800\" height=\"450\" src=\"https:\/\/www.elwatan.com\/wp-content\/uploads\/2019\/12\/sahara-col-e1575493840979.png\" class=\"attachment-post-thumbnail size-post-thumbnail wp-post-image\" alt=\"\"\/><span class=\"featured-image-caption\">Le pr\u00e9sident Mohamed Ould Ghazouani se dit convaincu que les pays du Sahel parviendront \u00e0 vaincre le terrorisme<\/span><\/div>\n<p>Le nouveau pr\u00e9sident mauritanien,\u00a0 Mohamed Ould Ghazouani, sugg\u00e8re que tout reste encore \u00e0 faire pour s\u00e9curiser le Sahel, une r\u00e9gion d\u00e9stabilis\u00e9e depuis des ann\u00e9es par une kyrielle de groupes terroristes, dont une partie se revendique de Daech et une autre d\u2019Al Qa\u00eeda.<\/p>\n<p>Dans un entretien accord\u00e9 hier au quotidien fran\u00e7ais Le Monde, il estime d\u2019ailleurs que \u00abla situation n\u2019est pas bonne du tout\u00bb actuellement. M\u00eame si pour lui \u00abbeaucoup d\u2019efforts sont faits par la communaut\u00e9 internationale et par les pays de la r\u00e9gion\u00bb, il n\u2019en demeure pas moins qu\u2019il \u00abpense que la force conjointe du G5 Sahel (Mauritanie, Mali, Niger, Burkina Faso, Tchad) n\u2019a pas eu ce qu\u2019elle m\u00e9rite ni ce qui lui avait \u00e9t\u00e9 promis\u00bb. D\u2019o\u00f9 la difficult\u00e9 rencontr\u00e9e par la lutte contre le terrorisme au Sahel.<\/p>\n<p>Les pays de la r\u00e9gion parviendront-ils \u00e0 enrayer les violences ? Mohamed Ould Ghazouani s\u2019est dit convaincu qu\u2019\u00abils y parviendront\u00bb. \u00abNous, les Mauritaniens, \u00e9tions dans la m\u00eame situation il n\u2019y a pas si longtemps. Face \u00e0 ce genre de menaces, il faut \u00eatre suffisamment pr\u00e9par\u00e9. Et pour le moment, ce n\u2019est pas bon. Mais cela ne veut pas dire que c\u2019est d\u00e9finitif. D\u2019une certaine fa\u00e7on, une bataille a \u00e9t\u00e9 perdue, mais il y a encore du temps pour se r\u00e9organiser et prendre les mesures n\u00e9cessaires. Il faut de la volont\u00e9, cela se cr\u00e9e, et \u00e7a commence par de la volont\u00e9 politique\u00bb, a-t-il expliqu\u00e9.<\/p>\n<p><strong>La mort du G5 Sahel\u00a0?<\/strong><\/p>\n<p>A la question de savoir s\u2019il est vraiment utile de garder la force du G5 Sahel, le pr\u00e9sident mauritanien a r\u00e9pondu que \u00abpersonne n\u2019a int\u00e9r\u00eat \u00e0 revenir en arri\u00e8re alors qu\u2019une dynamique a \u00e9t\u00e9 cr\u00e9\u00e9e\u00bb. \u00abLe G5 est un regroupement (d\u2019arm\u00e9es sah\u00e9liennes) qui r\u00e9ussit bien. Si on fait le bilan, malgr\u00e9 ses difficult\u00e9s et au regard de sa jeunesse, ce n\u2019est pas mal du tout. Personnellement, je n\u2019ai aucun doute sur l\u2019efficacit\u00e9 du G5.<\/p>\n<p>Le temps n\u2019est pas au beau fixe, mais si on comparait le G5 \u00e0 d\u2019autres (forces conjointes), on ne le trouverait pas en de\u00e7\u00e0 de leur niveau\u00bb, a-t-il ajout\u00e9. Mohamed Ould Ghazouani, qui a souvent regrett\u00e9 le niveau exorbitant des d\u00e9penses consacr\u00e9es par les pays du Sahel \u00e0 la s\u00e9curit\u00e9, n\u2019entend cependant pas r\u00e9duire le budget de la d\u00e9fense de la Mauritanie au profit du social. \u00abJ\u2019ai dit cela pour attirer l\u2019attention de la communaut\u00e9 internationale sur la situation des pays du Sahel, qui d\u00e9pensent beaucoup d\u2019argent pour ce secteur.<\/p>\n<p>En temps normal, l\u2019accent serait mis sur le social. Mais sachant que l\u2019on ne peut pas faire de d\u00e9veloppement sans une situation de s\u00e9curit\u00e9 convenable, pour ce qui nous concerne, nous n\u2019allons pas diminuer le budget consacr\u00e9 \u00e0 notre s\u00e9curit\u00e9\u00bb, a-t-il expliqu\u00e9. Invit\u00e9 \u00e0 se prononcer sur la remise en cause au Mali et au Burkina Faso de la pr\u00e9sence militaire fran\u00e7aise et notamment de la force \u00abBarkhane\u00bb, le pr\u00e9sident mauritanien a r\u00e9pondu : \u00abJe ne peux pas me permettre de donner des le\u00e7ons \u00e0 la France. Ce n\u2019est pas mon r\u00f4le de dire si \u2018\u2018Barkhane\u2019\u2019 doit partir ou rester.\u00bb<\/p>\n<p><strong>D\u00e9calage et m\u00e9sentente<\/strong><\/p>\n<p>Au plan interne, Mohamed Ould Ghazouani a confirm\u00e9 qu\u2019il existait des divergences avec son pr\u00e9d\u00e9cesseur, Mohamed Ould Abdel Aziz. Il a tenu toutefois \u00e0 pr\u00e9ciser que cette m\u00e9sentente n\u2019est pas aussi importante qu\u2019on le dit. \u00abCertains pensent qu\u2019il existe un foss\u00e9 profond entre l\u2019ancien pr\u00e9sident Abdelaziz et moi.<\/p>\n<p>Je ne lui donne pas cette ampleur. Je ne cache pas qu\u2019il existe un d\u00e9calage entre nos visions et nos appr\u00e9ciations d\u2019une situation donn\u00e9e, mais je pense que c\u2019est l\u2019environnement politique qui lui a donn\u00e9 plus d\u2019importance qu\u2019elle n\u2019en a r\u00e9ellement\u00bb, a-t-il assur\u00e9. Selon lui, ces divergences ont \u00e9t\u00e9 amplifi\u00e9es par tous les Mauritaniens. \u00abJe n\u2019\u00e9pargne pas mes efforts pour calmer tout \u00e7a\u00bb, a-t-il n\u00e9anmoins indiqu\u00e9. Cet \u00e9pisode est-il clos ? \u00abJe ne sais pas. Je sais qu\u2019il va devoir se terminer et j\u2019esp\u00e8re bien qu\u2019il se terminera d\u2019une fa\u00e7on qui convient \u00e0 tout le monde\u00bb, a-t-il rench\u00e9rit.<\/p>\n<p><span class=\"post-views-label\">Post Views:<\/span> <span class=\"post-views-count\">416<\/span><\/p>\n<p><br class=\"c3\"\/><\/p>\n<p>Auteur: Hicham Chouadria<br \/>\n<a href=\"https:\/\/www.elwatan.com\/edition\/international\/lutte-antiterroriste-en-afrique-pour-le-president-ould-ghazouani-une-bataille-a-ete-perdue-au-sahel-05-12-2019\">Cliquez ici pour lire l&rsquo;article depuis sa source.<\/a><\/p>\n","protected":false},"excerpt":{"rendered":"<p>Le pr\u00e9sident Mohamed Ould Ghazouani se dit convaincu que les pays du Sahel parviendront \u00e0 vaincre le terrorisme Le nouveau pr\u00e9sident mauritanien,\u00a0 Mohamed Ould Ghazouani, sugg\u00e8re que tout reste encore \u00e0 faire pour s\u00e9curiser le Sahel, une r\u00e9gion d\u00e9stabilis\u00e9e depuis des ann\u00e9es par une kyrielle de groupes terroristes, dont une partie se revendique de Daech [&hellip;]<\/p>\n","protected":false},"author":1743,"featured_media":69430,"comment_status":"closed","ping_status":"closed","sticky":false,"template":"","format":"standard","meta":{"fifu_image_url":"","fifu_image_alt":"","footnotes":""},"categories":[73,53],"tags":[],"class_list":["post-69429","post","type-post","status-publish","format-standard","has-post-thumbnail","hentry","category-actualite","category-algerie"],"_links":{"self":[{"href":"https:\/\/linitiative.ca\/International\/wp-json\/wp\/v2\/posts\/69429","targetHints":{"allow":["GET"]}}],"collection":[{"href":"https:\/\/linitiative.ca\/International\/wp-json\/wp\/v2\/posts"}],"about":[{"href":"https:\/\/linitiative.ca\/International\/wp-json\/wp\/v2\/types\/post"}],"author":[{"embeddable":true,"href":"https:\/\/linitiative.ca\/International\/wp-json\/wp\/v2\/users\/1743"}],"replies":[{"embeddable":true,"href":"https:\/\/linitiative.ca\/International\/wp-json\/wp\/v2\/comments?post=69429"}],"version-history":[{"count":0,"href":"https:\/\/linitiative.ca\/International\/wp-json\/wp\/v2\/posts\/69429\/revisions"}],"wp:featuredmedia":[{"embeddable":true,"href":"https:\/\/linitiative.ca\/International\/wp-json\/"}],"wp:attachment":[{"href":"https:\/\/linitiative.ca\/International\/wp-json\/wp\/v2\/media?parent=69429"}],"wp:term":[{"taxonomy":"category","embeddable":true,"href":"https:\/\/linitiative.ca\/International\/wp-json\/wp\/v2\/categories?post=69429"},{"taxonomy":"post_tag","embeddable":true,"href":"https:\/\/linitiative.ca\/International\/wp-json\/wp\/v2\/tags?post=69429"}],"curies":[{"name":"wp","href":"https:\/\/api.w.org\/{rel}","templated":true}]}}