{"id":69431,"date":"2019-12-05T04:08:57","date_gmt":"2019-12-05T09:08:57","guid":{"rendered":"https:\/\/linitiative.ca\/International\/aller-a-lelection-presidentielle-dans-ce-climat-aggravera-la-crise\/"},"modified":"2019-12-05T04:08:57","modified_gmt":"2019-12-05T09:08:57","slug":"aller-a-lelection-presidentielle-dans-ce-climat-aggravera-la-crise","status":"publish","type":"post","link":"https:\/\/linitiative.ca\/International\/aller-a-lelection-presidentielle-dans-ce-climat-aggravera-la-crise\/","title":{"rendered":"\u00abAller \u00e0 l\u2019\u00e9lection pr\u00e9sidentielle dans ce climat aggravera la crise\u00bb"},"content":{"rendered":"<h4 class=\"title-14\">Soufiane Djilali. Pr\u00e9sident de Jil Jadid<\/h4>\n<div class=\"featured_image\"><img loading=\"lazy\" decoding=\"async\" width=\"800\" height=\"558\" src=\"https:\/\/www.elwatan.com\/wp-content\/uploads\/2019\/12\/soufiane-col.gif\" class=\"attachment-post-thumbnail size-post-thumbnail wp-post-image\" alt=\"\"\/><\/div>\n<p class=\"p1\"><em><strong>\u2013 La campagne \u00e9lectorale tire \u00e0 sa fin dans un climat politique des plus tendus. Le pouvoir tient \u00e0 ces \u00e9lections contest\u00e9es et les manifestations anti-vote s\u2019amplifient. Comment imaginez-vous le d\u00e9veloppement de la situation et le d\u00e9roulement du scrutin ?<\/strong><\/em><\/p>\n<p class=\"p1\">D\u00e8s lors que le pouvoir avait annonc\u00e9 ces \u00e9lections, il \u00e9tait d\u00e9cid\u00e9 \u00e0 aller jusqu\u2019au bout de sa logique malgr\u00e9 la forte opposition du hirak. Les deux volont\u00e9s sont alors entr\u00e9es en confrontation. La grande crainte est qu\u2019il y ait des d\u00e9rapages le jour du scrutin, ce qui n\u2019est pas \u00e0 exclure.<\/p>\n<p class=\"p1\">On peut se retrouver dans un d\u00e9sordre chaotique. Le pouvoir a montr\u00e9 une grande incomp\u00e9tence politique, \u00e0 tel point que l\u2019on se demande parfois s\u2019il n\u2019aggrave pas la situation volontairement ! Alors que les Alg\u00e9riens exigeaient des changements politiques profonds, la pr\u00e9occupation de l\u2019institution militaire est de rester ma\u00eetresse du jeu.<\/p>\n<p class=\"p1\">Dans sa posture, elle avait, de son point de vue, quelques arguments \u00e0 faire valoir : l\u2019effondrement du r\u00e9gime politique ne devait pas entra\u00eener l\u2019affaiblissement de l\u2019Etat alg\u00e9rien ; le passage \u00e0 un nouveau syst\u00e8me politique devant \u00eatre \u00abmanag\u00e9\u00bb car le spectre des ann\u00e9es 1990 est toujours l\u00e0.<\/p>\n<p class=\"p1\">Malheureusement, le pouvoir s\u2019est r\u00e9v\u00e9l\u00e9 incapable d\u2019op\u00e9rer de telles mutations. Il n\u2019a pas su communiquer ni \u00eatre convaincant dans ses intentions. Il a lanc\u00e9, sans cesse, des signaux contradictoires aux citoyens. Pourtant, la question de la confiance est au c\u0153ur de la crise.<\/p>\n<p class=\"p1\">Aller \u00e0 l\u2019\u00e9lection pr\u00e9sidentielle dans ce climat aggravera la crise. En plus, si l\u2019on devait se fier aux rumeurs persistantes sur le choix du futur Pr\u00e9sident, il faudrait s\u2019attendre \u00e0 une immense d\u00e9sapprobation populaire. Apr\u00e8s pr\u00e8s d\u2019une ann\u00e9e de manifestation, l\u2019arm\u00e9e n\u2019aurait pas trouv\u00e9 mieux que de remettre en selle le RND et le FLN, symboles du r\u00e9gime honni\u00a0! Sinc\u00e8rement, tout cela ne pr\u00e9sage rien de bon.<\/p>\n<p class=\"p1\">On ne peut pas prendre la responsabilit\u00e9 de g\u00e9rer une situation aussi d\u00e9licate en ayant comme seule m\u00e9thode l\u2019ent\u00eatement.<\/p>\n<p class=\"p1\"><em><strong>\u2013 Vous avez appel\u00e9 \u00e0 l\u2019annulation de cette \u00e9lection pour \u00absauvegarder l\u2019unit\u00e9 nationale et l\u2019avenir du pays\u00bb. Pouvez-vous \u00eatre plus clair ?<\/strong><\/em><\/p>\n<p class=\"p1\">Dans notre syst\u00e8me politique ainsi que dans la conscience collective, le pr\u00e9sident de la R\u00e9publique est le symbole de l\u2019unit\u00e9 du pays.<\/p>\n<p class=\"p1\">Apr\u00e8s la m\u00e9saventure des 20 derni\u00e8res ann\u00e9es, l\u2019\u00e9lection pr\u00e9sidentielle aurait d\u00fb \u00eatre le moment pour r\u00e9tablir la confiance, r\u00e9inventer l\u2019espoir et surtout conforter le sentiment d\u2019unit\u00e9 nationale. Dans les faits, nous constatons l\u2019inverse.<\/p>\n<p class=\"p1\">Les citoyens boudent, pour le moins, cette campagne, maintiennent plus que jamais le hirak et certaines franges populaires s\u2019appr\u00eatent \u00e0 faire entendre leur refus le jour du scrutin.<\/p>\n<p class=\"p1\">Par ailleurs, le pouvoir a tent\u00e9 de diviser et d\u2019affaiblir le hirak en introduisant le virus id\u00e9ologique et ethnique. Ceux qui ont invent\u00e9 et manipul\u00e9 le concept de \u00abzouave\u00bb, auquel ils ont oppos\u00e9 la \u00abbadissia\u00bb, ont commis un crime contre la nation.<\/p>\n<p class=\"p1\">La Kabylie a \u00e9t\u00e9 stigmatis\u00e9e par des apprentis sorciers, auxquels quelques esprits \u00e9chauff\u00e9s ont r\u00e9pondu en se r\u00e9fugiant dans une prison identitaire. Quelle autorit\u00e9 morale aurait un Pr\u00e9sident, lui-m\u00eame refus\u00e9 par plusieurs r\u00e9gions du pays ?<\/p>\n<p class=\"p1\">De plus, les manifestations artificielles en soutien \u00e0 l\u2019arm\u00e9e cr\u00e9ent le m\u00eame malaise. Cela introduit l\u2019id\u00e9e que des citoyens sont contre l\u2019arm\u00e9e. Celle-ci devient ainsi l\u2019un des objets du conflit politique.<\/p>\n<p class=\"p1\">Enfin, les m\u00e9dias publics et priv\u00e9s sont outrageusement instrumentalis\u00e9s. Cela g\u00e9n\u00e8re un sentiment d\u2019exclusion et sape la confiance.<\/p>\n<p class=\"p1\">Tout cela n\u2019est vraiment pas bon. Si l\u2019\u00e9lection se tient, nous aurons un Pr\u00e9sident tr\u00e8s mal \u00e9lu, avec une participation tr\u00e8s faible (m\u00eame si comme \u00e0 son habitude le pouvoir gonfle les chiffres), mais surtout une population divis\u00e9e, d\u00e9moralis\u00e9e et frustr\u00e9e.<\/p>\n<p class=\"p1\">Ce n\u2019est pas ainsi que l\u2019on construit une nation forte. Voil\u00e0 pourquoi il ne fallait pas engager cette \u00e9lection dans ces conditions. Elle aggravera les probl\u00e8mes et compliquera la sortie de crise.<\/p>\n<p class=\"p1\"><em><strong>\u2013 Pourquoi, selon vous, ce processus \u00e9lectoral est maintenu malgr\u00e9 les risques et les dangers auxquels le pays est expos\u00e9\u00a0?<\/strong><\/em><\/p>\n<p class=\"p1\">Devant une s\u00e9rie de donn\u00e9es, parfois objectives, les d\u00e9cideurs ont fait des choix. Mais au final, la subjectivit\u00e9 n\u2019est pas absente de leurs calculs. Il y a dans l\u2019\u00e9quation des termes personnels. J\u2019ai bien peur que des \u00e9l\u00e9ments \u00abculturels\u00bb aient jou\u00e9 \u00e9galement plus qu\u2019il ne le fallait.<\/p>\n<p class=\"p1\">L\u2019ent\u00eatement que j\u2019\u00e9voquai plus haut est souvent la traduction d\u2019un trait culturel. Dans la soci\u00e9t\u00e9 traditionnelle, l\u2019autorit\u00e9 se traduit dans le rapport de forces qui d\u00e9termine le dominant et le domin\u00e9. Cette mentalit\u00e9 est tr\u00e8s pr\u00e9gnante dans l\u2019ancienne g\u00e9n\u00e9ration, paternaliste et r\u00e9fractaire aux concessions.<\/p>\n<p class=\"p1\">Dans nos soci\u00e9t\u00e9s, la l\u00e9gitimit\u00e9 de l\u2019autorit\u00e9 ne provient pas de la comp\u00e9tence mais g\u00e9n\u00e9ralement de l\u2019\u00e2ge, de la position familiale ou hi\u00e9rarchique. Vous connaissez ce ph\u00e9nom\u00e8ne o\u00f9 un jeune homme \u00e9duqu\u00e9 et instruit se soumet \u00e0 l\u2019autorit\u00e9 d\u2019un p\u00e8re analphab\u00e8te qui fait les choix \u00e0 sa place.<\/p>\n<p class=\"p1\">Notre syst\u00e8me de valeur, inconscient, est en cause. Ce type d\u2019autorit\u00e9 unidirectionnelle, sans dialogue, est l\u2019arch\u00e9type du militaire. C\u2019est exactement l\u2019inverse de ce que doit \u00eatre un politique. L\u2019un donne des ordres sans discussion, quand l\u2019autre dialogue et fait des concessions. Dans les moments de crise, la rigidit\u00e9 devient un handicap.<\/p>\n<p class=\"p1\"><em><strong>\u2013 Dans une r\u00e9cente tribune publi\u00e9e dans nos colonnes, vous consid\u00e9riez que structurer le hirak, qui repr\u00e9sente le peuple, en un mouvement unique est une aberration conceptuelle, et vous pensez que la solution \u00e9manerait de la structuration politique et la construction de v\u00e9ritables partis. Comment ?<\/strong><\/em><\/p>\n<p class=\"p1\">Eh bien, en lib\u00e9rant l\u2019action politique. La d\u00e9mocratie doit se conjuguer avec la pluralit\u00e9 des id\u00e9es. Les partis politiques ont souffert du manque d\u2019engagement des concitoyens.<\/p>\n<p class=\"p1\">En dehors d\u2019une \u00e9lite jeune, consciente et engag\u00e9e qui porte le combat, seule, une petite frange populaire, souvent ambitieuse et int\u00e9ress\u00e9e, s\u2019adresse aux partis lors des \u00e9lections. Sinon, la majeure partie de la population a \u00e9t\u00e9 indiff\u00e9rente.<\/p>\n<p class=\"p1\">En fait, l\u2019action politique a \u00e9t\u00e9 d\u00e9mon\u00e9tis\u00e9e, discr\u00e9dit\u00e9e et m\u00eame salie par le pouvoir lui-m\u00eame, qui voulait \u00e9loigner le peuple de la d\u00e9mocratie.<\/p>\n<p class=\"p1\">Depuis le 22 f\u00e9vrier, il y a un vent nouveau. Les Alg\u00e9riens, en particulier ceux de la nouvelle g\u00e9n\u00e9ration, d\u00e9couvrent la politique et ont envie de s\u2019impliquer dans la vie citoyenne. A mon avis, c\u2019est le plus grand acquis du hirak.<\/p>\n<p class=\"p1\">C\u2019est donc le moment de favoriser l\u2019\u00e9closion de nouveaux mouvements, de renforcer les partis politiques et de renouveler la classe politique depuis les assembl\u00e9es de communes jusqu\u2019au plus haut de la pyramide de l\u2019Etat. Il est essentiel que les Alg\u00e9riens r\u00e9fl\u00e9chissent \u00e0 leur destin et transforment leur conviction en programme et en action politique.<\/p>\n<p class=\"p1\">Des projets de soci\u00e9t\u00e9 doivent cristalliser les courants de pens\u00e9e qui animent la soci\u00e9t\u00e9. La d\u00e9mocratie est efficace lorsque l\u2019on sort de la pens\u00e9e unique et que l\u2019on va vers l\u2019innovation et la pluralit\u00e9 dans le respect, bien entendu, de ce qui fait le socle de notre nation.<\/p>\n<p class=\"p1\">Il faut \u00e9galement sortir de l\u2019action individuelle, bruyante mais inefficace, et aller vers le collectif. Le pouvoir aurait d\u00fb comprendre ce mouvement de fond et l\u2019encourager. Malheureusement, il agit \u00e0 contresens. Je tiens d\u2019ailleurs \u00e0 \u00e9voquer ici le cas de l\u2019association culturelle d\u2019Oum El Bouaghi, Macomades, qui s\u2019est vue r\u00e9primer pour m\u2019avoir invit\u00e9 \u00e0 un d\u00e9bat public.<\/p>\n<p class=\"p1\">Non seulement ce d\u00e9bat a \u00e9t\u00e9 interdit, mais depuis, cette association est harcel\u00e9e et s\u2019est vue retirer son agr\u00e9ment. Et je viens d\u2019apprendre que Mounir Hafid, son pr\u00e9sident, a \u00e9t\u00e9 renvoy\u00e9 par son administration. Je condamne ces faits et je lui exprime ma solidarit\u00e9. Voil\u00e0 des agissements qui vous d\u00e9montrent que ce pouvoir est en d\u00e9calage par rapport aux besoins de la soci\u00e9t\u00e9.<\/p>\n<p class=\"p1\"><em><strong>\u2013 Vous avez critiqu\u00e9 la r\u00e9solution du Parlement europ\u00e9en sur l\u2019Alg\u00e9rie et accus\u00e9 des d\u00e9put\u00e9s de l\u2019UE d\u2019avoir utilis\u00e9 le hirak alg\u00e9rien pour flatter leur propre \u00e9lectorat. Est-ce que vous consid\u00e9rez cela comme une ing\u00e9rence dans les affaires internes ?<\/strong><\/em><\/p>\n<p class=\"p1\">Je n\u2019ai accus\u00e9 personne, mais je fais un constat. J\u2019ai le sentiment qu\u2019un certain paternalisme flotte encore dans l\u2019esprit de quelques politiques europ\u00e9ens qui ne cessent de donner des le\u00e7ons de vertu aux autres. Je ne peux pas accepter qu\u2019un d\u00e9put\u00e9 du RN utilise le d\u00e9bat sur l\u2019Alg\u00e9rie pour mieux conforter ses th\u00e8ses aupr\u00e8s de son \u00e9lectorat.<\/p>\n<p class=\"p1\">La r\u00e9solution est au mieux inutile, mais moralement elle met l\u2019Alg\u00e9rie dans le champ de comp\u00e9tence europ\u00e9en. En r\u00e9alit\u00e9, certains pensent contraindre le pouvoir actuel \u00e0 des concessions sous l\u2019effet de la pression \u00e9trang\u00e8re. Ils obtiendront l\u2019effet inverse.<\/p>\n<p class=\"p1\">Ceux qui d\u00e9fendent cette r\u00e9solution ont-ils pens\u00e9 aux cons\u00e9quences sur les d\u00e9tenus eux-m\u00eames ? Provoquer le pouvoir avec une r\u00e9solution qui n\u2019est pas contraignante est illogique, en plus de justifier en soi une reddition de souverainet\u00e9.<\/p>\n<p class=\"p1\">Les \u00e9lus du Parlement europ\u00e9en repr\u00e9sentent leurs peuples et ne sont pas habilit\u00e9s \u00e0 \u00eatre les tuteurs du peuple alg\u00e9rien. Je suis outr\u00e9 par la l\u00e9g\u00e8ret\u00e9 de certaines approches qui, au final, reproduisent ce que l\u2019on reproche au pouvoir.<\/p>\n<p class=\"p1\">Soyons clairs. Je suis tr\u00e8s favorable \u00e0 une coop\u00e9ration \u00e9tendue avec l\u2019Union europ\u00e9enne, mais la souverainet\u00e9 nationale doit \u00eatre une limite inali\u00e9nable.<\/p>\n<p class=\"p1\">Nos relations internationales doivent \u00eatre entretenues en prenant en compte les \u00e9quilibres g\u00e9opolitiques. Nos int\u00e9r\u00eats sont dans la bonne entente avec tous les pays, notre objectif strat\u00e9gique \u00e9tant au final le d\u00e9veloppement de l\u2019Alg\u00e9rie.<\/p>\n<p class=\"p1\">Il nous faut la plus grande marge de man\u0153uvre possible dans nos choix, tout en respectant les int\u00e9r\u00eats de nos partenaires. Et je pense que ces derniers ne demandent qu\u2019\u00e0 \u00eatre rassur\u00e9s par un pouvoir comp\u00e9tent et l\u00e9gitime. La stabilit\u00e9 de la r\u00e9gion sera assur\u00e9e par un pouvoir fort en interne.<\/p>\n<p class=\"p1\">Voyez ce qui se passe dans certains pays divis\u00e9s en communaut\u00e9s, chacune d\u00e9pendant de la volont\u00e9 d\u2019un pays tiers. L\u2019Etat s\u2019effrite et les conflits des parrains ext\u00e9rieurs s\u2019y installent. A l\u2019avantage de qui ?<\/p>\n<p class=\"p1\"><strong><em>\u2013 Que pensez-vous de la r\u00e9action des autorit\u00e9s alg\u00e9riennes quant \u00e0 cette r\u00e9solution qui n\u2019a rien de contraignant ?<\/em><\/strong><\/p>\n<p class=\"p1\">En la mati\u00e8re, le pouvoir alg\u00e9rien n\u2019a pas beaucoup de le\u00e7ons \u00e0 donner. A ce sujet, j\u2019ai condamn\u00e9 fermement le pouvoir \u00e0 chaque fois qu\u2019il a eu recours \u00e0 l\u2019\u00e9tranger pour r\u00e9gler un probl\u00e8me interne. Apr\u00e8s 20 ans de gabegie, le pouvoir de Bouteflika a affaibli le pays, ouvert la voie aux int\u00e9r\u00eats \u00e9trangers occultes et \u00e9tait pr\u00eat \u00e0 aller plus loin si ce n\u2019\u00e9tait le fort patriotisme des Alg\u00e9riens. Le reste, ce sont des discours d\u00e9magogiques.<\/p>\n<p class=\"p1\"><em><strong>\u2013 Comment voyez-vous l\u2019apr\u00e8s-\u00e9lection ?<\/strong><\/em><\/p>\n<p class=\"p1\">Le pays traverse une phase tr\u00e8s d\u00e9licate. J\u2019ai de tr\u00e8s fortes craintes que l\u2019on se retrouve dans l\u2019\u0153il du cyclone. D\u2019un c\u00f4t\u00e9, nous avons un pouvoir ill\u00e9gitime et incomp\u00e9tent et qui projette son propre maintien, et de l\u2019autre, une volont\u00e9 populaire, l\u00e9gitime mais impatiente, d\u00e9sorganis\u00e9e et souvent exc\u00e9d\u00e9e.<\/p>\n<p class=\"p1\">Cela donne un cocktail instable. Pour le moment, je suis toujours sur la m\u00eame analyse\u00a0: soit il y a une \u00e9lection avec une aggravation du climat politique et un futur Pr\u00e9sident tr\u00e8s faible, soit l\u2019arr\u00eat brutal de ce processus et le passage vers une autre transition, d\u00e9cid\u00e9e de toutes les fa\u00e7ons par l\u2019arm\u00e9e, qui restera, pour longtemps encore, l\u2019ultime recours.<\/p>\n<p class=\"p1\">Dans tous les cas de figure, l\u2019opposition doit rester calme et travailler \u00e0 faire \u00e9merger, malgr\u00e9 les obstacles, un consensus politique.<\/p>\n<p class=\"p1\">T\u00f4t ou tard le pouvoir devra retrouver sa lucidit\u00e9 et faire les concessions imp\u00e9rieuses pour assurer au pays un avenir serein. L\u2019Alg\u00e9rie a besoin de tous ses enfants, sans exclusion. Chacun doit \u00eatre libre tout en respectant la libert\u00e9 des autres. Pour conclure, j\u2019insiste pour que la sagesse l\u2019emporte.<span class=\"Apple-converted-space\">\u00a0<\/span><\/p>\n<p><span class=\"post-views-label\">Post Views:<\/span> <span class=\"post-views-count\">6\u00a0592<\/span><\/p>\n<p><br class=\"c3\"\/><\/p>\n<p>Auteur: Anis Khecheba<br \/>\n<a href=\"https:\/\/www.elwatan.com\/edition\/actualite\/aller-a-lelection-presidentielle-dans-ce-climat-aggravera-la-crise-05-12-2019\">Cliquez ici pour lire l&rsquo;article depuis sa source.<\/a><\/p>\n","protected":false},"excerpt":{"rendered":"<p>Soufiane Djilali. Pr\u00e9sident de Jil Jadid \u2013 La campagne \u00e9lectorale tire \u00e0 sa fin dans un climat politique des plus tendus. Le pouvoir tient \u00e0 ces \u00e9lections contest\u00e9es et les manifestations anti-vote s\u2019amplifient. Comment imaginez-vous le d\u00e9veloppement de la situation et le d\u00e9roulement du scrutin ? D\u00e8s lors que le pouvoir avait annonc\u00e9 ces \u00e9lections, [&hellip;]<\/p>\n","protected":false},"author":1743,"featured_media":69432,"comment_status":"closed","ping_status":"closed","sticky":false,"template":"","format":"standard","meta":{"fifu_image_url":"","fifu_image_alt":"","footnotes":""},"categories":[73,53],"tags":[],"class_list":["post-69431","post","type-post","status-publish","format-standard","has-post-thumbnail","hentry","category-actualite","category-algerie"],"_links":{"self":[{"href":"https:\/\/linitiative.ca\/International\/wp-json\/wp\/v2\/posts\/69431","targetHints":{"allow":["GET"]}}],"collection":[{"href":"https:\/\/linitiative.ca\/International\/wp-json\/wp\/v2\/posts"}],"about":[{"href":"https:\/\/linitiative.ca\/International\/wp-json\/wp\/v2\/types\/post"}],"author":[{"embeddable":true,"href":"https:\/\/linitiative.ca\/International\/wp-json\/wp\/v2\/users\/1743"}],"replies":[{"embeddable":true,"href":"https:\/\/linitiative.ca\/International\/wp-json\/wp\/v2\/comments?post=69431"}],"version-history":[{"count":0,"href":"https:\/\/linitiative.ca\/International\/wp-json\/wp\/v2\/posts\/69431\/revisions"}],"wp:featuredmedia":[{"embeddable":true,"href":"https:\/\/linitiative.ca\/International\/wp-json\/"}],"wp:attachment":[{"href":"https:\/\/linitiative.ca\/International\/wp-json\/wp\/v2\/media?parent=69431"}],"wp:term":[{"taxonomy":"category","embeddable":true,"href":"https:\/\/linitiative.ca\/International\/wp-json\/wp\/v2\/categories?post=69431"},{"taxonomy":"post_tag","embeddable":true,"href":"https:\/\/linitiative.ca\/International\/wp-json\/wp\/v2\/tags?post=69431"}],"curies":[{"name":"wp","href":"https:\/\/api.w.org\/{rel}","templated":true}]}}