{"id":69433,"date":"2019-12-05T04:09:07","date_gmt":"2019-12-05T09:09:07","guid":{"rendered":"https:\/\/linitiative.ca\/International\/le-rejet-de-la-presidentielle-est-une-action-nationale\/"},"modified":"2019-12-05T04:09:07","modified_gmt":"2019-12-05T09:09:07","slug":"le-rejet-de-la-presidentielle-est-une-action-nationale","status":"publish","type":"post","link":"https:\/\/linitiative.ca\/International\/le-rejet-de-la-presidentielle-est-une-action-nationale\/","title":{"rendered":"\u00abLe rejet de la pr\u00e9sidentielle est une action nationale\u00bb"},"content":{"rendered":"<h4 class=\"title-14\">Les appels \u00e0 une op\u00e9ration antivote pacifique se multiplient<\/h4>\n<div class=\"featured_image\"><img loading=\"lazy\" decoding=\"async\" width=\"800\" height=\"533\" src=\"https:\/\/www.elwatan.com\/wp-content\/uploads\/2019\/12\/tizi-col.gif\" class=\"attachment-post-thumbnail size-post-thumbnail wp-post-image\" alt=\"\"\/><\/div>\n<p class=\"p4\"><span class=\"s5\"><strong><em>\u00abLe pouvoir veut pousser la population \u00e0 la radicalisation en Kabylie pour justifier la r\u00e9pression\u00bb<\/em>, estime un militant politique.<\/strong><\/span><\/p>\n<p class=\"p6\"><span class=\"s6\"><strong>A\u00a0<\/strong><\/span><span class=\"c5\">la veille de l\u2019\u00e9lection pr\u00e9sidentielle du 12 d\u00e9cembre 2019, la rue gronde en Kabylie. Des marches, des gr\u00e8ves g\u00e9n\u00e9rales et des sit-in rythment les journ\u00e9es de la population de cette r\u00e9gion, o\u00f9 le rejet de ce scrutin est r\u00e9affirm\u00e9.<\/span><\/p>\n<p class=\"p7\"><span class=\"s5\">La campagne antivote men\u00e9e dans plusieurs localit\u00e9s de la wilaya de Tizi Ouzou est m\u00eame \u00e9maill\u00e9e d\u2019incidents et dans certaines communes des bless\u00e9s ont \u00e9t\u00e9 d\u00e9nombr\u00e9s. Des urnes incendi\u00e9es \u00e0 Ath Yenni, des entr\u00e9es de si\u00e8ges de da\u00efra ont \u00e9t\u00e9 mur\u00e9es \u00e0 travers les quatre coins de la wilaya.<\/span><\/p>\n<p class=\"p7\"><span class=\"s5\">Ces actions s\u2019inscrivent dans le sillage d\u2019un \u00e9lan de mobilisation afin de r\u00e9ussir l\u2019op\u00e9ration de rejet du rendez-vous \u00e9lectoral du 12 d\u00e9cembre. <em>\u00abLe pouvoir veut co\u00fbte que co\u00fbte organiser des \u00e9lections contre la volont\u00e9 populaire. Donc, il faut ce genre d\u2019actions pour d\u00e9savouer ce scrutin.<\/em><\/span><\/p>\n<p class=\"p7\"><span class=\"s5\"><em>On ne peut pas \u00e9lire un Pr\u00e9sident parmi cinq candidats tous issus d\u2019un r\u00e9gime dont le d\u00e9part est r\u00e9clam\u00e9, haut et fort, par des millions d\u2019Alg\u00e9riens depuis le 22 f\u00e9vrier dernier. La mobilisation doit rester intacte pour mettre en \u00e9chec tout plan machiav\u00e9lique du syst\u00e8me visant l\u2019\u00e9touffement du mouvement populaire\u00bb<\/em>, estime un quadrag\u00e9naire, enseignant de son \u00e9tat, que nous avons interrog\u00e9, hier, \u00e0 Tizi Ouzou.<\/span><\/p>\n<p class=\"p7\"><span class=\"s5\">Le maintien de la mobilisation est aussi le souhait de la population qui prend d\u2019assaut, chaque vendredi, le chef-lieu de wilaya pour battre le pav\u00e9.<\/span><\/p>\n<p class=\"p7\"><span class=\"s5\"><em>\u00abLa pression doit \u00eatre toujours de mise, car le pouvoir jouera le tout pour le tout afin de nous sortir un Pr\u00e9sident, m\u00eame avec 5% de participation. Il est habitu\u00e9 \u00e0 ce genre de man\u0153uvres\u00bb<\/em>, fulmine un \u00e9tudiant. L\u2019option du rejet des \u00e9lections est en passe de r\u00e9unir le consensus g\u00e9n\u00e9ral dans la wilaya de Tizi Ouzou.<\/span><\/p>\n<p class=\"p7\"><span class=\"s5\">Le mot d\u2019ordre de gr\u00e8ve g\u00e9n\u00e9rale \u00e0 partir de lundi prochain a incit\u00e9 les citoyens \u00e0 prendre leurs dispositions. <em>\u00abIl y aura une gr\u00e8ve \u00e0 partir de la semaine prochaine, on doit s\u2019approvisionner en denr\u00e9es alimentaires n\u00e9cessaires\u00bb<\/em>, nous a confi\u00e9 un p\u00e8re de famille qui souhaite que ces actions soient suivies m\u00eame en dehors de la Kabylie.<\/span><\/p>\n<p class=\"p7\"><span class=\"s5\"><em>\u00abLa gr\u00e8ve doit \u00eatre observ\u00e9e m\u00eame dans d\u2019autres wilayas, sinon, elle perd le caract\u00e8re d\u2019action nationale. Elle sera, au contraire, une aubaine pour le syst\u00e8me afin de singulariser la Kabylie. Les populations des autres r\u00e9gions doivent adh\u00e9rer aux actions de protestation pour le rejet des \u00e9lections\u00bb<\/em>, ajoute notre interlocuteur.<\/span><\/p>\n<p class=\"p7\"><span class=\"s5\"><em>\u00abSelon les informations qui nous sont parvenues, la fermeture des si\u00e8ges d\u2019APC et de da\u00efra n\u2019ont eu lieu qu\u2019en Kabylie, alors que dans l\u2019immensit\u00e9 du territoire alg\u00e9rien, rien n\u2019est fait. Dans ce cas, les \u00e9lections passeront comme une lettre \u00e0 la poste dans d\u2019autres wilayas\u00bb<\/em>, s\u2019interroge, dans un post publi\u00e9 sur sa page Facebook, Bela\u00efd Ath Mejkane, du groupe Tagrawla.<\/span><\/p>\n<p class=\"p7\"><span class=\"s5\"><em>\u00abDans toutes les wilayas d\u2019Alg\u00e9rie aussi, le vote est rejet\u00e9. Seulement, la Kabylie est une r\u00e9gion plus m\u00e9diatis\u00e9e. Donc, s\u2019il y a une action, elle est r\u00e9percut\u00e9e dans les m\u00e9dias. Il n\u2019y a pas de particularit\u00e9 des actions dans le sillage du mouvement populaire.<\/em><\/span><\/p>\n<p class=\"p7\"><span class=\"s5\"><em>Le rejet de la pr\u00e9sidentielle est une action nationale. Juste, la Kabylie a des traditions de lutte, acquises notamment durant le combat identitaire. Le peuple tout entier s\u2019est soulev\u00e9 pour exiger le d\u00e9part du syst\u00e8me. Donc, on ne doit aucunement semer le doute au sein du hirak, qui est national et rassembleur.<\/em><\/span><\/p>\n<p class=\"p7\"><span class=\"s5\"><em>C\u2019est le pouvoir qui tente, par tous les moyens possibles, d\u2019\u00e9touffer l\u2019extraordinaire mobilisation populaire enclench\u00e9e depuis le 22 f\u00e9vrier dernier\u00bb<\/em>, nous a pr\u00e9cis\u00e9 un militant politique. Et d\u2019ajouter : <em>\u00abLe pouvoir pousse la population \u00e0 la radicalisation pour justifier la r\u00e9pression.<\/em><\/span><\/p>\n<p class=\"p7\"><span class=\"s5\"><em>Mais, le citoyen ne doit pas r\u00e9pondre aux provocations des tenants du r\u00e9gime.\u00bb<\/em> D\u2019autres citoyens s\u2019interrogent justement sur le fait de voir des actions de protestation tourner \u00e0 l\u2019\u00e9meute en Kabylie. Des appels, d\u2019ailleurs, \u00e0 maintenir le caract\u00e8re pacifique des manifestations de terrain se multiplient.<\/span><\/p>\n<p class=\"p7\"><span class=\"s5\">Lors de la marche organis\u00e9e hier \u00e0 Larba\u00e2 Nath Irathen, en signe de solidarit\u00e9 au jeune lyc\u00e9en Mohand Oulhoucine Fekraoui, bless\u00e9 dimanche lors des \u00e9chauffour\u00e9es, les initiateurs de cette action ont insist\u00e9 sur son caract\u00e8re. <em>\u00abRestons pacifiques, solidaires et unis. Il ne faut pas donner l\u2019occasion au pouvoir d\u2019actionner sa machine r\u00e9pressive\u00bb<\/em>, ont lanc\u00e9 les organisateurs.<\/span><\/p>\n<p><span class=\"post-views-label\">Post Views:<\/span> <span class=\"post-views-count\">1\u00a0657<\/span><\/p>\n<p><br class=\"c2\"\/><\/p>\n<p>Auteur: Anis Khecheba<br \/>\n<a href=\"https:\/\/www.elwatan.com\/edition\/actualite\/le-rejet-de-la-presidentielle-est-une-action-nationale-05-12-2019\">Cliquez ici pour lire l&rsquo;article depuis sa source.<\/a><\/p>\n","protected":false},"excerpt":{"rendered":"<p>Les appels \u00e0 une op\u00e9ration antivote pacifique se multiplient \u00abLe pouvoir veut pousser la population \u00e0 la radicalisation en Kabylie pour justifier la r\u00e9pression\u00bb, estime un militant politique. A\u00a0la veille de l\u2019\u00e9lection pr\u00e9sidentielle du 12 d\u00e9cembre 2019, la rue gronde en Kabylie. Des marches, des gr\u00e8ves g\u00e9n\u00e9rales et des sit-in rythment les journ\u00e9es de la [&hellip;]<\/p>\n","protected":false},"author":1743,"featured_media":69434,"comment_status":"closed","ping_status":"closed","sticky":false,"template":"","format":"standard","meta":{"fifu_image_url":"","fifu_image_alt":"","footnotes":""},"categories":[73,53],"tags":[],"class_list":["post-69433","post","type-post","status-publish","format-standard","has-post-thumbnail","hentry","category-actualite","category-algerie"],"_links":{"self":[{"href":"https:\/\/linitiative.ca\/International\/wp-json\/wp\/v2\/posts\/69433","targetHints":{"allow":["GET"]}}],"collection":[{"href":"https:\/\/linitiative.ca\/International\/wp-json\/wp\/v2\/posts"}],"about":[{"href":"https:\/\/linitiative.ca\/International\/wp-json\/wp\/v2\/types\/post"}],"author":[{"embeddable":true,"href":"https:\/\/linitiative.ca\/International\/wp-json\/wp\/v2\/users\/1743"}],"replies":[{"embeddable":true,"href":"https:\/\/linitiative.ca\/International\/wp-json\/wp\/v2\/comments?post=69433"}],"version-history":[{"count":0,"href":"https:\/\/linitiative.ca\/International\/wp-json\/wp\/v2\/posts\/69433\/revisions"}],"wp:featuredmedia":[{"embeddable":true,"href":"https:\/\/linitiative.ca\/International\/wp-json\/"}],"wp:attachment":[{"href":"https:\/\/linitiative.ca\/International\/wp-json\/wp\/v2\/media?parent=69433"}],"wp:term":[{"taxonomy":"category","embeddable":true,"href":"https:\/\/linitiative.ca\/International\/wp-json\/wp\/v2\/categories?post=69433"},{"taxonomy":"post_tag","embeddable":true,"href":"https:\/\/linitiative.ca\/International\/wp-json\/wp\/v2\/tags?post=69433"}],"curies":[{"name":"wp","href":"https:\/\/api.w.org\/{rel}","templated":true}]}}