{"id":69435,"date":"2019-12-05T04:10:37","date_gmt":"2019-12-05T09:10:37","guid":{"rendered":"https:\/\/linitiative.ca\/International\/derapage-verbal-du-ministre-de-linterieur-silence-intrigant-des-autorites\/"},"modified":"2019-12-05T04:10:37","modified_gmt":"2019-12-05T09:10:37","slug":"derapage-verbal-du-ministre-de-linterieur-silence-intrigant-des-autorites","status":"publish","type":"post","link":"https:\/\/linitiative.ca\/International\/derapage-verbal-du-ministre-de-linterieur-silence-intrigant-des-autorites\/","title":{"rendered":"D\u00e9rapage verbal du ministre de l\u2019Int\u00e9rieur :\u00a0Silence intrigant des autorit\u00e9s"},"content":{"rendered":"<h4 class=\"title-14\"\/>\n<div class=\"featured_image\"><img loading=\"lazy\" decoding=\"async\" width=\"800\" height=\"458\" src=\"https:\/\/www.elwatan.com\/wp-content\/uploads\/2019\/12\/Sans-titre-1-7.gif\" class=\"attachment-post-thumbnail size-post-thumbnail wp-post-image\" alt=\"\"\/><\/div>\n<p class=\"p4\"><strong>Les propos tenus, mardi, par le ministre de l\u2019Int\u00e9rieur, Salah Eddine Dahmoune, continuent de provoquer des r\u00e9actions. Plusieurs personnalit\u00e9s politiques et de simples citoyens ont tenu \u00e0 d\u00e9noncer ce qu\u2019ils qualifient de <em>\u00abd\u00e9rapage\u00bb.<\/em> Certains r\u00e9clament m\u00eame son limogeage. Mais du c\u00f4t\u00e9 officiel, aucune d\u00e9cision n\u2019a \u00e9t\u00e9 prise \u00e0 son encontre.<\/strong><\/p>\n<p class=\"p4\"><span class=\"s3\"><strong>L<\/strong><\/span><span class=\"s4\">e ministre de l\u2019Int\u00e9rieur et des Collectivit\u00e9s locales, Salah Eddine Dahmoune, a provoqu\u00e9, avant-hier, une v\u00e9ritable pol\u00e9mique. S\u2019exprimant devant le Conseil de la Nation, celui-ci s\u2019en est pris tr\u00e8s violemment \u00e0 tous ceux qui s\u2019opposent \u00e0 l\u2019\u00e9lection pr\u00e9sidentielle du 12 d\u00e9cembre.<\/span><\/p>\n<p class=\"p7\"><span class=\"s4\"><em>\u00abNous ferons barrage, aux c\u00f4t\u00e9s de ce peuple glorieux, au colonialisme brutal, ou \u00e0 ce qu\u2019il en reste. Malheureusement, aujourd\u2019hui, ce colonialisme subsiste chez certains sous forme de pens\u00e9e colonialiste. Cette pens\u00e9e est utilis\u00e9e par des Alg\u00e9riens, ou des pseudo-Alg\u00e9riens, des tra\u00eetres, homosexuels et mercenaires.<\/em><\/span><\/p>\n<p class=\"p7\"><span class=\"s4\"><em>Ils sont rest\u00e9s aux c\u00f4t\u00e9s de ces gens. Ils ne font pas partie de nous ni nous d\u2019eux\u00bb<\/em>, a-t-il d\u00e9clar\u00e9. Des propos qui ont \u00e9t\u00e9 vite d\u00e9nonc\u00e9s par plusieurs personnalit\u00e9s politiques et de simples citoyens qui ont exprim\u00e9 leur col\u00e8re de diff\u00e9rentes fa\u00e7ons.<\/span><\/p>\n<p class=\"p7\"><span class=\"s4\">La pr\u00e9sidente de l\u2019Union pour le changement et le progr\u00e8s (UCP), Zoubida Assoul, a m\u00eame pr\u00e9conis\u00e9 le d\u00e9p\u00f4t d\u2019une plainte. Des avocats se concertent d\u00e9j\u00e0 pour l\u2019introduire. Mais, globalement, les uns et les autres r\u00e9clament son limogeage.<\/span><\/p>\n<p class=\"p7\"><span class=\"s4\">Or, aucune r\u00e9action officielle n\u2019a \u00e9t\u00e9 enregistr\u00e9e du c\u00f4t\u00e9 des plus hautes autorit\u00e9s du pays. Le jour-m\u00eame o\u00f9 le ministre a tenu ces propos, la cha\u00eene de t\u00e9l\u00e9vision priv\u00e9e El Bilad avait annonc\u00e9 que Dahmoune a \u00e9t\u00e9 convoqu\u00e9 \u00e0 la pr\u00e9sidence de la R\u00e9publique.<\/span><\/p>\n<p class=\"p7\"><span class=\"s4\">Une information qui n\u2019a pas \u00e9t\u00e9, faut-il le pr\u00e9ciser, relay\u00e9e par l\u2019APS, canal habituel de diffusion des communiqu\u00e9s officiels. Aucune suite n\u2019a pour l\u2019instant \u00e9t\u00e9 donn\u00e9e.<\/span><\/p>\n<p class=\"p7\"><span class=\"s4\">Par ailleurs, le ministre de l\u2019Int\u00e9rieur a tent\u00e9, hier, de rectifier le tir, tout en condamnant <em>\u00abl\u2019alt\u00e9ration\u00bb<\/em> de ses propos <em>\u00abpar certaines parties qui ne veulent du bien ni \u00e0 pays, encore moins aux citoyens\u00bb<\/em>.<\/span><\/p>\n<p class=\"p7\"><span class=\"s4\"><em>\u00abJe n\u2019ai jamais \u00e9voqu\u00e9 les marches, ni le hirak, ni qualifi\u00e9 quiconque de quoi que ce soit. Je m\u2019adressais intentionnellement aux relais de la France coloniale qui veulent faire appel au Parlement europ\u00e9en pour internationaliser la question\u00bb<\/em>, a-t-il d\u00e9clar\u00e9, avant d\u2019affirmer qu\u2019il s\u2019agit <em>\u00abd\u2019une minorit\u00e9 de pseudo-Alg\u00e9riens, de tra\u00eetres, de mercenaires et d\u2019infiltr\u00e9s que nous connaissons un par un, et d\u2019agents de ceux qui guettent l\u2019Alg\u00e9rie et son peuple et veulent intervenir dans ses affaires internes pour semer la fitna entre les enfants d\u2019une m\u00eame patrie et emp\u00eacher le pays de parachever la r\u00e9alisation des acquis, d\u2019arriver \u00e0 bon port et de finaliser la mise en \u0153uvre des principes de la R\u00e9volution contre le colonialisme, \u00e0 la faveur du prochain rendez-vous \u00e9lectoral du 12 d\u00e9cembre courant, soutenu par le peuple alg\u00e9rien \u00e0 travers ses marches quotidiennes et dispos\u00e9 \u00e0 le tenir dans les d\u00e9lais fix\u00e9s\u00bb<\/em>.<\/span><\/p>\n<p class=\"p7\"><span class=\"s4\">Dans ce texte explicatif, r\u00e9percut\u00e9 par l\u2019agence officielle, le ministre a pris le soin d\u2019enlever certains qualificatifs utilis\u00e9s la veille. N\u00e9anmoins, il s\u2019en prend toujours \u00e0 ceux qui s\u2019opposent \u00e0 l\u2019\u00e9lection pr\u00e9sidentielle en usant de qualificatifs tout aussi provocateurs.<\/span><\/p>\n<p class=\"p7\"><span class=\"s4\">Qualifier des Alg\u00e9riens de <em>\u00abpseudo-Alg\u00e9riens, tra\u00eetres, homosexuels et mercenaires\u00bb<\/em> pour la simple raison qu\u2019ils s\u2019opposent \u00e0 la feuille de route du pouvoir en place peut-il ainsi rester sans cons\u00e9quences\u00a0?<\/span><\/p>\n<p class=\"p7\"><span class=\"s4\">Des qualificatifs graves et outrageants qui s\u2019ajoutent aux d\u00e9clarations remettant en cause le \u00abpatriotisme\u00bb des opposants \u00e0 la pr\u00e9sidentielle et dans lesquelles ils sont accus\u00e9s d\u2019\u00eatre des <em>\u00absupp\u00f4ts de la \u00eessaba\u00bb<\/em>.<\/span><\/p>\n<p class=\"p7\"><span class=\"s4\">Que comprendront les citoyens si jamais la Pr\u00e9sidence ne r\u00e9agit pas \u00e0 un tel \u00abd\u00e9rapage\u00bb\u00a0? Toutes les lectures seront possibles.<\/span><\/p>\n<p class=\"p7\"><span class=\"s4\">Si auparavant certains responsables de l\u2019Etat jouaient sur la fibre nationaliste en \u00e9voquant les suppos\u00e9s risques qui p\u00e8seraient sur le pays en cas d\u2019annulation de l\u2019\u00e9lection, aujourd\u2019hui le ministre de l\u2019Int\u00e9rieur a carr\u00e9ment vers\u00e9 dans l\u2019invective \u00e0 l\u2019endroit des Alg\u00e9riens qui rejettent le processus \u00e9lectoral en cours.<\/span><\/p>\n<p class=\"p7\"><span class=\"s4\">Ceci, au moment o\u00f9 les arrestations de militants qui se rassemblent devant les salles abritant des meetings de candidats \u00e0 la pr\u00e9sidentielle se font de plus en plus nombreuses. La violence du discours de Dahmoune augure-t-elle d\u2019un durcissement du traitement s\u00e9curitaire des manifestations antivote\u00a0au fur et \u00e0 mesure que la date du scrutin approche\u00a0?<\/span><\/p>\n<p class=\"p7\"><span class=\"s4\">En tout cas, au-del\u00e0 des d\u00e9nonciations internes, les propos du ministre ont eu un tel retentissement qu\u2019ils ont m\u00eame franchi la fronti\u00e8re alg\u00e9rienne puisqu\u2019ils ont \u00e9t\u00e9 largement relay\u00e9s par des m\u00e9dias \u00e9trangers. Si les plus hautes autorit\u00e9s du pays ne r\u00e9agissent pas, cela ouvrirait la voie \u00e0 d\u2019autres d\u00e9rapages.<\/span><\/p>\n<p class=\"p7\"><span class=\"s4\">Cela donnerait surtout l\u2019image d\u2019un pouvoir qui ne se soucie gu\u00e8re des \u00abd\u00e9passements\u00bb des uns et des autres parmi son personnel, ce qui risque in\u00e9luctablement de creuser davantage le foss\u00e9 existant entre gouvernants et gouvern\u00e9s, un foss\u00e9 qui symbolise d\u00e9j\u00e0 parfaitement la crise que traverse le pays actuellement.<\/span><\/p>\n<p><span class=\"post-views-label\">Post Views:<\/span> <span class=\"post-views-count\">5\u00a0708<\/span><\/p>\n<p><br class=\"c2\"\/><\/p>\n<p>Auteur: Anis Khecheba<br \/>\n<a href=\"https:\/\/www.elwatan.com\/edition\/actualite\/derapage-verbal-du-ministre-de-linterieur-silence-intrigant-des-autorites-05-12-2019\">Cliquez ici pour lire l&rsquo;article depuis sa source.<\/a><\/p>\n","protected":false},"excerpt":{"rendered":"<p>Les propos tenus, mardi, par le ministre de l\u2019Int\u00e9rieur, Salah Eddine Dahmoune, continuent de provoquer des r\u00e9actions. Plusieurs personnalit\u00e9s politiques et de simples citoyens ont tenu \u00e0 d\u00e9noncer ce qu\u2019ils qualifient de \u00abd\u00e9rapage\u00bb. Certains r\u00e9clament m\u00eame son limogeage. Mais du c\u00f4t\u00e9 officiel, aucune d\u00e9cision n\u2019a \u00e9t\u00e9 prise \u00e0 son encontre. Le ministre de l\u2019Int\u00e9rieur et [&hellip;]<\/p>\n","protected":false},"author":1743,"featured_media":69436,"comment_status":"closed","ping_status":"closed","sticky":false,"template":"","format":"standard","meta":{"fifu_image_url":"","fifu_image_alt":"","footnotes":""},"categories":[73,53],"tags":[],"class_list":["post-69435","post","type-post","status-publish","format-standard","has-post-thumbnail","hentry","category-actualite","category-algerie"],"_links":{"self":[{"href":"https:\/\/linitiative.ca\/International\/wp-json\/wp\/v2\/posts\/69435","targetHints":{"allow":["GET"]}}],"collection":[{"href":"https:\/\/linitiative.ca\/International\/wp-json\/wp\/v2\/posts"}],"about":[{"href":"https:\/\/linitiative.ca\/International\/wp-json\/wp\/v2\/types\/post"}],"author":[{"embeddable":true,"href":"https:\/\/linitiative.ca\/International\/wp-json\/wp\/v2\/users\/1743"}],"replies":[{"embeddable":true,"href":"https:\/\/linitiative.ca\/International\/wp-json\/wp\/v2\/comments?post=69435"}],"version-history":[{"count":0,"href":"https:\/\/linitiative.ca\/International\/wp-json\/wp\/v2\/posts\/69435\/revisions"}],"wp:featuredmedia":[{"embeddable":true,"href":"https:\/\/linitiative.ca\/International\/wp-json\/"}],"wp:attachment":[{"href":"https:\/\/linitiative.ca\/International\/wp-json\/wp\/v2\/media?parent=69435"}],"wp:term":[{"taxonomy":"category","embeddable":true,"href":"https:\/\/linitiative.ca\/International\/wp-json\/wp\/v2\/categories?post=69435"},{"taxonomy":"post_tag","embeddable":true,"href":"https:\/\/linitiative.ca\/International\/wp-json\/wp\/v2\/tags?post=69435"}],"curies":[{"name":"wp","href":"https:\/\/api.w.org\/{rel}","templated":true}]}}