{"id":69443,"date":"2019-12-05T13:46:00","date_gmt":"2019-12-05T18:46:00","guid":{"rendered":"https:\/\/linitiative.ca\/International\/qui-est-mohamed-lasaad-ben-lamine-commissaire-general-tunisien-a-la-francophonie\/"},"modified":"2019-12-05T13:46:00","modified_gmt":"2019-12-05T18:46:00","slug":"qui-est-mohamed-lasaad-ben-lamine-commissaire-general-tunisien-a-la-francophonie","status":"publish","type":"post","link":"https:\/\/linitiative.ca\/International\/qui-est-mohamed-lasaad-ben-lamine-commissaire-general-tunisien-a-la-francophonie\/","title":{"rendered":"Qui est Mohamed Las\u00e2ad  Ben Lamine, commissaire g\u00e9n\u00e9ral tunisien \u00e0 la Francophonie"},"content":{"rendered":"<p><strong>Ministre pl\u00e9nipotentiaire hors classe\u00a0<\/strong><\/p>\n<p><strong>Coordinateur G\u00e9n\u00e9ral de la Francophonie<\/strong><\/p>\n<h2>Exp\u00e9rience<\/h2>\n<p><span class=\"c2\"><strong>D\u00e9cembre 2019<\/strong><\/span><br \/>Coordinateur g\u00e9n\u00e9ral de la francophonie,\u00a0<em>minist\u00e8re des affaires \u00e9trang\u00e8res<\/em><\/p>\n<p><span class=\"c2\"><strong>Octobre 2014<\/strong><\/span><br \/>Ministre pl\u00e9nipotentiaire hors classe,\u00a0<em>minist\u00e8re des affaires \u00e9trang\u00e8res, Tunis<\/em><\/p>\n<p><span class=\"c2\"><strong>F\u00e9vrier 2013 \u2013 Octobre 2014<\/strong><\/span><br \/>Directeur des droits de l&rsquo;homme,\u00a0<em>minist\u00e8re des affaires \u00e9trang\u00e8res, Tunis<\/em><\/p>\n<p><span class=\"c2\"><strong>Juillet 2007 &#8211; Aout 2012<\/strong><\/span><br \/>D\u00e9l\u00e9gu\u00e9 permanent adjoint de la Tunisie aupr\u00e8s de l&rsquo;Unesco \u00e1 paris<\/p>\n<p><span class=\"c2\"><strong>Octobre 2004 &#8211; Juillet 2007<\/strong><\/span><br \/>Directeur-adjoint pour l&rsquo;organisation des nations unies et conseiller des affaires \u00e9trang\u00e8res, minist\u00e8re des affaires \u00e9trang\u00e8res, Tunis<br \/>En charge de l&rsquo;assembl\u00e9e g\u00e9n\u00e9rale des Nations Unies, de la r\u00e9forme du conseil de s\u00e9curit\u00e9 et du droit de la mer<\/p>\n<p><span class=\"c2\"><strong>Septembre 1999 &#8211; Octobre 2004<\/strong><\/span><br \/>Second \u00e1 l&rsquo;ambassade de Tunisie \u00e1 la Haye et charg\u00e9 d&rsquo;affaires ad int\u00e9rim<\/p>\n<p><span class=\"c2\"><strong>Janvier 1998 &#8211; Septembre 1999<\/strong><\/span><br \/>Directeur-adjoint pour l&rsquo;organisation des nations unies, minist\u00e8re des affaires \u00e9trang\u00e8res, Tunis<\/p>\n<p><span class=\"c2\"><strong>Septembre 1993 &#8211; Janvier 1998<\/strong><\/span><br \/>Conseiller des affaires \u00e9trang\u00e8res et chef de division, minist\u00e8re des affaires \u00e9trang\u00e8res, Tunis<br \/>En charge de l&rsquo;assembl\u00e9e g\u00e9n\u00e9rale et du conseil de s\u00e9curit\u00e9 de l&rsquo;ONU<\/p>\n<p><span class=\"c2\"><strong>Novembre 1987 &#8211; Aout 1993<\/strong><\/span><br \/>Secr\u00e9taire des affaires \u00e9trang\u00e8res &#8211; mission permanente de la Tunisie aupr\u00e8s de l&rsquo;ONU \u00e1 new York<\/p>\n<p><span class=\"c2\"><strong>Janvier 1985 &#8211; novembre 1987<\/strong><\/span><br \/>Chef de division aupr\u00e8s de la direction g\u00e9n\u00e9rale des organisations et conf\u00e9rences internationales, minist\u00e8re des affaires \u00e9trang\u00e8res, Tunis<\/p>\n<p><span class=\"c2\"><strong>Janvier 1983 &#8211; janvier 1985<\/strong><\/span><br \/>Secr\u00e9taire des affaires \u00e9trang\u00e8res, minist\u00e8re des affaires \u00e9trang\u00e8res, Tunis formation<\/p>\n<h2>Formation<\/h2>\n<p><span class=\"c2\"><strong>France 1979<\/strong><\/span><\/p>\n<p>Dipl\u00f4me d\u2019\u00e9tudes sup\u00e9rieurs sp\u00e9cialis\u00e9es en droit immobilier, universit\u00e9 panth\u00e9on \u2013 Sorbonne paris I &#8211; France<\/p>\n<p><span class=\"c2\"><strong>France 1978<\/strong><\/span><br \/>Dipl\u00f4me d\u2019\u00e9tudes approfondies (DEA) en droit commercial, universit\u00e9 panth\u00e9on \u2013 Sorbonne paris I \u2013 France<\/p>\n<p><span class=\"c2\"><strong>France 1977<\/strong><\/span><br \/>Ma\u00eetrise en droit des affaires, universit\u00e9 panth\u00e9on \u2013 Sorbonne paris I &#8211; France<\/p>\n<p><span class=\"c2\"><strong>Tunisie 1972<\/strong><\/span><br \/>Baccalaur\u00e9at fran\u00e7ais \u2013 section philosophie, lyc\u00e9e Carnot, Tunis si\u00e8ges au sein de commissions nationales<\/p>\n<h2>Si\u00e8ges au sein de commissions nationales<\/h2>\n<p><span class=\"c2\">\u2022\u00a0<\/span>Membre de la Haute Commission Nationale des Droits de l&rsquo;Homme (Octobre 2012 \u2013 Octobre 2014)<br \/><span class=\"c2\">\u2022\u00a0<\/span>Membre de la Commission Nationale du Droit de la Mer (janvier 2005- juillet 2007)<\/p>\n<h2>Participation aux r\u00e9unions et conf\u00e9rences internationales<\/h2>\n<p>Au cours de sa riche et longue exp\u00e9rience de plus de 30 ans au sein des Affaires Etrang\u00e8res, M. Ben Lamine a eu l&rsquo;occasion de repr\u00e9senter son pays dans plus d&rsquo;une cinquantaine de r\u00e9unions et de n\u00e9gociations bilat\u00e9rales et Multilat\u00e9rales aussi bien en Tunisie qu&rsquo;\u00e0 l&rsquo;\u00e9tranger et ce, notamment aupr\u00e8s d&rsquo;organisations tels que l&rsquo;ONU, l&rsquo;UNESCO, l&rsquo;OIAC (Organisation pour l&rsquo;Interdiction des Armes Chimiques), la Cour Internationale de Justice, etc.<\/p>\n<h2>Langues<\/h2>\n<p><span class=\"c2\">\u2022\u00a0<\/span>Arabe<em>\u00a0(Langue Maternelle)<\/em><br \/><span class=\"c2\">\u2022\u00a0<\/span>Fran\u00e7ais et Anglais\u00a0<em>(Excellentes Ma\u00eetrises)<\/em><br \/><span class=\"c2\">\u2022\u00a0<\/span>Italien\u00a0<em>(lu et parl\u00e9)<\/em><br \/>\u00a0<\/p>\n<p>Auteur:<br \/>\n<a href=\"https:\/\/www.leaders.com.tn\/article\/28566-mohamed-lasaad-ben-lamine\">Cliquez ici pour lire l&rsquo;article depuis sa source.<\/a><\/p>\n","protected":false},"excerpt":{"rendered":"<p>Ministre pl\u00e9nipotentiaire hors classe\u00a0 Coordinateur G\u00e9n\u00e9ral de la Francophonie Exp\u00e9rience D\u00e9cembre 2019Coordinateur g\u00e9n\u00e9ral de la francophonie,\u00a0minist\u00e8re des affaires \u00e9trang\u00e8res Octobre 2014Ministre pl\u00e9nipotentiaire hors classe,\u00a0minist\u00e8re des affaires \u00e9trang\u00e8res, Tunis F\u00e9vrier 2013 \u2013 Octobre 2014Directeur des droits de l&rsquo;homme,\u00a0minist\u00e8re des affaires \u00e9trang\u00e8res, Tunis Juillet 2007 &#8211; Aout 2012D\u00e9l\u00e9gu\u00e9 permanent adjoint de la Tunisie aupr\u00e8s de l&rsquo;Unesco \u00e1 [&hellip;]<\/p>\n","protected":false},"author":1772,"featured_media":0,"comment_status":"closed","ping_status":"closed","sticky":false,"template":"","format":"standard","meta":{"fifu_image_url":"","fifu_image_alt":"","footnotes":""},"categories":[73,55],"tags":[],"class_list":["post-69443","post","type-post","status-publish","format-standard","hentry","category-actualite","category-tunisie"],"_links":{"self":[{"href":"https:\/\/linitiative.ca\/International\/wp-json\/wp\/v2\/posts\/69443","targetHints":{"allow":["GET"]}}],"collection":[{"href":"https:\/\/linitiative.ca\/International\/wp-json\/wp\/v2\/posts"}],"about":[{"href":"https:\/\/linitiative.ca\/International\/wp-json\/wp\/v2\/types\/post"}],"author":[{"embeddable":true,"href":"https:\/\/linitiative.ca\/International\/wp-json\/wp\/v2\/users\/1772"}],"replies":[{"embeddable":true,"href":"https:\/\/linitiative.ca\/International\/wp-json\/wp\/v2\/comments?post=69443"}],"version-history":[{"count":0,"href":"https:\/\/linitiative.ca\/International\/wp-json\/wp\/v2\/posts\/69443\/revisions"}],"wp:attachment":[{"href":"https:\/\/linitiative.ca\/International\/wp-json\/wp\/v2\/media?parent=69443"}],"wp:term":[{"taxonomy":"category","embeddable":true,"href":"https:\/\/linitiative.ca\/International\/wp-json\/wp\/v2\/categories?post=69443"},{"taxonomy":"post_tag","embeddable":true,"href":"https:\/\/linitiative.ca\/International\/wp-json\/wp\/v2\/tags?post=69443"}],"curies":[{"name":"wp","href":"https:\/\/api.w.org\/{rel}","templated":true}]}}