{"id":69444,"date":"2019-12-05T13:49:00","date_gmt":"2019-12-05T18:49:00","guid":{"rendered":"https:\/\/linitiative.ca\/International\/carthage-nomme-lassaad-ben-lamine-coordinateur-general-de-la-francophonie-pour-preparer-le-sommet-de-tunis-2020\/"},"modified":"2019-12-05T13:49:00","modified_gmt":"2019-12-05T18:49:00","slug":"carthage-nomme-lassaad-ben-lamine-coordinateur-general-de-la-francophonie-pour-preparer-le-sommet-de-tunis-2020","status":"publish","type":"post","link":"https:\/\/linitiative.ca\/International\/carthage-nomme-lassaad-ben-lamine-coordinateur-general-de-la-francophonie-pour-preparer-le-sommet-de-tunis-2020\/","title":{"rendered":"Carthage nomme Lassaad Ben Lamine coordinateur g\u00e9n\u00e9ral de la Francophonie pour pr\u00e9parer le sommet de Tunis 2020"},"content":{"rendered":"<p>A douze mois de la tenue \u00e0 Tunis les 12 et 13 d\u00e9cembre 2020 du 18\u00e8me Sommet de la Francophonie, la Tunisie se dote d\u2019un nouveau coordinateur g\u00e9n\u00e9ral en charge du dossier, Mohamed Lass\u00e2ad Ben Lamine. Diplomate de carri\u00e8re (ministre pl\u00e9nipotentiaire hors classe), il a \u00e9t\u00e9 rappel\u00e9 de sa retraite pour assurer la rel\u00e8ve de l\u2019ancien ambassadeur Hafedh Bejjar qui avait mis sa d\u00e9mission, d\u00e9but novembre dernier, entre les mains du nouveau pr\u00e9sident de la R\u00e9publique, Kais Saied. Bejjar qui affiche au compteur le pilotage de nombre de grands sommets arabes (dont le tout dernier en mars 2019), africain (OUA) et sp\u00e9cialis\u00e9s (SMSI), avait \u00e9t\u00e9 charg\u00e9 par le pr\u00e9sident d\u00e9funt B\u00e9ji Ca\u00efd Essebsi, de poursuivre sur le m\u00eame \u00e9lan pour la r\u00e9ussite du Sommet francophone et a \u00e9t\u00e9 nomm\u00e9 \u00e0 cet effet par arr\u00eat\u00e9 du ministre des Affaires \u00e9trang\u00e8res.<\/p>\n<p>Son successeur, Lass\u00e2ad Ben Lamine, 30 ans de carri\u00e8re au sein du minist\u00e8re des Affaires \u00e9trang\u00e8res, est un sp\u00e9cialiste du multilat\u00e9ral. Son dernier poste avant de faire valoir ses droits \u00e0 la retraite \u00e9tait directeur des droits de l\u2019Homme. Au long de sa carri\u00e8re, il avait \u00e9t\u00e9 affect\u00e9 notamment \u00e0 New \u2013York (1987 \u2013 1993), La Hay (1999 \u2013 2004) et \u00e0 la d\u00e9l\u00e9gation de la Tunisie aupr\u00e8s de l\u2019Unesco \u00e0 Paris (2007 \u2013 2012). <a href=\"https:\/\/www.leaders.com.tn\/article\/28566-mohamed-lasaad-ben-lamine\">Voir sa biographie compl\u00e8te<\/a>.<\/p>\n<h2>Tout avait failli basculer<\/h2>\n<p>Alors que la r\u00e9union minist\u00e9rielle de la Francophonie convoqu\u00e9e les 30 et 31 octobre dernier \u00e0 Monaco, devait examiner les propositions de la Tunisie au sujet de la date du sommet, de son th\u00e8me et de son logo, l\u2019absence ce jour-l\u00e0 du ministre des Affaires \u00e9trang\u00e8res Khemaies Jhinaoui, non-autoris\u00e9 \u00e0 s\u2019y rendre (il sera \u2018\u2019d\u00e9mis\u2019\u2019 \/ il \u2018\u2019remettra sa d\u00e9mission\u2019\u2019), avait jet\u00e9 un grand froid dans le dos des participants. Pass\u00e9 l\u2019effet de surprise, et remplac\u00e9 \u00e0 pied lev\u00e9, par le secr\u00e9taire d\u2019Etat, Sabri Bach Tobji, la situation a \u00e9t\u00e9 sauv\u00e9e par la qualit\u00e9 du dossier pr\u00e9sent\u00e9 et les amples explications techniques fournies par Hafedh Bejjar et Nabil Lakhal, directement en charge du sommet.<\/p>\n<h2>Le sommet du 50\u00e8me anniversaire<\/h2>\n<p>La Tunisie avait obtenu en 2017, <a href=\"https:\/\/www.leaders.com.tn\/article\/21089-en-sommet-anniversaire-la-francophonie-celebrera-son-cinquantenaire-a-tunis-en-2020\">lors du sommet de Madagascar<\/a>, l\u2019organisation du 18\u00e8me Sommet qui co\u00efncide avec la c\u00e9l\u00e9bration du 50\u00e8me anniversaire de la cr\u00e9ation \u00e0 l\u2019initiative de Bourguiba, Diori et Senghor, \u00e0 Niamey, de l\u2019Agence de Coop\u00e9ration culturelle et technique (ACCT), l\u2019anc\u00eatre de l\u2019actuelle organisation de la Francophonie. C<a href=\"https:\/\/www.leaders.com.tn\/article\/25663-caid-essebsi-sur-les-traces-de-bourguiba-diori-et-senghor-pour-donner-a-la-francophonie-une-autre-dimension\">onduisant la d\u00e9l\u00e9gation tunisienne au 17\u00e8me sommet, tenu les 11 et 12 octobre 2018, \u00e0 Erevan, capitale de l\u2019Arm\u00e9nie, le pr\u00e9sident Ca\u00efd Essebsi, a re\u00e7u le flambeau<\/a>, faisant acc\u00e9der la Tunisie fin 2020, \u00e0 la pr\u00e9sidence de l\u2019Organisation francophone. Depuis lors, le minist\u00e8re des Affaires \u00e9trang\u00e8res avait d\u00e9clench\u00e9 le processus appropri\u00e9, en commen\u00e7ant par la mise en place du cadre r\u00e9glementaire, et des structures appropri\u00e9es.<\/p>\n<h2>Un dispositif d\u00e9j\u00e0 en place<\/h2>\n<p>C\u2019est ainsi qu\u2019un d\u00e9cret gouvernemental (n\u00b0 2019-428 du 20 mai 2019), a \u00e9t\u00e9 pris, portant cr\u00e9ation, d\u2019un comit\u00e9 national d\u2019organisation du 18\u00e8me sommet de la francophonie en 2020 \u00e0 Tunis et fixant son organisation et son mode de fonctionnement. En son article premier, il stipule qu\u2019il est cr\u00e9\u00e9 aupr\u00e8s du minist\u00e8re des affaires \u00e9trang\u00e8res un comit\u00e9 national d\u2019organisation du 18\u00e8me sommet de la francophonie, qui se tiendra \u00e0 Tunis en 2020, d\u00e9sign\u00e9 ci-apr\u00e8s \u00ab comit\u00e9 national \u00bb. Le comit\u00e9 national exerce, selon l\u2019article 2, ses attributions sous la supervision du Pr\u00e9sident de la R\u00e9publique. Il constitue le cadre institutionnel l\u00e9gal pour l\u2019ex\u00e9cution des actions li\u00e9es \u00e0 l\u2019organisation du sommet. Aussi, le ministre des affaires \u00e9trang\u00e8res assure la pr\u00e9sidence du comit\u00e9 national qui se compose des membres suivants : &#8211; un repr\u00e9sentant de la Pr\u00e9sidence de la R\u00e9publique, &#8211; le repr\u00e9sentant personnel du Pr\u00e9sident de la R\u00e9publique aupr\u00e8s de l\u2019organisation internationale de la francophonie, &#8211; un repr\u00e9sentant de la Pr\u00e9sidence du gouvernement, ainsi que des d\u00e9partements concern\u00e9s.<\/p>\n<p>De m\u00eame, sont cr\u00e9\u00e9es aupr\u00e8s du comit\u00e9 national les deux structures suivantes : &#8211; le comit\u00e9 ex\u00e9cutif, &#8211; le comit\u00e9 th\u00e9matique et \u00e9v\u00e9nementiel, ainsi qu\u2019un secr\u00e9tariat aupr\u00e8s du comit\u00e9 national. Il exerce ses attributions sous l\u2019autorit\u00e9 et le contr\u00f4le du Pr\u00e9sident du comit\u00e9 national. Selon l\u2019organigramme initial avec le ministre Khemaies Jhinaoui comme pr\u00e9sident du comit\u00e9 national, l\u2019ambassadeur Hafedh Bejjar en tant que coordinateur g\u00e9n\u00e9ral, c\u2019est F\u00e9rid Memmiche, repr\u00e9sentant personnel du pr\u00e9sident de la R\u00e9publique aupr\u00e8s de l\u2019OIF, bas\u00e9 \u00e0 Paris, qui est charg\u00e9 du comit\u00e9 th\u00e9matique, alors Nabil Lakhal, charg\u00e9 de mission au cabinet du ministre coiffe le comit\u00e9 \u00e9v\u00e8nementiel.<\/p>\n<p>Cette architecture est compl\u00e9t\u00e9e par la cr\u00e9ation de six commissions sp\u00e9cialis\u00e9es (arr\u00eat\u00e9s du 12 septembre 2019) charg\u00e9es respectivement de la communication, la s\u00e9curit\u00e9, le protocole et les relations publiques, les affaires administratives et financi\u00e8res, la logistique et la sant\u00e9. La pr\u00e9sidence des cinq premi\u00e8res commissions est assur\u00e9e par la pr\u00e9sidence de la R\u00e9publique alors que celle de la sant\u00e9 est confi\u00e9e au minist\u00e8re de la Sant\u00e9.<\/p>\n<h2>Logistique, mais aussi des th\u00e8mes politiques chauds<\/h2>\n<p>A-t-on pris du retard dans l\u2019avancement des pr\u00e9paratifs ? Les organisateurs exigeants n\u2019ont jamais suffisamment assez de temps pour bien r\u00e9ussir un \u00e9v\u00e9nement de cette ampleur. Il s\u2019agit \u00e0 pr\u00e9sent de d\u00e9signer les meilleurs \u00e0 tous les postes clefs, de mettre les bouch\u00e9es doubles pour rattraper le temps perdu, de d\u00e9finir le champ d\u2019intervention de la d\u00e9l\u00e9gation de la Tunisie aupr\u00e8s de l\u2019UNESCO (dirig\u00e9e par l\u2019ambassadeur Ghazi Ghera\u00efri) qui couvre \u00e9galement l\u2019OIF, et de d\u00e9gager les moyens financiers et humains n\u00e9cessaires. Le volet diplomatique est lui aussi de grande importance au vu de l\u2019agenda du Sommet devant notamment statuer sur <a href=\"https:\/\/www.leaders.com.tn\/article\/25678-l-arabie-saoudite-reporte-au-sommet-de-tunis-en-2020-sa-demande-d-adhesion-a-la-francophonie\">l\u2019admission de nouveaux membres au sein de l\u2019OIF, \u00e0 l\u2019instar de l\u2019Arabie saoudite.<br \/><\/a><br \/>T.H.<br \/>\u00a0<\/p>\n<p>Auteur:<br \/>\n<a href=\"https:\/\/www.leaders.com.tn\/article\/28568-mohamed-lasaad-ben-lamine\">Cliquez ici pour lire l&rsquo;article depuis sa source.<\/a><\/p>\n","protected":false},"excerpt":{"rendered":"<p>A douze mois de la tenue \u00e0 Tunis les 12 et 13 d\u00e9cembre 2020 du 18\u00e8me Sommet de la Francophonie, la Tunisie se dote d\u2019un nouveau coordinateur g\u00e9n\u00e9ral en charge du dossier, Mohamed Lass\u00e2ad Ben Lamine. Diplomate de carri\u00e8re (ministre pl\u00e9nipotentiaire hors classe), il a \u00e9t\u00e9 rappel\u00e9 de sa retraite pour assurer la rel\u00e8ve de [&hellip;]<\/p>\n","protected":false},"author":1772,"featured_media":0,"comment_status":"closed","ping_status":"closed","sticky":false,"template":"","format":"standard","meta":{"fifu_image_url":"","fifu_image_alt":"","footnotes":""},"categories":[73,55],"tags":[],"class_list":["post-69444","post","type-post","status-publish","format-standard","hentry","category-actualite","category-tunisie"],"_links":{"self":[{"href":"https:\/\/linitiative.ca\/International\/wp-json\/wp\/v2\/posts\/69444","targetHints":{"allow":["GET"]}}],"collection":[{"href":"https:\/\/linitiative.ca\/International\/wp-json\/wp\/v2\/posts"}],"about":[{"href":"https:\/\/linitiative.ca\/International\/wp-json\/wp\/v2\/types\/post"}],"author":[{"embeddable":true,"href":"https:\/\/linitiative.ca\/International\/wp-json\/wp\/v2\/users\/1772"}],"replies":[{"embeddable":true,"href":"https:\/\/linitiative.ca\/International\/wp-json\/wp\/v2\/comments?post=69444"}],"version-history":[{"count":0,"href":"https:\/\/linitiative.ca\/International\/wp-json\/wp\/v2\/posts\/69444\/revisions"}],"wp:attachment":[{"href":"https:\/\/linitiative.ca\/International\/wp-json\/wp\/v2\/media?parent=69444"}],"wp:term":[{"taxonomy":"category","embeddable":true,"href":"https:\/\/linitiative.ca\/International\/wp-json\/wp\/v2\/categories?post=69444"},{"taxonomy":"post_tag","embeddable":true,"href":"https:\/\/linitiative.ca\/International\/wp-json\/wp\/v2\/tags?post=69444"}],"curies":[{"name":"wp","href":"https:\/\/api.w.org\/{rel}","templated":true}]}}