{"id":69445,"date":"2019-12-05T14:46:00","date_gmt":"2019-12-05T19:46:00","guid":{"rendered":"https:\/\/linitiative.ca\/International\/lugtt-rend-hommage-a-mohamed-ennaceur-album-photos\/"},"modified":"2019-12-05T14:46:00","modified_gmt":"2019-12-05T19:46:00","slug":"lugtt-rend-hommage-a-mohamed-ennaceur-album-photos","status":"publish","type":"post","link":"https:\/\/linitiative.ca\/International\/lugtt-rend-hommage-a-mohamed-ennaceur-album-photos\/","title":{"rendered":"L\u00a0\u00bbUgtt rend hommage \u00e0 Mohamed Ennaceur (Album Photos)"},"content":{"rendered":"<p class=\"MsoNormal\">L\u2019Ugtt a honor\u00e9 ce jeudi 5 d\u00e9cembre Mohamed<span class=\"c2\">\u00a0<\/span> Ennaceur.Commentant l\u2019\u00e9venement, le secr\u00e9taire g\u00e9n\u00e9ral de l\u2019Ugtt a d\u00e9clar\u00e9 qu\u2019il s\u2019agissait d\u2019un geste de reconnaissance des structures de la centrale envers l&rsquo;ancien pr\u00e9sident de la R\u00e9publique par int\u00e9rim.<\/p>\n<p class=\"MsoNormal\">Rappelons que Mohamed Ennaceur a \u00e9t\u00e9 pendant plusieurs ann\u00e9es ministre des Affaires sociales sous Bourguiba. Son passage \u00e0 ce minist\u00e8re a \u00e9t\u00e9 marqu\u00e9 par de nombreuses mesures sociales, notamment le pacte social et les conventions collectives.<\/p>\n<p>Auteur:<br \/>\n<a href=\"https:\/\/www.leaders.com.tn\/article\/28569-l-ugtt-rend-hommage-a-mohamed-ennaceur\">Cliquez ici pour lire l&rsquo;article depuis sa source.<\/a><\/p>\n","protected":false},"excerpt":{"rendered":"<p>L\u2019Ugtt a honor\u00e9 ce jeudi 5 d\u00e9cembre Mohamed\u00a0 Ennaceur.Commentant l\u2019\u00e9venement, le secr\u00e9taire g\u00e9n\u00e9ral de l\u2019Ugtt a d\u00e9clar\u00e9 qu\u2019il s\u2019agissait d\u2019un geste de reconnaissance des structures de la centrale envers l&rsquo;ancien pr\u00e9sident de la R\u00e9publique par int\u00e9rim. Rappelons que Mohamed Ennaceur a \u00e9t\u00e9 pendant plusieurs ann\u00e9es ministre des Affaires sociales sous Bourguiba. Son passage \u00e0 ce [&hellip;]<\/p>\n","protected":false},"author":1772,"featured_media":0,"comment_status":"closed","ping_status":"closed","sticky":false,"template":"","format":"standard","meta":{"fifu_image_url":"","fifu_image_alt":"","footnotes":""},"categories":[73,55],"tags":[],"class_list":["post-69445","post","type-post","status-publish","format-standard","hentry","category-actualite","category-tunisie"],"_links":{"self":[{"href":"https:\/\/linitiative.ca\/International\/wp-json\/wp\/v2\/posts\/69445","targetHints":{"allow":["GET"]}}],"collection":[{"href":"https:\/\/linitiative.ca\/International\/wp-json\/wp\/v2\/posts"}],"about":[{"href":"https:\/\/linitiative.ca\/International\/wp-json\/wp\/v2\/types\/post"}],"author":[{"embeddable":true,"href":"https:\/\/linitiative.ca\/International\/wp-json\/wp\/v2\/users\/1772"}],"replies":[{"embeddable":true,"href":"https:\/\/linitiative.ca\/International\/wp-json\/wp\/v2\/comments?post=69445"}],"version-history":[{"count":0,"href":"https:\/\/linitiative.ca\/International\/wp-json\/wp\/v2\/posts\/69445\/revisions"}],"wp:attachment":[{"href":"https:\/\/linitiative.ca\/International\/wp-json\/wp\/v2\/media?parent=69445"}],"wp:term":[{"taxonomy":"category","embeddable":true,"href":"https:\/\/linitiative.ca\/International\/wp-json\/wp\/v2\/categories?post=69445"},{"taxonomy":"post_tag","embeddable":true,"href":"https:\/\/linitiative.ca\/International\/wp-json\/wp\/v2\/tags?post=69445"}],"curies":[{"name":"wp","href":"https:\/\/api.w.org\/{rel}","templated":true}]}}