{"id":69446,"date":"2019-12-05T05:00:00","date_gmt":"2019-12-05T10:00:00","guid":{"rendered":"https:\/\/linitiative.ca\/International\/les-cheveux-secs\/"},"modified":"2019-12-05T05:00:00","modified_gmt":"2019-12-05T10:00:00","slug":"les-cheveux-secs","status":"publish","type":"post","link":"https:\/\/linitiative.ca\/International\/les-cheveux-secs\/","title":{"rendered":"Les cheveux secs"},"content":{"rendered":"<p>Avec un aspect de paille, ils sont r\u00eaches au toucher, ternes, cassants, fourchus, difficiles \u00e0 coiffer et \u00e0 d\u00e9m\u00ealer, particuli\u00e8rement \u00e9lectriques\u2026 Ne cherchez pas davantage, vous avez les cheveux secs ! Deux raisons possibles : un d\u00e9ficit constitutionnel au niveau de la s\u00e9cr\u00e9tion s\u00e9bac\u00e9e ou une agression temporaire.<\/p>\n<p><strong>Secs en r\u00e9action \u00e0\u2026<\/strong><br \/>Une eau chlor\u00e9e, des shampooings trop d\u00e9tergents, des permanentes, des brushings trop chauds, des brossages intensifs, des d\u00e9colorations ou des colorations\u2026 figurent parmi les causes les plus fr\u00e9quentes d\u2019agression occasionnant une s\u00e9cheresse capillaire. La premi\u00e8re mesure consiste donc \u00e0 supprimer la ou les causes.<br \/><strong>Secs par nature<\/strong><br \/>Les cheveux dits \u00ab normaux \u00bb sont correctement lubrifi\u00e9s par le s\u00e9bum. Les \u00e9cailles sont aplaties et bien imbriqu\u00e9es les unes dans les autres. Mais lorsque le cuir chevelu et les cheveux sont insuffisamment prot\u00e9g\u00e9s et lubrifi\u00e9s, les cons\u00e9quences ne passent pas inaper\u00e7ues.<br \/>Particuli\u00e8rement lisse, le cuir chevelu devient facilement irritable. Il perd de sa souplesse provoquant un inconfort cutan\u00e9, des tiraillements et des squames (pellicules s\u00e8ches). Les cheveux deviennent secs, cassants et ternes. Ils pr\u00e9sentent alors une porosit\u00e9 et une fragilit\u00e9 accrue avec souvent des pointes qui fourchent. Les \u00e9cailles se soul\u00e8vent rendant les cheveux vuln\u00e9rables.<\/p>\n<p>Auteur:<br \/>\n<a href=\"https:\/\/www.lesoirdalgerie.com\/femme-magazine\/les-cheveux-secs-34741\">Cliquez ici pour lire l&rsquo;article depuis sa source.<\/a><\/p>\n","protected":false},"excerpt":{"rendered":"<p>Avec un aspect de paille, ils sont r\u00eaches au toucher, ternes, cassants, fourchus, difficiles \u00e0 coiffer et \u00e0 d\u00e9m\u00ealer, particuli\u00e8rement \u00e9lectriques\u2026 Ne cherchez pas davantage, vous avez les cheveux secs ! Deux raisons possibles : un d\u00e9ficit constitutionnel au niveau de la s\u00e9cr\u00e9tion s\u00e9bac\u00e9e ou une agression temporaire. Secs en r\u00e9action \u00e0\u2026Une eau chlor\u00e9e, des [&hellip;]<\/p>\n","protected":false},"author":1741,"featured_media":0,"comment_status":"closed","ping_status":"closed","sticky":false,"template":"","format":"standard","meta":{"fifu_image_url":"","fifu_image_alt":"","footnotes":""},"categories":[73,53],"tags":[],"class_list":["post-69446","post","type-post","status-publish","format-standard","hentry","category-actualite","category-algerie"],"_links":{"self":[{"href":"https:\/\/linitiative.ca\/International\/wp-json\/wp\/v2\/posts\/69446","targetHints":{"allow":["GET"]}}],"collection":[{"href":"https:\/\/linitiative.ca\/International\/wp-json\/wp\/v2\/posts"}],"about":[{"href":"https:\/\/linitiative.ca\/International\/wp-json\/wp\/v2\/types\/post"}],"author":[{"embeddable":true,"href":"https:\/\/linitiative.ca\/International\/wp-json\/wp\/v2\/users\/1741"}],"replies":[{"embeddable":true,"href":"https:\/\/linitiative.ca\/International\/wp-json\/wp\/v2\/comments?post=69446"}],"version-history":[{"count":0,"href":"https:\/\/linitiative.ca\/International\/wp-json\/wp\/v2\/posts\/69446\/revisions"}],"wp:attachment":[{"href":"https:\/\/linitiative.ca\/International\/wp-json\/wp\/v2\/media?parent=69446"}],"wp:term":[{"taxonomy":"category","embeddable":true,"href":"https:\/\/linitiative.ca\/International\/wp-json\/wp\/v2\/categories?post=69446"},{"taxonomy":"post_tag","embeddable":true,"href":"https:\/\/linitiative.ca\/International\/wp-json\/wp\/v2\/tags?post=69446"}],"curies":[{"name":"wp","href":"https:\/\/api.w.org\/{rel}","templated":true}]}}