{"id":69447,"date":"2019-12-05T14:16:04","date_gmt":"2019-12-05T19:16:04","guid":{"rendered":"https:\/\/linitiative.ca\/International\/agadir-continue-a-attirer-les-touristes\/"},"modified":"2019-12-05T14:16:04","modified_gmt":"2019-12-05T19:16:04","slug":"agadir-continue-a-attirer-les-touristes","status":"publish","type":"post","link":"https:\/\/linitiative.ca\/International\/agadir-continue-a-attirer-les-touristes\/","title":{"rendered":"Agadir continue \u00e0 attirer les touristes"},"content":{"rendered":"<p><strong>Les \u00e9tablissements h\u00f4teliers class\u00e9s 4 \u00e9toiles ont accueilli le plus grand nombre de touristes ayant visit\u00e9 Agadir en octobre.<\/strong><\/p>\n<div class=\"c10\"\/>\n<p>De plus en plus de touristes sont s\u00e9duits par la Perle du Sud. Le nombre de touristes, toutes nationalit\u00e9s confondues, ayant visit\u00e9 la ville d\u2019<strong>Agadir<\/strong> durant le mois d\u2019octobre 2019 s\u2019est \u00e9tabli \u00e0 96.716 contre 93.918 touristes durant le m\u00eame mois de 2018, soit une hausse de 2,98%.<\/p>\n<p>Selon les donn\u00e9es du Conseil R\u00e9gional du Tourisme (CRT) d\u2019Agadir-Souss-Massa, les <strong>touristes<\/strong> marocains arrivent au premier rang des visiteurs de la ville (27.310), suivis des touristes fran\u00e7ais avec 20.363 visiteurs contre 17.008 touristes en octobre 2018, soit une hausse de 19,73%. Les touristes allemands arrivent en 3\u00e8me position, avec un total de 12.821 visiteurs, suivis, \u00e0 la 4\u00e8me place, par les touristes britanniques avec 10.521 visiteurs en octobre dernier, soit une hausse de 13,04%.<\/p>\n<p>Par ailleurs, les \u00e9tablissements h\u00f4teliers class\u00e9s 4 \u00e9toiles ont accueilli le plus grand nombre de touristes ayant visit\u00e9 Agadir en octobre, soit un total de 29.782, suivis des clubs touristiques avec 20. 617 touristes. Les <strong>h\u00f4tels<\/strong> de luxe de la cat\u00e9gorie 5 \u00e9toiles ont re\u00e7u, quant \u00e0 eux, 19.543 touristes.<\/p>\n<p>Toujours selon le CRT, le taux d\u2019occupation des diff\u00e9rentes unit\u00e9s d\u2019h\u00e9bergement touristique class\u00e9es durant octobre 2019 s\u2019est \u00e9tabli \u00e0 52,78%, alors que la moyenne de la dur\u00e9e de s\u00e9jour durant la m\u00eame p\u00e9riode pour chaque touriste a \u00e9t\u00e9 \u00e9valu\u00e9e \u00e0 4,54 nuits.<\/p>\n<div class=\"c17\">\n<fieldset class=\"c16\">\n<legend><strong><span class=\"c11\">Challenge<\/span><span class=\"c12\">news<\/span><\/strong><\/legend>\n<div class=\"c15\">Le meilleur de Challenge s\u00e9lectionn\u00e9 par la r\u00e9daction :<\/p>\n<\/div>\n<\/fieldset>\n<\/div>\n<p>Auteur: challenge<br \/>\n<a href=\"https:\/\/www.challenge.ma\/agadir-continue-a-attirer-les-touristes-124938\/\">Cliquez ici pour lire l&rsquo;article depuis sa source.<\/a><\/p>\n","protected":false},"excerpt":{"rendered":"<p>Les \u00e9tablissements h\u00f4teliers class\u00e9s 4 \u00e9toiles ont accueilli le plus grand nombre de touristes ayant visit\u00e9 Agadir en octobre. De plus en plus de touristes sont s\u00e9duits par la Perle du Sud. Le nombre de touristes, toutes nationalit\u00e9s confondues, ayant visit\u00e9 la ville d\u2019Agadir durant le mois d\u2019octobre 2019 s\u2019est \u00e9tabli \u00e0 96.716 contre 93.918 [&hellip;]<\/p>\n","protected":false},"author":1787,"featured_media":0,"comment_status":"closed","ping_status":"closed","sticky":false,"template":"","format":"standard","meta":{"fifu_image_url":"","fifu_image_alt":"","footnotes":""},"categories":[78,54],"tags":[],"class_list":["post-69447","post","type-post","status-publish","format-standard","hentry","category-economie","category-maroc"],"_links":{"self":[{"href":"https:\/\/linitiative.ca\/International\/wp-json\/wp\/v2\/posts\/69447","targetHints":{"allow":["GET"]}}],"collection":[{"href":"https:\/\/linitiative.ca\/International\/wp-json\/wp\/v2\/posts"}],"about":[{"href":"https:\/\/linitiative.ca\/International\/wp-json\/wp\/v2\/types\/post"}],"author":[{"embeddable":true,"href":"https:\/\/linitiative.ca\/International\/wp-json\/wp\/v2\/users\/1787"}],"replies":[{"embeddable":true,"href":"https:\/\/linitiative.ca\/International\/wp-json\/wp\/v2\/comments?post=69447"}],"version-history":[{"count":0,"href":"https:\/\/linitiative.ca\/International\/wp-json\/wp\/v2\/posts\/69447\/revisions"}],"wp:attachment":[{"href":"https:\/\/linitiative.ca\/International\/wp-json\/wp\/v2\/media?parent=69447"}],"wp:term":[{"taxonomy":"category","embeddable":true,"href":"https:\/\/linitiative.ca\/International\/wp-json\/wp\/v2\/categories?post=69447"},{"taxonomy":"post_tag","embeddable":true,"href":"https:\/\/linitiative.ca\/International\/wp-json\/wp\/v2\/tags?post=69447"}],"curies":[{"name":"wp","href":"https:\/\/api.w.org\/{rel}","templated":true}]}}