{"id":69448,"date":"2019-12-05T16:27:46","date_gmt":"2019-12-05T21:27:46","guid":{"rendered":"https:\/\/linitiative.ca\/International\/bruno-le-maire-critique-renault-et-psa\/"},"modified":"2019-12-05T16:27:46","modified_gmt":"2019-12-05T21:27:46","slug":"bruno-le-maire-critique-renault-et-psa","status":"publish","type":"post","link":"https:\/\/linitiative.ca\/International\/bruno-le-maire-critique-renault-et-psa\/","title":{"rendered":"Bruno Le Maire critique Renault et PSA"},"content":{"rendered":"<p><strong>Le ministre n\u2019appr\u00e9cie pas que deux best-sellers des constructeurs fran\u00e7ais soient fabriqu\u00e9s \u00e0 l\u2019\u00e9tranger.<\/strong><\/p>\n<div class=\"c10\"\/>\n<p>Le ministre fran\u00e7ais de l\u2019Economie n\u2019est pas content de la strat\u00e9gie de Renault et <strong>PSA<\/strong> et l\u2019a fait savoir devant l\u2019ensemble des professionnels de la fili\u00e8re automobile. Bruno Le Maire leur reproche de ne plus produire en France leurs best-sellers, la <strong>Renault<\/strong> Clio et la Peugeot 208, rapporte bfmtv.com.<\/p>\n<p>\u00ab\u00a0Ce mod\u00e8le de d\u00e9veloppement est un \u00e9chec\u00a0\u00bb, a estim\u00e9 le ministre de l\u2019Economie en faisant r\u00e9f\u00e9rence \u00e0 la 208 fabriqu\u00e9e dans l\u2019usine de K\u00e9nitra et en Slov\u00e9nie \u00e0 Trnava et la Clio assembl\u00e9e \u00e0 Bursa en Turquie. \u00ab\u00a0Qu\u2019est-ce que cela veut dire ? Nous produisons et nous assemblons au Maroc, en Slovaquie en Turquie pour r\u00e9importer en France \u00e0 des fins commerciales. Je ne me satisfais pas d\u2019un mod\u00e8le o\u00f9 les deux v\u00e9hicules les plus vendus en France -la Clio et la 208- ne sont plus produits en France. Ce mod\u00e8le de d\u00e9veloppement est un \u00e9chec \u00bb, a ajout\u00e9 <strong>Bruno Le Maire<\/strong>.<\/p>\n<p>Lire aussi : <a href=\"https:\/\/www.challenge.ma\/peugeot-208-sa-commercialisation-debute-incessamment-122822\/\" target=\"_blank\" rel=\"noreferrer noopener\" aria-label=\" (s\u2019ouvre dans un nouvel onglet)\">Peugeot 208 : sa commercialisation d\u00e9bute incessamment<\/a><\/p>\n<p>bfmtv.com rappelle que les constructeurs justifient en partie cette politique pour des raisons de co\u00fbts de production. Mais pour le ministre, il s\u2019agit d\u2019un double \u00e9chec.\u00a0\u00ab\u00a0Un \u00e9chec \u00e9conomique, car il a conduit \u00e0 d\u00e9localiser notre production et \u00e0 d\u00e9truire des emplois. La France est le pays d\u2019Europe qui a le plus d\u00e9localis\u00e9 son industrie <strong>automobile<\/strong> durant la derni\u00e8re d\u00e9cennie. Un \u00e9chec \u00e9cologique, car il a conduit \u00e0 l\u2019augmentation des \u00e9missions de CO2\u00a0\u00bb. Bruno Le Maire se veut cat\u00e9gorique\u00a0: \u00ab\u00a0Nous ne voulons plus de ce mod\u00e8le\u00a0\u00bb.<\/p>\n<div class=\"c17\">\n<fieldset class=\"c16\">\n<legend><strong><span class=\"c11\">Challenge<\/span><span class=\"c12\">news<\/span><\/strong><\/legend>\n<div class=\"c15\">Le meilleur de Challenge s\u00e9lectionn\u00e9 par la r\u00e9daction :<\/p>\n<\/div>\n<\/fieldset>\n<\/div>\n<p>Auteur: challenge<br \/>\n<a href=\"https:\/\/www.challenge.ma\/bruno-le-maire-critique-renault-et-psa-124941\/\">Cliquez ici pour lire l&rsquo;article depuis sa source.<\/a><\/p>\n","protected":false},"excerpt":{"rendered":"<p>Le ministre n\u2019appr\u00e9cie pas que deux best-sellers des constructeurs fran\u00e7ais soient fabriqu\u00e9s \u00e0 l\u2019\u00e9tranger. Le ministre fran\u00e7ais de l\u2019Economie n\u2019est pas content de la strat\u00e9gie de Renault et PSA et l\u2019a fait savoir devant l\u2019ensemble des professionnels de la fili\u00e8re automobile. Bruno Le Maire leur reproche de ne plus produire en France leurs best-sellers, la [&hellip;]<\/p>\n","protected":false},"author":1787,"featured_media":0,"comment_status":"closed","ping_status":"closed","sticky":false,"template":"","format":"standard","meta":{"fifu_image_url":"","fifu_image_alt":"","footnotes":""},"categories":[78,54],"tags":[],"class_list":["post-69448","post","type-post","status-publish","format-standard","hentry","category-economie","category-maroc"],"_links":{"self":[{"href":"https:\/\/linitiative.ca\/International\/wp-json\/wp\/v2\/posts\/69448","targetHints":{"allow":["GET"]}}],"collection":[{"href":"https:\/\/linitiative.ca\/International\/wp-json\/wp\/v2\/posts"}],"about":[{"href":"https:\/\/linitiative.ca\/International\/wp-json\/wp\/v2\/types\/post"}],"author":[{"embeddable":true,"href":"https:\/\/linitiative.ca\/International\/wp-json\/wp\/v2\/users\/1787"}],"replies":[{"embeddable":true,"href":"https:\/\/linitiative.ca\/International\/wp-json\/wp\/v2\/comments?post=69448"}],"version-history":[{"count":0,"href":"https:\/\/linitiative.ca\/International\/wp-json\/wp\/v2\/posts\/69448\/revisions"}],"wp:attachment":[{"href":"https:\/\/linitiative.ca\/International\/wp-json\/wp\/v2\/media?parent=69448"}],"wp:term":[{"taxonomy":"category","embeddable":true,"href":"https:\/\/linitiative.ca\/International\/wp-json\/wp\/v2\/categories?post=69448"},{"taxonomy":"post_tag","embeddable":true,"href":"https:\/\/linitiative.ca\/International\/wp-json\/wp\/v2\/tags?post=69448"}],"curies":[{"name":"wp","href":"https:\/\/api.w.org\/{rel}","templated":true}]}}