{"id":69449,"date":"2019-12-05T17:20:55","date_gmt":"2019-12-05T22:20:55","guid":{"rendered":"https:\/\/linitiative.ca\/International\/tunisie-derniere-minute-les-premiers-noms-de-ministres-commencent-a-fuiter-de-dar-dhiafa\/"},"modified":"2019-12-05T17:20:55","modified_gmt":"2019-12-05T22:20:55","slug":"tunisie-derniere-minute-les-premiers-noms-de-ministres-commencent-a-fuiter-de-dar-dhiafa","status":"publish","type":"post","link":"https:\/\/linitiative.ca\/International\/tunisie-derniere-minute-les-premiers-noms-de-ministres-commencent-a-fuiter-de-dar-dhiafa\/","title":{"rendered":"Tunisie \u2013 DERNIERE MINUTE\u00a0: Les premiers noms de ministres commencent \u00e0 fuiter de Dar Dhiafa"},"content":{"rendered":"<div class=\"post-cont-in left relative\">\n<div class=\"swp_social_panel swp_horizontal_panel swp_flat_fresh swp_default_full_color swp_individual_full_color swp_other_full_color scale-100 scale-\" data-min-width=\"1100\" data-float-color=\"#ffffff\" data-float=\"none\" data-float-mobile=\"none\" data-transition=\"slide\">\n<div class=\"nc_tweetContainer swp_share_button total_shares total_sharesalt\"><span class=\"swp_count\">1 <span class=\"swp_label\">Partages<\/span><\/span><\/div>\n<\/div>\n<p>Les noms de quelques futurs ministres commencent \u00e0 fuiter des couloirs de Dar Dhiafa, au fur et \u00e0 mesure que la formation du gouvernement commence \u00e0 prendre forme.<\/p>\n<div class=\"code-block code-block-1 c3\"><ins class=\"adsbygoogle c2\" data-ad-layout=\"in-article\" data-ad-format=\"fluid\" data-ad-client=\"ca-pub-2102118777505746\" data-ad-slot=\"7301775417\"\/> <\/div>\n<p>Ainsi, TunisieNumerique vient d\u2019apprendre que Mohamed Fadhel Abdelkefi vient de se voir proposer le minist\u00e8re de l\u2019\u00e9conomie, ou celui de la coop\u00e9ration internationale et de l\u2019investissement.<\/p>\n<p>Par ailleurs, l\u2019actuel PDG de Tunisair, Elyes Mnakbi aurait \u00e9t\u00e9 pressenti pour le minist\u00e8re de l\u2019int\u00e9rieur. Mais cette proposition aurait suscit\u00e9 des r\u00e9serves de la part d\u2019Ennahdha, qui insiste pour que le ministre de l\u2019int\u00e9rieur soit plus conciliant avec elle. Dans lequel cas, Mnakbi se verrait proposer le minist\u00e8re des transports.<\/p>\n<p>Sur un autre plan, Jemli est en train de faire beaucoup d\u2019efforts pour s\u2019assurer la participation du mouvement du peuple. Mais ses leaders ne semblent pas tent\u00e9s par l\u2019exp\u00e9rience, d\u2019habitude fatale, de la coalition avec Ennahdha, surtout en cette p\u00e9riode de crise suraig\u00fce.<\/p>\n<p><strong>Que se passe-t-il en Tunisie?<\/strong><br \/>Nous expliquons sur notre <a href=\"https:\/\/www.youtube.com\/channel\/UCRzypVq0B_yBad5eGrwBx0Q?sub_confirmation=1\" target=\"_blank\" rel=\"noopener noreferrer\">cha\u00eene YouTube<\/a> . <a href=\"https:\/\/www.youtube.com\/channel\/UCRzypVq0B_yBad5eGrwBx0Q?sub_confirmation=1\" target=\"_blank\" rel=\"noopener noreferrer\">Abonnez-vous!<\/a><\/p>\n<div class=\"mvp-org-wrap mvp-org-logo\" itemprop=\"publisher\" itemscope=\"\" itemtype=\"https:\/\/schema.org\/Organization\"><img decoding=\"async\" src=\"https:\/\/www.tunisienumerique.com\/wp-content\/uploads\/2017\/02\/logo_tunisie_numerique.png\"\/><\/div>\n<div class=\"swp_social_panel swp_horizontal_panel swp_flat_fresh swp_default_full_color swp_individual_full_color swp_other_full_color scale-100 scale-\" data-min-width=\"1100\" data-float-color=\"#ffffff\" data-float=\"none\" data-float-mobile=\"none\" data-transition=\"slide\">\n<div class=\"nc_tweetContainer swp_share_button total_shares total_sharesalt\"><span class=\"swp_count\">1 <span class=\"swp_label\">Partages<\/span><\/span><\/div>\n<\/div>\n<div class=\"mvp-related-posts left relative\">\n<h4 class=\"post-header\"><span class=\"post-header\">Lire aussi<\/span><\/h4>\n<\/div>\n<\/div>\n<p>Auteur: LM<br \/>\n<a href=\"https:\/\/www.tunisienumerique.com\/tunisie-derniere-minute-les-premiers-noms-de-ministres-commencent-a-fuiter-de-dar-dhiafa\/\">Cliquez ici pour lire l&rsquo;article depuis sa source.<\/a><\/p>\n","protected":false},"excerpt":{"rendered":"<p>1 Partages Les noms de quelques futurs ministres commencent \u00e0 fuiter des couloirs de Dar Dhiafa, au fur et \u00e0 mesure que la formation du gouvernement commence \u00e0 prendre forme. Ainsi, TunisieNumerique vient d\u2019apprendre que Mohamed Fadhel Abdelkefi vient de se voir proposer le minist\u00e8re de l\u2019\u00e9conomie, ou celui de la coop\u00e9ration internationale et de [&hellip;]<\/p>\n","protected":false},"author":1789,"featured_media":69450,"comment_status":"closed","ping_status":"closed","sticky":false,"template":"","format":"standard","meta":{"fifu_image_url":"","fifu_image_alt":"","footnotes":""},"categories":[73,55],"tags":[],"class_list":["post-69449","post","type-post","status-publish","format-standard","has-post-thumbnail","hentry","category-actualite","category-tunisie"],"_links":{"self":[{"href":"https:\/\/linitiative.ca\/International\/wp-json\/wp\/v2\/posts\/69449","targetHints":{"allow":["GET"]}}],"collection":[{"href":"https:\/\/linitiative.ca\/International\/wp-json\/wp\/v2\/posts"}],"about":[{"href":"https:\/\/linitiative.ca\/International\/wp-json\/wp\/v2\/types\/post"}],"author":[{"embeddable":true,"href":"https:\/\/linitiative.ca\/International\/wp-json\/wp\/v2\/users\/1789"}],"replies":[{"embeddable":true,"href":"https:\/\/linitiative.ca\/International\/wp-json\/wp\/v2\/comments?post=69449"}],"version-history":[{"count":0,"href":"https:\/\/linitiative.ca\/International\/wp-json\/wp\/v2\/posts\/69449\/revisions"}],"wp:featuredmedia":[{"embeddable":true,"href":"https:\/\/linitiative.ca\/International\/wp-json\/"}],"wp:attachment":[{"href":"https:\/\/linitiative.ca\/International\/wp-json\/wp\/v2\/media?parent=69449"}],"wp:term":[{"taxonomy":"category","embeddable":true,"href":"https:\/\/linitiative.ca\/International\/wp-json\/wp\/v2\/categories?post=69449"},{"taxonomy":"post_tag","embeddable":true,"href":"https:\/\/linitiative.ca\/International\/wp-json\/wp\/v2\/tags?post=69449"}],"curies":[{"name":"wp","href":"https:\/\/api.w.org\/{rel}","templated":true}]}}