{"id":69452,"date":"2019-12-05T15:41:07","date_gmt":"2019-12-05T20:41:07","guid":{"rendered":"https:\/\/linitiative.ca\/International\/amelioration-de-loffre-de-sante-le-chr-de-ziniare-ouvre-ses-portes\/"},"modified":"2019-12-05T15:41:07","modified_gmt":"2019-12-05T20:41:07","slug":"amelioration-de-loffre-de-sante-le-chr-de-ziniare-ouvre-ses-portes","status":"publish","type":"post","link":"https:\/\/linitiative.ca\/International\/amelioration-de-loffre-de-sante-le-chr-de-ziniare-ouvre-ses-portes\/","title":{"rendered":"Am\u00e9lioration de l\u2019offre de sant\u00e9   : le CHR de Ziniar\u00e9 ouvre ses portes"},"content":{"rendered":"<div class=\"td-post-featured-image\"><a href=\"https:\/\/i2.wp.com\/www.sidwaya.info\/wp-content\/uploads\/2019\/12\/1-18.jpg?fit=595%2C397&#038;ssl=1\" data-caption=\"\"><img loading=\"lazy\" decoding=\"async\" width=\"595\" height=\"397\" class=\"entry-thumb td-modal-image\" src=\"https:\/\/i2.wp.com\/www.sidwaya.info\/wp-content\/uploads\/2019\/12\/1-18.jpg?resize=595%2C397&#038;ssl=1\" srcset=\"https:\/\/i2.wp.com\/www.sidwaya.info\/wp-content\/uploads\/2019\/12\/1-18.jpg?w=595&#038;ssl=1 595w, https:\/\/i2.wp.com\/www.sidwaya.info\/wp-content\/uploads\/2019\/12\/1-18.jpg?resize=300%2C200&#038;ssl=1 300w\" sizes=\"auto, (max-width: 595px) 100vw, 595px\" alt=\"\" title=\"1\"\/><\/a><\/div>\n<p><strong>Le Pr\u00e9sident du Faso, Roch Marc Christian Kabor\u00e9, a inaugur\u00e9, le jeudi 5 d\u00e9cembre 2019, le Centre hospitalier r\u00e9gional de Ziniar\u00e9, d\u2019une capacit\u00e9 de 300 lits avec possibilit\u00e9 d\u2019extension. B\u00e2ti sur une superficie de 25 hectares, l\u2019infrastructure offre les services d\u2019un h\u00f4pital de son rang.<\/strong><\/p>\n<p>Les 949 000 habitants de la r\u00e9gion du Plateau central ont d\u00e9sormais un Centre hospitalier r\u00e9gional (CHR) \u00e0 leur disposition, \u00e0 Ziniar\u00e9, avec une capacit\u00e9 de 300 lits, extensible. Ils pourront y b\u00e9n\u00e9ficier de prestations notamment en mati\u00e8re d\u2019urgences chirurgicales et m\u00e9dicales, de gyn\u00e9co-obst\u00e9trique, de p\u00e9diatrie, d\u2019ophtalmologie, d\u2019ORL, d\u2019odontostomatologie et de m\u00e9decine g\u00e9n\u00e9rale. Le Pr\u00e9sident du Faso, Roch Marc Christian Kabor\u00e9, a inaugur\u00e9 l\u2019infrastructure, le jeudi 5 d\u00e9cembre 2019. Le gouverneur de la r\u00e9gion du Plateau central, Fatoumata Benon, a salu\u00e9 le rapprochement des services sanitaires de haut niveau des populations. Elle a souhait\u00e9 que du fait de la proximit\u00e9 avec le futur a\u00e9roport de Donsin, le nouveau CHR soit dot\u00e9 d\u2019un service de grands br\u00fbl\u00e9s et d\u2019un h\u00e9liport pour parer \u00e0 toute \u00e9ventualit\u00e9.<\/p>\n<p>La transformation de la nouvelle infrastructure en Centre hospitalier universitaire (CHU) est d\u00e9j\u00e0 un v\u0153u de la gouverneure de la r\u00e9gion. Sur ce point, le ministre de la Sant\u00e9, Claudine Lougu\u00e9, a confi\u00e9 que des dispositions sont d\u00e9j\u00e0 prises par son d\u00e9partement pour faciliter cette mutation. \u00ab Des \u00e9tudes pour la phase compl\u00e9mentaire du projet de CHR visant la construction des services sp\u00e9cialis\u00e9s ont \u00e9t\u00e9 faites et le financement de cette phase est en cours de mobilisation aupr\u00e8s de nos partenaires qui se sont engag\u00e9s \u00e0 ce qu\u2019elle soit une r\u00e9alit\u00e9 en 2020 \u00bb, a-t-elle ajout\u00e9. La nouvelle formation sanitaire est construite suivant les exigences d\u2019un h\u00f4pital moderne, d\u2019apr\u00e8s le chef du d\u00e9partement de la Sant\u00e9. Le CHR a co\u00fbt\u00e9 pr\u00e8s de 15 milliards F CFA \u00e0 la Banque arabe pour le d\u00e9veloppement \u00e9conomique en Afrique (BADEA) et au Fonds de l\u2019OPEP pour le d\u00e9veloppement international qui ont cofinanc\u00e9 les travaux et les \u00e9quipements, a r\u00e9v\u00e9l\u00e9 Pr Lougu\u00e9. Elle a invit\u00e9 le personnel de l\u2019h\u00f4pital et les populations du Plateau central au bon entretien du joyau, b\u00e2ti sur une superficie de 25 hectares (ha).<\/p>\n<p>Deux ambulances et un minibus pr\u00e9sent\u00e9s \u00e0 la c\u00e9r\u00e9monie d\u2019inauguration, font partie des \u00e9quipements du CHR. La visite de quelques services de l\u2019h\u00f4pital par le pr\u00e9sident du Faso a constitu\u00e9 le point d\u2019orgue de la c\u00e9r\u00e9monie d\u2019inauguration.<\/p>\n<p class=\"c1\">Jean Philibert SOME<\/p>\n<hr\/>\n<p><strong>\u00ab En mati\u00e8re de sant\u00e9, il n\u2019y a jamais de succ\u00e8s complet\u00bb,<\/strong> le pr\u00e9sident du Faso<br \/>C\u2019est une infrastructure qui \u00e9tait attendue. En mati\u00e8re de sant\u00e9, il n\u2019y a jamais de succ\u00e8s complet. Nous devons nous battre quotidiennement pour que les populations aient des soins de qualit\u00e9 et essayer de rapprocher autant que possible, les centres de sant\u00e9 des populations. Le joyau est un bel ouvrage aussi dans sa conception architecturale que dans les \u00e9quipements qui sont en train d\u2019\u00eatre install\u00e9s. Je f\u00e9licite ceux qui ont travaill\u00e9 \u00e0 sa r\u00e9alisation\u2026 Je salue tout le personnel de l\u2019h\u00f4pital, d\u00e9vou\u00e9 \u00e0 rendre service aux populations. Je demande \u00e0 ces populations de bien entretenir l\u2019ouvrage. Le souhait de la transformation de ce CHR en CHU a \u00e9t\u00e9 entendu. Des discussions sont d\u00e9j\u00e0 engag\u00e9 avec nos partenaires, la BADEA et l\u2019OFID, qui sont engag\u00e9s \u00e0 poursuivre les travaux pour la mutation. Je souhaite que cet h\u00f4pital apporte beaucoup plus de soins de qualit\u00e9 \u00e0 l\u2019ensemble des populations de la r\u00e9gion.<br \/>Encadr\u00e9 : Pr\u00e9sence fran\u00e7aise au Sahel<\/p>\n<p><strong>\u00ab Il y a des choses \u00e0 clarifier dans nos relations \u00bb, selon Roch Marc Christian Kabor\u00e9<\/strong><\/p>\n<p>Nous avons \u00e9t\u00e9 invit\u00e9s \u00e0 discuter. Lorsque nous aurons fini de discuter, je vous dirai notre point de vue sur cette question. En tout \u00e9tat de cause, il est certain que de part et d\u2019autre, il y a des choses \u00e0 clarifier dans nos relations. De ce point de vue, je ne peux pas m\u2019hasarder \u00e0 r\u00e9pondre au contenu de d\u00e9clarations du pr\u00e9sident Macron, dont je n\u2019ai pas la quintessence.<\/p>\n<p class=\"c1\">Propos recueillis par P.S<\/p>\n<div class=\"td-a-rec td-a-rec-id-content_bottom tdi_30_f98 td_block_template_1\"><img loading=\"lazy\" decoding=\"async\" class=\"aligncenter size-full wp-image-9623\" src=\"https:\/\/www.sidwaya.info\/wp-content\/uploads\/2019\/06\/Projet-bannie%CC%80re-Orange-mobile.jpg\" alt=\"\" width=\"728\" height=\"81\"\/><\/div>\n<p>Auteur: JK. Sidwaya<br \/>\n<a href=\"https:\/\/www.sidwaya.info\/blog\/2019\/12\/05\/amelioration-de-loffre-de-sante-le-chr-de-ziniare-ouvre-ses-portes\/\">Cliquez ici pour lire l&rsquo;article depuis sa source.<\/a><\/p>\n","protected":false},"excerpt":{"rendered":"<p>Le Pr\u00e9sident du Faso, Roch Marc Christian Kabor\u00e9, a inaugur\u00e9, le jeudi 5 d\u00e9cembre 2019, le Centre hospitalier r\u00e9gional de Ziniar\u00e9, d\u2019une capacit\u00e9 de 300 lits avec possibilit\u00e9 d\u2019extension. B\u00e2ti sur une superficie de 25 hectares, l\u2019infrastructure offre les services d\u2019un h\u00f4pital de son rang. Les 949 000 habitants de la r\u00e9gion du Plateau central [&hellip;]<\/p>\n","protected":false},"author":1816,"featured_media":0,"comment_status":"closed","ping_status":"closed","sticky":false,"template":"","format":"standard","meta":{"fifu_image_url":"","fifu_image_alt":"","footnotes":""},"categories":[73,81],"tags":[],"class_list":["post-69452","post","type-post","status-publish","format-standard","hentry","category-actualite","category-burkina-faso"],"_links":{"self":[{"href":"https:\/\/linitiative.ca\/International\/wp-json\/wp\/v2\/posts\/69452","targetHints":{"allow":["GET"]}}],"collection":[{"href":"https:\/\/linitiative.ca\/International\/wp-json\/wp\/v2\/posts"}],"about":[{"href":"https:\/\/linitiative.ca\/International\/wp-json\/wp\/v2\/types\/post"}],"author":[{"embeddable":true,"href":"https:\/\/linitiative.ca\/International\/wp-json\/wp\/v2\/users\/1816"}],"replies":[{"embeddable":true,"href":"https:\/\/linitiative.ca\/International\/wp-json\/wp\/v2\/comments?post=69452"}],"version-history":[{"count":0,"href":"https:\/\/linitiative.ca\/International\/wp-json\/wp\/v2\/posts\/69452\/revisions"}],"wp:attachment":[{"href":"https:\/\/linitiative.ca\/International\/wp-json\/wp\/v2\/media?parent=69452"}],"wp:term":[{"taxonomy":"category","embeddable":true,"href":"https:\/\/linitiative.ca\/International\/wp-json\/wp\/v2\/categories?post=69452"},{"taxonomy":"post_tag","embeddable":true,"href":"https:\/\/linitiative.ca\/International\/wp-json\/wp\/v2\/tags?post=69452"}],"curies":[{"name":"wp","href":"https:\/\/api.w.org\/{rel}","templated":true}]}}