{"id":69453,"date":"2019-12-05T15:45:13","date_gmt":"2019-12-05T20:45:13","guid":{"rendered":"https:\/\/linitiative.ca\/International\/cooperation-burkina-faso-france-39-milliards-f-cfa-au-profit-de-plusieurs-secteurs\/"},"modified":"2019-12-05T15:45:13","modified_gmt":"2019-12-05T20:45:13","slug":"cooperation-burkina-faso-france-39-milliards-f-cfa-au-profit-de-plusieurs-secteurs","status":"publish","type":"post","link":"https:\/\/linitiative.ca\/International\/cooperation-burkina-faso-france-39-milliards-f-cfa-au-profit-de-plusieurs-secteurs\/","title":{"rendered":"Coop\u00e9ration Burkina Faso-France  : 39 milliards F CFA  au profit de plusieurs secteurs"},"content":{"rendered":"<div class=\"td-post-featured-image\"><a href=\"https:\/\/i1.wp.com\/www.sidwaya.info\/wp-content\/uploads\/2019\/12\/1-19.jpg?fit=595%2C397&#038;ssl=1\" data-caption=\"\"><img loading=\"lazy\" decoding=\"async\" width=\"595\" height=\"397\" class=\"entry-thumb td-modal-image\" src=\"https:\/\/i1.wp.com\/www.sidwaya.info\/wp-content\/uploads\/2019\/12\/1-19.jpg?resize=595%2C397&#038;ssl=1\" srcset=\"https:\/\/i1.wp.com\/www.sidwaya.info\/wp-content\/uploads\/2019\/12\/1-19.jpg?w=595&#038;ssl=1 595w, https:\/\/i1.wp.com\/www.sidwaya.info\/wp-content\/uploads\/2019\/12\/1-19.jpg?resize=300%2C200&#038;ssl=1 300w\" sizes=\"auto, (max-width: 595px) 100vw, 595px\" alt=\"\" title=\"1\"\/><\/a><\/div>\n<p><strong>Le minist\u00e8re de l\u2019Economie, des Finances et du D\u00e9veloppement et l\u2019Agence fran\u00e7aise de d\u00e9veloppement ont sign\u00e9, le mercredi 4 d\u00e9cembre 2019 \u00e0 Ouagadougou, quatre conventions de financement de plusieurs secteurs \u00e0 hauteur de 39 milliards F CFA.<\/strong><\/p>\n<p>L\u2019Agence fran\u00e7aise de d\u00e9veloppement (AFD) met \u00e0 la disposition du gouvernement burkinab\u00e8 une enveloppe de 59,45 millions d\u2019euros, soit environ 39 milliards F CFA pour le financement de projets et programmes dans la gouvernance \u00e9conomique et financi\u00e8re, l\u2019enseignement et la formation technique et professionnelle, de l\u2019\u00e9ducation de base. A cet effet, quatre conventions ont \u00e9t\u00e9 sign\u00e9es entre le minist\u00e8re de l\u2019Economie, des Finances et du D\u00e9veloppement et l\u2019AFD, le mercredi 4 d\u00e9cembre 2019. La premi\u00e8re, d\u2019un montant de 19,68 milliards FCFA concerne une aide budg\u00e9taire triennale 2019-2021 de l\u2019AFD au Burkina. Ce montant est d\u00e9caissable en trois tranches annuelles et la deuxi\u00e8me convention octroie la tranche annuelle 2019.<\/p>\n<p>La troisi\u00e8me est une contribution de la France au financement du Plan d\u2019actions triennal 2018-2020 de la mise en \u0153uvre de la politique nationale d\u2019enseignement et de formation technique et professionnelle. Son montant s\u2019\u00e9l\u00e8ve \u00e0 6,56 milliards FCFA et s\u2019inscrit dans le cadre de l\u2019engagement de plusieurs partenaires pour accompagner l\u2019ex\u00e9cutif burkinab\u00e8 dans le domaine de l\u2019\u00e9ducation. La derni\u00e8re convention, d\u2019une valeur de 14,5 milliards FCFA vise \u00e0 soutenir l\u2019op\u00e9rationnalisation du Plan sectoriel de l\u2019\u00e9ducation et de la formation (PSEF) dans le cadre du Partenariat mondial pour l\u2019\u00e9ducation (PME). \u00ab Au niveau de l\u2019\u00e9ducation, nous avons le Partenariat mondial pour l\u2019\u00e9ducation qui est une structure qui mobilise les ressources en faveur de l\u2019\u00e9ducation de base \u00e0 travers un certain nombre de pays. Ces fonds sont mis \u00e0 la disposition des pays b\u00e9n\u00e9ficiaires pour le d\u00e9veloppement du syst\u00e8me \u00e9ducatif. Pour l\u2019ex\u00e9cution de ces ressources et le suivi, le partenariat choisit un agent partenaire qui est ici l\u2019AFD \u00bb, a expliqu\u00e9 le ministre de l\u2019Education nationale de l\u2019Alphab\u00e9tisation et de la Promotion des langues nationales, Pr Stanislas Ouaro. Pour lui, ce suivi est important car il permet d\u2019assurer une gestion saine et rigoureuse des fonds mis \u00e0 la disposition de son d\u00e9partement.<\/p>\n<p>Selon le charg\u00e9 d\u2019affaires par int\u00e9rim \u00e0 l\u2019ambassade de France au Burkina Faso, Dominique Delpuech, ces accords constituent une fa\u00e7on probante pour son pays de signifier qu\u2019il est aux c\u00f4t\u00e9s du Burkina Faso. \u00ab Cet appui traduit la mise en \u0153uvre d\u2019une volont\u00e9 politique du Pr\u00e9sident fran\u00e7ais, Emmanuel Macron exprim\u00e9e, il y a deux ans lors de sa visite au Burkina en vue d\u2019accompagner la jeunesse burkinab\u00e8\u00bb, a-t-il soutenu.<br \/>Le ministre de la Jeunesse et de la Promotion de l\u2019entrepreneuriat des jeunes, Salifo Tiemtor\u00e9 a traduit la reconnaissance du gouvernement burkinab\u00e8 \u00e0 \u00ab un partenaire dont la sollicitude et la disponibilit\u00e9 m\u00e9ritent d\u2019\u00eatre soulign\u00e9e \u00bb. Selon lui, cette c\u00e9r\u00e9monie de signature de conventions est la preuve que la France reste engag\u00e9e dans sa politique d\u2019accompagnement des efforts de d\u00e9veloppement du pays des Hommes int\u00e8gres.<\/p>\n<p class=\"c1\"><strong>Joseph HARO<\/strong><\/p>\n<div class=\"td-a-rec td-a-rec-id-content_bottom tdi_30_89a td_block_template_1\"><img loading=\"lazy\" decoding=\"async\" class=\"aligncenter size-full wp-image-9623\" src=\"https:\/\/www.sidwaya.info\/wp-content\/uploads\/2019\/06\/Projet-bannie%CC%80re-Orange-mobile.jpg\" alt=\"\" width=\"728\" height=\"81\"\/><\/div>\n<p>Auteur: JK. Sidwaya<br \/>\n<a href=\"https:\/\/www.sidwaya.info\/blog\/2019\/12\/05\/cooperation-burkina-faso-france-39-milliards-f-cfa-au-profit-de-plusieurs-secteurs\/\">Cliquez ici pour lire l&rsquo;article depuis sa source.<\/a><\/p>\n","protected":false},"excerpt":{"rendered":"<p>Le minist\u00e8re de l\u2019Economie, des Finances et du D\u00e9veloppement et l\u2019Agence fran\u00e7aise de d\u00e9veloppement ont sign\u00e9, le mercredi 4 d\u00e9cembre 2019 \u00e0 Ouagadougou, quatre conventions de financement de plusieurs secteurs \u00e0 hauteur de 39 milliards F CFA. L\u2019Agence fran\u00e7aise de d\u00e9veloppement (AFD) met \u00e0 la disposition du gouvernement burkinab\u00e8 une enveloppe de 59,45 millions d\u2019euros, [&hellip;]<\/p>\n","protected":false},"author":1816,"featured_media":0,"comment_status":"closed","ping_status":"closed","sticky":false,"template":"","format":"standard","meta":{"fifu_image_url":"","fifu_image_alt":"","footnotes":""},"categories":[73,81],"tags":[],"class_list":["post-69453","post","type-post","status-publish","format-standard","hentry","category-actualite","category-burkina-faso"],"_links":{"self":[{"href":"https:\/\/linitiative.ca\/International\/wp-json\/wp\/v2\/posts\/69453","targetHints":{"allow":["GET"]}}],"collection":[{"href":"https:\/\/linitiative.ca\/International\/wp-json\/wp\/v2\/posts"}],"about":[{"href":"https:\/\/linitiative.ca\/International\/wp-json\/wp\/v2\/types\/post"}],"author":[{"embeddable":true,"href":"https:\/\/linitiative.ca\/International\/wp-json\/wp\/v2\/users\/1816"}],"replies":[{"embeddable":true,"href":"https:\/\/linitiative.ca\/International\/wp-json\/wp\/v2\/comments?post=69453"}],"version-history":[{"count":0,"href":"https:\/\/linitiative.ca\/International\/wp-json\/wp\/v2\/posts\/69453\/revisions"}],"wp:attachment":[{"href":"https:\/\/linitiative.ca\/International\/wp-json\/wp\/v2\/media?parent=69453"}],"wp:term":[{"taxonomy":"category","embeddable":true,"href":"https:\/\/linitiative.ca\/International\/wp-json\/wp\/v2\/categories?post=69453"},{"taxonomy":"post_tag","embeddable":true,"href":"https:\/\/linitiative.ca\/International\/wp-json\/wp\/v2\/tags?post=69453"}],"curies":[{"name":"wp","href":"https:\/\/api.w.org\/{rel}","templated":true}]}}