{"id":69456,"date":"2019-12-05T15:50:04","date_gmt":"2019-12-05T20:50:04","guid":{"rendered":"https:\/\/linitiative.ca\/International\/a-paris-deux-heures-de-surplace-pour-le-cortege-bloque-par-des-heurts\/"},"modified":"2019-12-05T15:50:04","modified_gmt":"2019-12-05T20:50:04","slug":"a-paris-deux-heures-de-surplace-pour-le-cortege-bloque-par-des-heurts","status":"publish","type":"post","link":"https:\/\/linitiative.ca\/International\/a-paris-deux-heures-de-surplace-pour-le-cortege-bloque-par-des-heurts\/","title":{"rendered":"A Paris, deux heures de surplace pour le cort\u00e8ge bloqu\u00e9 par des heurts"},"content":{"rendered":"<div readability=\"32\">\n<p>Publi\u00e9 le 05.12.2019 \u00e0 21h50 par AFP<\/p>\n<\/div>\n<div readability=\"151\">\n<p>Devant on s\u2019affronte, derri\u00e8re on pi\u00e9tine: pendant plus de deux heures, la manifestation parisienne contre la r\u00e9forme des retraites a fait du surplace jeudi, \u00e0 cause des heurts entre le cort\u00e8ge de t\u00eate et des policiers qui ont d\u00e9courag\u00e9 de nombreux manifestants.<\/p>\n<p>Venue pour crier sa col\u00e8re, \u00c9velyne, 49 ans, est repartie d\u00e9\u00e7ue. \u00ab\u00a0On ne sait pas trop ce qui s\u2019est pass\u00e9, \u00e0 part qu\u2019on a senti la lacrymo\u00a0\u00bb, raconte cette assistante maternelle de Seine-et-Marne.<\/p>\n<p>\u00ab\u00a0J\u2019aurais pr\u00e9f\u00e9r\u00e9 que ce soit pas comme \u00e7a\u00a0\u00bb, soupire-t-elle. \u00ab\u00a0C\u2019est dommage, un d\u00e9fil\u00e9 massif et pacifique aurait \u00e9t\u00e9 quelque chose de fort. Mais je ne sais pas si c\u2019est encore possible de nos jours.\u00a0\u00bb<\/p>\n<p>Comme des dizaines de milliers de manifestants, elle s\u2019est retrouv\u00e9e bloqu\u00e9e en plein Paris, \u00e0 faire du sur place pendant presque deux heures \u00e0 cause des heurts en t\u00eate de cort\u00e8ge.<\/p>\n<p>A l\u2019origine, le parcours du d\u00e9fil\u00e9 annonc\u00e9 par les syndicats \u00e9tait clair: d\u00e9part 14h de la Gare du Nord pour rejoindre la place de la Nation via de grands boulevards, en passant par la place de la R\u00e9publique.<\/p>\n<p>Cette vaste aire rectangulaire, aux acc\u00e8s bien d\u00e9finis et facilement contr\u00f4lables par les forces de l\u2019ordre, a la r\u00e9putation d\u2019\u00eatre id\u00e9ale pour les \u00ab\u00a0nasses\u00a0\u00bb, cette technique d\u2019encerclement de la foule devenue routini\u00e8re \u00e0 Paris.<\/p>\n<p>Or avant m\u00eame le coup d\u2019envoi de la manifestation, un cort\u00e8ge de t\u00eate de plusieurs milliers de personnes se forme sur le boulevard Magenta et se positionne devant le carr\u00e9 syndical. Parmi la foule, dense et statique, plusieurs manifestants, certains habill\u00e9s tout en noir, crient des slogans anticapitalistes et hostiles \u00e0 la police.<\/p>\n<p>Vers 15H30, un groupe parvient \u00e0 renverser une imposante remorque de chantier, stationn\u00e9e juste avant la place de la R\u00e9publique, devant la Bourse du Travail. Les hourras pleuvent, la tension monte d\u2019un cran et l\u2019engin est rapidement incendi\u00e9.<\/p>\n<p>Plusieurs vitrines sont bris\u00e9es, des feux de poubelles sont allum\u00e9s, que certains alimentent avec des v\u00e9los et trottinettes en libre service. Ce qui pousse les forces de l\u2019ordre, qui se tenaient jusqu\u2019alors \u00e0 distance, \u00e0 intervenir.<\/p>\n<p>\u2013 Bouchon \u2013<\/p>\n<p>Les grenades de gaz lacrymog\u00e8ne r\u00e9pondent \u00e0 des jets de projectiles en tout genre: pierres, bouteilles, rondins de bois, mortiers d\u2019artifice\u2026<\/p>\n<p>Les heurts, qui impliquent notamment un groupe de black blocks, provoque un bouchon \u00e0 l\u2019entr\u00e9e de la place de la R\u00e9publique. Au milieu des incidents, la fum\u00e9e rouge des fumig\u00e8nes se m\u00eale aux nu\u00e9es blanches de lacrymog\u00e8nes. Les manifestants pris dans ces nuages ont la gorge prise, les yeux rougis.<\/p>\n<p>Face \u00e0 un cort\u00e8ge qui pi\u00e9tine, de nombreux manifestants rentrent chez eux ou rejoignent leur bus. Devant un journaliste de l\u2019AFP, l\u2019un d\u2019eux reprochent \u00e0 un sympathisant black blocks la strat\u00e9gie du groupe anticapitaliste. \u00ab\u00a0Avant vous faisiez les \u00e9chauffour\u00e9es \u00e0 la fin. \u00c7a permettait \u00e0 tout un chacun de manifester. L\u00e0 les gens sont frustr\u00e9s\u00a0\u00bb, r\u00e2le-t-il.<\/p>\n<p>\u00ab\u00a0On n\u2019a pas pu faire grande chose, on a du faire demi-tour \u00e0 50 m\u00e8tres de la place, on nous a dit qu\u2019on ne pouvait pas continuer \u00e0 cause des violences\u00a0\u00bb, regrette une directrice d\u2019\u00e9cole qui ne souhaite pas donner son nom. A cinq ans de sa retraite, elle quitte le cort\u00e8ge, mais promet qu\u2019elle \u00ab\u00a0reviendra\u00a0\u00bb. \u00ab\u00a0Plus on sera nombreux, moins on laissera la place \u00e0 ceux qui veulent casser.\u00a0\u00bb<\/p>\n<p>D\u2019autres manifestants, furieux, estiment que les forces de police ont \u00ab\u00a0cass\u00e9 la manif en prenant le pr\u00e9texte des violences\u00a0\u00bb. Ils sont rejoints par Jean-Luc M\u00e9lenchon, qui s\u2019en prend directement au pr\u00e9fet de police sur Twitter.<\/p>\n<p>\u00ab\u00a0Paris: une fois de plus, m\u00e9thode nulle du pr\u00e9fet Lallement. Seule ville de France \u00e0 violences et gazages de masse\u00a0\u00bb, d\u00e9nonce le chef de la France insoumise.<\/p>\n<p>Ce n\u2019est finalement que vers 17H00 que le point de fixation se d\u00e9bloque. La foule, encore nombreuse, passe la place de la R\u00e9publique et s\u2019engage sur le boulevard Voltaire vers la Nation. Elle finira par rejoindre la place dans la nuit tombante avec \u00e0 sa suite le d\u00e9fil\u00e9 syndical sous le chant de l\u2019Internationale.<\/p>\n<p>alh-sva-dec-far-rfo\/tib\/cam<\/p>\n<\/div>\n<p>Auteur: AFP<br \/>\n<a href=\"https:\/\/www.journalducameroun.com\/a-paris-deux-heures-de-surplace-pour-le-cortege-bloque-par-des-heurts\/\">Cliquez ici pour lire l&rsquo;article depuis sa source.<\/a><\/p>\n","protected":false},"excerpt":{"rendered":"<p>Publi\u00e9 le 05.12.2019 \u00e0 21h50 par AFP Devant on s\u2019affronte, derri\u00e8re on pi\u00e9tine: pendant plus de deux heures, la manifestation parisienne contre la r\u00e9forme des retraites a fait du surplace jeudi, \u00e0 cause des heurts entre le cort\u00e8ge de t\u00eate et des policiers qui ont d\u00e9courag\u00e9 de nombreux manifestants. Venue pour crier sa col\u00e8re, \u00c9velyne, [&hellip;]<\/p>\n","protected":false},"author":1965,"featured_media":0,"comment_status":"closed","ping_status":"closed","sticky":false,"template":"","format":"standard","meta":{"fifu_image_url":"","fifu_image_alt":"","footnotes":""},"categories":[73,82],"tags":[],"class_list":["post-69456","post","type-post","status-publish","format-standard","hentry","category-actualite","category-cameroun"],"_links":{"self":[{"href":"https:\/\/linitiative.ca\/International\/wp-json\/wp\/v2\/posts\/69456","targetHints":{"allow":["GET"]}}],"collection":[{"href":"https:\/\/linitiative.ca\/International\/wp-json\/wp\/v2\/posts"}],"about":[{"href":"https:\/\/linitiative.ca\/International\/wp-json\/wp\/v2\/types\/post"}],"author":[{"embeddable":true,"href":"https:\/\/linitiative.ca\/International\/wp-json\/wp\/v2\/users\/1965"}],"replies":[{"embeddable":true,"href":"https:\/\/linitiative.ca\/International\/wp-json\/wp\/v2\/comments?post=69456"}],"version-history":[{"count":0,"href":"https:\/\/linitiative.ca\/International\/wp-json\/wp\/v2\/posts\/69456\/revisions"}],"wp:attachment":[{"href":"https:\/\/linitiative.ca\/International\/wp-json\/wp\/v2\/media?parent=69456"}],"wp:term":[{"taxonomy":"category","embeddable":true,"href":"https:\/\/linitiative.ca\/International\/wp-json\/wp\/v2\/categories?post=69456"},{"taxonomy":"post_tag","embeddable":true,"href":"https:\/\/linitiative.ca\/International\/wp-json\/wp\/v2\/tags?post=69456"}],"curies":[{"name":"wp","href":"https:\/\/api.w.org\/{rel}","templated":true}]}}