{"id":69457,"date":"2019-12-05T16:18:02","date_gmt":"2019-12-05T21:18:02","guid":{"rendered":"https:\/\/linitiative.ca\/International\/medi-1-tv-afrique-se-met-aux-couleurs-de-la-cote-divoire-pendant-24-heures\/"},"modified":"2019-12-05T16:18:02","modified_gmt":"2019-12-05T21:18:02","slug":"medi-1-tv-afrique-se-met-aux-couleurs-de-la-cote-divoire-pendant-24-heures","status":"publish","type":"post","link":"https:\/\/linitiative.ca\/International\/medi-1-tv-afrique-se-met-aux-couleurs-de-la-cote-divoire-pendant-24-heures\/","title":{"rendered":"Medi 1 TV Afrique se met aux couleurs de la C\u00f4te d\u2019Ivoire pendant 24 heures"},"content":{"rendered":"<div readability=\"32\">\n<p>Publi\u00e9 le 05.12.2019 \u00e0 22h18 par APA News<\/p>\n<\/div>\n<div readability=\"149\">\n<p>La C\u00f4te d\u2019Ivoire, premi\u00e8re puissance \u00e9conomique de l\u2019Union \u00e9conomique et mon\u00e9taire ouest-africaine (Uemoa), \u00e9tait \u00e0 l\u2019honneur, jeudi , sur la cha\u00eene de t\u00e9l\u00e9vision marocaine Medi 1 TV Afrique dans le cadre d\u2019une caravane d\u00e9nomm\u00e9e \u00ab La voie du co-d\u00e9veloppement \u00bb qui pr\u00e9sente le potentiel d\u2019\u00e9mergence des pays Africains.\u00a0La \u00ab Journ\u00e9e de la C\u00f4te d\u2019Ivoire \u00bb, programmation exclusive d\u00e9di\u00e9e aux mutations \u00e9conomiques, sociales et culturelles de l\u2019un des pays leaders d\u2019Afrique de l\u2019Ouest, a eu lieu le 5 d\u00e9cembre 2019 sur Medi1TV Afrique, cha\u00eene d\u2019information en continu panafricaine francophone, accessible sur le bouquet Canal+ Afrique n\u00b0 177 et sur afrique.medi1tv.com.<\/p>\n<p>Cette journ\u00e9e intervient apr\u00e8s une premi\u00e8re escale au S\u00e9n\u00e9gal, la deuxi\u00e8me \u00e9tape de la caravane \u00ab La voie du co-d\u00e9veloppement \u00bb qui pr\u00e9sente le potentiel d\u2019\u00e9mergence des pays africains, fait escale en C\u00f4te d\u2019Ivoire.<\/p>\n<p>Medi1 TV Afrique propose notamment \u00e0 ses t\u00e9l\u00e9spectateurs d\u2019explorer trois axes majeurs : les grands projets structurants et sociaux, le potentiel \u00e9conomique de la C\u00f4te d\u2019Ivoire ainsi que l\u2019industrie culturelle et le dynamisme de l\u2019\u00e9cosyst\u00e8me des startups port\u00e9 par les jeunes entrepreneurs.<\/p>\n<p>Plusieurs personnalit\u00e9s ivoiriennes ont \u00e9t\u00e9 interrog\u00e9es sur les performances \u00e9conomiques et sociales du pays, entre autres, le pr\u00e9sident de l\u2019Assembl\u00e9e nationale de C\u00f4te d\u2019Ivoire, Amadou Soumahoro, et le ministre des Sports, Paulin Danho.<\/p>\n<p>Omar Dahbi, directeur des R\u00e9dactions &#038; contenus de Medi1TV et Medi1 radio s\u2019est dit heureux que le groupe audiovisuel offre une programmation globale qui traitera des r\u00e9alisations et des enjeux \u00e9conomiques, sociaux, \u00a0environnementaux et culturels de ce pays en pleine transformation \u00bb.\u00a0<\/p>\n<p>Pour lui, c\u2019est \u00ab un pari r\u00e9ussi \u00bb pour Medi1TV Afrique d\u2019avoir pu donner une voix \u00e0 l\u2019ensemble des acteurs qui transforme le pays, que ce soit les d\u00e9cideurs, les experts, le secteur priv\u00e9 et la soci\u00e9t\u00e9 civile en mettant un accent particulier sur la jeunesse entreprenante qui fa\u00e7onne la C\u00f4te d\u2019Ivoire de demain. \u00a0<\/p>\n<p>Pendant 24 heures, les spectateurs ont eu droit a\u0300 des reportages, des entretiens et des d\u00e9bats, ainsi qu\u2019un tour d\u2019horizon des r\u00e9alisations et des enjeux \u00e9conomiques, sociaux et culturels de la C\u00f4te d\u2019Ivoire. Les diffusions devraient se poursuivre jusqu\u2019au 7 d\u00e9cembre 2019.<\/p>\n<p>Les plans diffus\u00e9s ont pr\u00e9sent\u00e9 de grands projets d\u2019am\u00e9nagement urbain, le dynamisme du secteur priv\u00e9, le r\u00f4le des institutions financi\u00e8res dans le d\u00e9veloppement national, la comp\u00e9titivit\u00e9 des fili\u00e8res agricoles, la coop\u00e9ration interafricaine et le potentiel touristique du pays.\u00a0<\/p>\n<p>Les transformations structurelles op\u00e9r\u00e9es montrent une am\u00e9lioration des conditions de vie des populations, l\u2019autonomisation des femmes, l\u2019employabilit\u00e9 des jeunes, les startups innovantes qui r\u00e9pondent \u00e0 des d\u00e9fis sectoriels, puis des initiatives en faveur de la protection de l\u2019environnement.<\/p>\n<p>Un zoom sur le sport a permis de voir une avanc\u00e9e des travaux concernant les infrastructures d\u2019accueil \u00a0de la CAN 2023, surtout le stade d\u2019Ebimp\u00e9, au Nord-est d\u2019Abidjan. La sc\u00e8ne artistique ivoirienne a \u00e9t\u00e9 \u00e9galement mise en orbite \u00e0 travers ses stars musicales, ses stylistes de renom et ses cin\u00e9astes.\u00a0<\/p>\n<p>Le taux d\u2019investissement global de 14% du Produit int\u00e9rieur brut (PIB) ivoirien en 2012 s\u2019est \u00e9tabli \u00e0 21% en 2018 avec un objectif de 23% en 2020. Le pays, premier producteur mondial de cacao avec pr\u00e8s de 2 millions de tonnes, a un secteur primaire dynamique qui repr\u00e9sente pr\u00e8s de 20% du PIB.<\/p>\n<p>La C\u00f4te d\u2019Ivoire rec\u00e8le d\u2019un potentiel de croissance des plus importants au monde. Le secteur priv\u00e9 du pays repr\u00e9sente deux tiers (2\/3) du total des investissements et 83% des emplois, et contribue pour 90% des ressources de l\u2019Etat.\u00a0<\/p>\n<p>La Journ\u00e9e de la C\u00f4te d\u2019Ivoire est un \u00ab projet multim\u00e9dia TV, radio et digital \u00bb afin d\u2019apporter la meilleure exp\u00e9rience possible \u00e0 l\u2019audience du groupe audiovisuel, avec des entretiens et des \u00e9missions diffus\u00e9s sur Medi1 radio, fr\u00e9quence FM 97.2 qui s\u2019est mise aussi aux couleurs de la C\u00f4te d\u2019Ivoire.\u00a0<\/p>\n<p>Le projet devrait se poursuivre en f\u00e9vrier 2020 autour d\u2019une conf\u00e9rence organis\u00e9e par Medi1TV Afrique sous le th\u00e8me \u00ab C\u00f4te d\u2019Ivoire : A l\u2019or\u00e9e de l\u2019\u00e9mergence \u00bb, avec des \u00e9changes sur deux th\u00e8mes majeurs, \u00ab Les fondations structurelles de l\u2019\u00e9mergence \u00bb et \u00ab Une croissance inclusive pour le progr\u00e8s social \u00bb.\u00a0<\/p>\n<p>Medi1TV est un bouquet de 3 cha\u00eenes d\u2019information en continu \u2013 Maghreb, Afrique et Arabic \u2013 diffus\u00e9 en fran\u00e7ais et en arabe. Medi1 TV Afrique, cha\u00eene d\u2019information panafricaine francophone bas\u00e9e \u00e0 Tanger au Maroc, a \u00e9t\u00e9 lanc\u00e9e en 2017 avec l\u2019objectif d\u2019\u00e9largir son offre audiovisuelle sur le continent.<\/p>\n<\/div>\n<p>Auteur: APA News<br \/>\n<a href=\"https:\/\/www.journalducameroun.com\/medi-1-tv-afrique-se-met-aux-couleurs-de-la-cote-divoire-pendant-24-heures\/\">Cliquez ici pour lire l&rsquo;article depuis sa source.<\/a><\/p>\n","protected":false},"excerpt":{"rendered":"<p>Publi\u00e9 le 05.12.2019 \u00e0 22h18 par APA News La C\u00f4te d\u2019Ivoire, premi\u00e8re puissance \u00e9conomique de l\u2019Union \u00e9conomique et mon\u00e9taire ouest-africaine (Uemoa), \u00e9tait \u00e0 l\u2019honneur, jeudi , sur la cha\u00eene de t\u00e9l\u00e9vision marocaine Medi 1 TV Afrique dans le cadre d\u2019une caravane d\u00e9nomm\u00e9e \u00ab La voie du co-d\u00e9veloppement \u00bb qui pr\u00e9sente le potentiel d\u2019\u00e9mergence des pays [&hellip;]<\/p>\n","protected":false},"author":1965,"featured_media":0,"comment_status":"closed","ping_status":"closed","sticky":false,"template":"","format":"standard","meta":{"fifu_image_url":"","fifu_image_alt":"","footnotes":""},"categories":[73,82],"tags":[],"class_list":["post-69457","post","type-post","status-publish","format-standard","hentry","category-actualite","category-cameroun"],"_links":{"self":[{"href":"https:\/\/linitiative.ca\/International\/wp-json\/wp\/v2\/posts\/69457","targetHints":{"allow":["GET"]}}],"collection":[{"href":"https:\/\/linitiative.ca\/International\/wp-json\/wp\/v2\/posts"}],"about":[{"href":"https:\/\/linitiative.ca\/International\/wp-json\/wp\/v2\/types\/post"}],"author":[{"embeddable":true,"href":"https:\/\/linitiative.ca\/International\/wp-json\/wp\/v2\/users\/1965"}],"replies":[{"embeddable":true,"href":"https:\/\/linitiative.ca\/International\/wp-json\/wp\/v2\/comments?post=69457"}],"version-history":[{"count":0,"href":"https:\/\/linitiative.ca\/International\/wp-json\/wp\/v2\/posts\/69457\/revisions"}],"wp:attachment":[{"href":"https:\/\/linitiative.ca\/International\/wp-json\/wp\/v2\/media?parent=69457"}],"wp:term":[{"taxonomy":"category","embeddable":true,"href":"https:\/\/linitiative.ca\/International\/wp-json\/wp\/v2\/categories?post=69457"},{"taxonomy":"post_tag","embeddable":true,"href":"https:\/\/linitiative.ca\/International\/wp-json\/wp\/v2\/tags?post=69457"}],"curies":[{"name":"wp","href":"https:\/\/api.w.org\/{rel}","templated":true}]}}