{"id":69458,"date":"2019-12-05T16:50:03","date_gmt":"2019-12-05T21:50:03","guid":{"rendered":"https:\/\/linitiative.ca\/International\/usa-questionne-sur-son-fils-biden-semporte-lors-dun-meeting-politique\/"},"modified":"2019-12-05T16:50:03","modified_gmt":"2019-12-05T21:50:03","slug":"usa-questionne-sur-son-fils-biden-semporte-lors-dun-meeting-politique","status":"publish","type":"post","link":"https:\/\/linitiative.ca\/International\/usa-questionne-sur-son-fils-biden-semporte-lors-dun-meeting-politique\/","title":{"rendered":"USA: questionn\u00e9 sur son fils, Biden s\u2019emporte lors d\u2019un meeting politique"},"content":{"rendered":"<div readability=\"32\">\n<p>Publi\u00e9 le 05.12.2019 \u00e0 22h50 par AFP<\/p>\n<\/div>\n<div readability=\"82\">\n<p>L\u2019ancien vice-pr\u00e9sident d\u00e9mocrate et candidat \u00e0 la Maison Blanche Joe Biden s\u2019est vivement emport\u00e9 jeudi contre un \u00e9lecteur qui l\u2019interrogeait sur son fils lors d\u2019une r\u00e9union de campagne.<\/p>\n<p>Cet \u00e9lecteur a interpell\u00e9 M. Biden, 77 ans, l\u2019accusant d\u2019avoir \u00ab\u00a0envoy\u00e9\u00a0\u00bb son fils en Ukraine afin de faciliter un \u00ab\u00a0acc\u00e8s\u00a0\u00bb au pr\u00e9sident. Il avait auparavant reproch\u00e9 au candidat \u00e0 la primaire d\u00e9mocrate d\u2019\u00eatre \u00ab\u00a0trop vieux\u00a0\u00bb.<\/p>\n<p>\u00ab\u00a0Tu es un satan\u00e9 menteur, mec, ce n\u2019est pas vrai\u00a0\u00bb, a r\u00e9torqu\u00e9 Joe Biden. Son fils Hunter a si\u00e9g\u00e9 de 2014 \u00e0 2019 au conseil d\u2019administration d\u2019une compagnie gazi\u00e8re ukrainienne, Burisma, pour un salaire mensuel de 50.000 dollars selon des m\u00e9dias am\u00e9ricains.<\/p>\n<p>Lors de cet \u00e9change houleux, durant une r\u00e9union publique dans l\u2019Etat de l\u2019Iowa, M. Biden s\u2019est d\u00e9fendu d\u2019\u00eatre trop \u00e2g\u00e9 face \u00e0 son interlocuteur qui s\u2019\u00e9tait lui pr\u00e9sent\u00e9 comme un agriculteur de 83 ans.<\/p>\n<p>\u00ab\u00a0Si tu veux v\u00e9rifier mon niveau de forme, on n\u2019a qu\u2019\u00e0 faire des pompes ensemble, mec\u00a0\u00bb, a sugg\u00e9r\u00e9 le septuag\u00e9naire, visiblement irrit\u00e9. \u00ab\u00a0Allons courir. Faisons ce que tu veux. Allons passer un test de Q.I.\u00a0\u00bb, a-t-il ajout\u00e9.<\/p>\n<p>Cet acc\u00e8s de col\u00e8re de Joe Biden tranche avec la certaine bonhomie qu\u2019il affiche volontiers et qui lui vaut d\u2019\u00eatre surnomm\u00e9 par Donald Trump \u00ab\u00a0Joe l\u2019endormi\u00a0\u00bb.<\/p>\n<p>Ce coup de sang risque en m\u00eame temps d\u2019\u00eatre exploit\u00e9 par ceux qui mettent en doute sa capacit\u00e9 \u00e0 tenir la course pr\u00e9sidentielle jusqu\u2019\u00e0 novembre 2020, apr\u00e8s une s\u00e9rie de gaffes et d\u2019approximations qui ont \u00e9maill\u00e9 ses interventions publiques.<\/p>\n<p>A son interlocuteur qui lui disait qu\u2019il ne voterait pas pour lui, Joe Biden a enfin r\u00e9pondu: \u00ab\u00a0Je savais que tu ne voterais pas pour moi, mec, tu es trop vieux\u00a0\u00bb.<\/p>\n<p>S\u2019il \u00e9tait \u00e9lu, Joe Biden arracherait \u00e0 Donald Trump le titre de pr\u00e9sident le plus vieux de l\u2019histoire am\u00e9ricaine.<\/p>\n<\/div>\n<p>Auteur: AFP<br \/>\n<a href=\"https:\/\/www.journalducameroun.com\/usa-questionne-sur-son-fils-biden-semporte-lors-dun-meeting-politique\/\">Cliquez ici pour lire l&rsquo;article depuis sa source.<\/a><\/p>\n","protected":false},"excerpt":{"rendered":"<p>Publi\u00e9 le 05.12.2019 \u00e0 22h50 par AFP L\u2019ancien vice-pr\u00e9sident d\u00e9mocrate et candidat \u00e0 la Maison Blanche Joe Biden s\u2019est vivement emport\u00e9 jeudi contre un \u00e9lecteur qui l\u2019interrogeait sur son fils lors d\u2019une r\u00e9union de campagne. Cet \u00e9lecteur a interpell\u00e9 M. Biden, 77 ans, l\u2019accusant d\u2019avoir \u00ab\u00a0envoy\u00e9\u00a0\u00bb son fils en Ukraine afin de faciliter un \u00ab\u00a0acc\u00e8s\u00a0\u00bb [&hellip;]<\/p>\n","protected":false},"author":1965,"featured_media":0,"comment_status":"closed","ping_status":"closed","sticky":false,"template":"","format":"standard","meta":{"fifu_image_url":"","fifu_image_alt":"","footnotes":""},"categories":[73,82],"tags":[],"class_list":["post-69458","post","type-post","status-publish","format-standard","hentry","category-actualite","category-cameroun"],"_links":{"self":[{"href":"https:\/\/linitiative.ca\/International\/wp-json\/wp\/v2\/posts\/69458","targetHints":{"allow":["GET"]}}],"collection":[{"href":"https:\/\/linitiative.ca\/International\/wp-json\/wp\/v2\/posts"}],"about":[{"href":"https:\/\/linitiative.ca\/International\/wp-json\/wp\/v2\/types\/post"}],"author":[{"embeddable":true,"href":"https:\/\/linitiative.ca\/International\/wp-json\/wp\/v2\/users\/1965"}],"replies":[{"embeddable":true,"href":"https:\/\/linitiative.ca\/International\/wp-json\/wp\/v2\/comments?post=69458"}],"version-history":[{"count":0,"href":"https:\/\/linitiative.ca\/International\/wp-json\/wp\/v2\/posts\/69458\/revisions"}],"wp:attachment":[{"href":"https:\/\/linitiative.ca\/International\/wp-json\/wp\/v2\/media?parent=69458"}],"wp:term":[{"taxonomy":"category","embeddable":true,"href":"https:\/\/linitiative.ca\/International\/wp-json\/wp\/v2\/categories?post=69458"},{"taxonomy":"post_tag","embeddable":true,"href":"https:\/\/linitiative.ca\/International\/wp-json\/wp\/v2\/tags?post=69458"}],"curies":[{"name":"wp","href":"https:\/\/api.w.org\/{rel}","templated":true}]}}