{"id":69459,"date":"2019-12-05T17:18:04","date_gmt":"2019-12-05T22:18:04","guid":{"rendered":"https:\/\/linitiative.ca\/International\/maroc-bourita-et-pompeo-examinent-nombre-de-questions-internationales-et-regionales\/"},"modified":"2019-12-05T17:18:04","modified_gmt":"2019-12-05T22:18:04","slug":"maroc-bourita-et-pompeo-examinent-nombre-de-questions-internationales-et-regionales","status":"publish","type":"post","link":"https:\/\/linitiative.ca\/International\/maroc-bourita-et-pompeo-examinent-nombre-de-questions-internationales-et-regionales\/","title":{"rendered":"Maroc : Bourita et Pompeo examinent nombre de questions internationales et r\u00e9gionales"},"content":{"rendered":"<div readability=\"32\">\n<p>Publi\u00e9 le 05.12.2019 \u00e0 23h18 par APA News<\/p>\n<\/div>\n<div readability=\"135\">\n<p>Le ministre marocain des Affaires \u00e9trang\u00e8res et de la coop\u00e9ration internationale, Nasser Bourita et son homologue am\u00e9ricain, Mike Pompeo, en visite de travail au Maroc, ont examin\u00e9 et \u00e9chang\u00e9 les vues sur nombre de questions internationales et r\u00e9gionales d\u2019int\u00e9r\u00eat commun.Dans une d\u00e9claration \u00e0 l\u2019issue de ses entretiens avec Pompeo, le ministre marocain des AE a fait \u00e9tat d\u2019une convergence de vue des deux pays au sujet de la situation au Sahel, relevant que cette r\u00e9gion est \u00ab strat\u00e9gique \u00bb et n\u00e9cessite une coordination commune \u00e0 plusieurs niveaux.<\/p>\n<p>Il a dans ce sens fait savoir que le Maroc consid\u00e8re que les approches unilat\u00e9rales se sont av\u00e9r\u00e9es inefficaces et appelle \u00e0 l\u2019adoption d\u2019une approche globale et collective bas\u00e9e sur la coordination entre les pays du Maghreb et les Etats du Sahel (CEN-SAD) et de l\u2019Afrique de l\u2019Ouest (CEDEAO).<\/p>\n<p>De m\u00eame, les d\u00e9fis s\u00e9curitaires dans la r\u00e9gion du Sahel demeurent li\u00e9s \u00e0 la recrudescence du ph\u00e9nom\u00e8ne du terrorisme et du crime organis\u00e9 qui menacent la stabilit\u00e9 et le d\u00e9veloppement de la r\u00e9gion, a relev\u00e9 le ministre.<\/p>\n<p>Et de poursuivre que ces entretiens ont \u00e9t\u00e9 ainsi l\u2019occasion d\u2019examiner les moyens \u00e0 m\u00eame de renforcer la coop\u00e9ration entre les deux pays au service de la stabilit\u00e9 r\u00e9gionale, notamment en mati\u00e8re de lutte contre les groupes terroristes et les organisations jihadistes.<\/p>\n<p>Pour ce qui est de la situation en Libye, M. Bourita a fait remarquer que les deux parties ont \u00e9chang\u00e9 au sujet des moyens et m\u00e9canismes \u00e0 m\u00eame de permettre \u00e0 ce pays fr\u00e8re de poser les jalons d\u2019une paix et d\u2019une s\u00e9curit\u00e9 durables, dans le cadre d\u2019une solution politique et consensuelle entre les diff\u00e9rentes parties libyennes, conform\u00e9ment au processus de Skhirate.<\/p>\n<p>Les deux parties ont \u00e9voqu\u00e9 \u00e9galement la menace que repr\u00e9sentent l\u2019Iran et ses alli\u00e9s, les efforts d\u00e9ploy\u00e9s pour faire face aux tentatives d\u2019h\u00e9g\u00e9monie iranienne dans la r\u00e9gion, notamment au nord et \u00e0 l\u2019ouest du continent africain, ainsi que les actions conjointes de lutte contre le ph\u00e9nom\u00e8ne du terrorisme en Afrique \u00e0 travers la consolidation et le renforcement des capacit\u00e9s des services s\u00e9curitaires de la r\u00e9gion, via la mise en place d\u2019une plateforme de coop\u00e9ration commune en mati\u00e8re s\u00e9curitaire, a conclu le ministre.<\/p>\n<p>Par ailleurs, le ministre a relev\u00e9 que capitalisant sur les acquis r\u00e9alis\u00e9s dans le cadre des relations maroco-am\u00e9ricaines, le Maroc \u0153uvre avec les Etats-Unis, en tant que partenaires et alli\u00e9s, dans le cadre d\u2019une collaboration \u00e9troite sur de nombreuses questions bilat\u00e9rales, r\u00e9gionales et internationales.<\/p>\n<p>Le ministre a fait savoir que le Maroc abritera la 13\u00e8me \u00e9dition du sommet des affaires USA-Afrique en juin 2020 \u00e0 Marrakech et la 17\u00e8me \u00e9dition des man\u0153uvres militaires annuelles \u00ab\u00a0African Lion\u00a0\u00bb, d\u00e9but 2020, la plus grande en Afrique, par rapport aux man\u0153uvres pr\u00e9c\u00e9dentes, ajoutant que le Royaume accueillera aussi la r\u00e9union de l\u2019\u00c9quipe sp\u00e9ciale de lutte contre le terrorisme (CTITF) dans le cadre du congr\u00e8s de Varsovie (mars 2020).<\/p>\n<p>M. Bourita a en outre affirm\u00e9 que la visite effectu\u00e9e par M. Pompeo dans \u00ab\u00a0le cadre du renforcement des relations solides, historiques et renouvel\u00e9es qui lient nos pays amis et partenaires\u00a0\u00bb, rev\u00eat un caract\u00e8re distingu\u00e9 \u00e0 plus d\u2019un titre, pr\u00e9cisant qu\u2019il s\u2019agit du premier d\u00e9placement de M. Pompeo au Maroc et dans la r\u00e9gion, en tant que secr\u00e9taire d\u2019Etat.<\/p>\n<p>Ce d\u00e9placement, a-t-il relev\u00e9, confirme la dynamique positive que connaissent les relations bilat\u00e9rales. Une dynamique positive d\u00e9montr\u00e9e par les visites de M. Jared Kushner et de Mme Ivanka Trump, conseillers sp\u00e9ciaux du Pr\u00e9sident des Etats-Unis, a rappel\u00e9 M. Bourita.<\/p>\n<p>En plus de la dynamique des relations liant le Maroc et les Etats-Unis sur le plan politique, le partenariat entre les deux pays a permis de d\u00e9velopper une coop\u00e9ration \u00e9conomique tr\u00e8s solide, a relev\u00e9 M. Bourita, pr\u00e9cisant que le volume des \u00e9changes commerciaux entre les deux pays a atteint 51 milliards de dirhams (1 euro = 10,7 DH) en 2018, soit une augmentation de 28% par rapport \u00e0 2017.<\/p>\n<p>Les Etats-Unis sont \u00e9galement consid\u00e9r\u00e9s le 3\u00e8me importateur du Royaume et le 4\u00e8me exportateur, de m\u00eame les investissements am\u00e9ricains sont class\u00e9s 7\u00e8me au niveau des investissements \u00e9trangers directs au Maroc, a encore dit M. Bourita, notant que plus 160 entreprises am\u00e9ricaines sont install\u00e9es dans le Royaume.<\/p>\n<p>Au volet touristique, plus de 300.000 touristes am\u00e9ricains ont visit\u00e9 le Royaume, soit une augmentation de 20% par rapport \u00e0 2017, a-t-il indiqu\u00e9.<\/p>\n<\/div>\n<p>Auteur: APA News<br \/>\n<a href=\"https:\/\/www.journalducameroun.com\/maroc-bourita-et-pompeo-examinent-nombre-de-questions-internationales-et-regionales\/\">Cliquez ici pour lire l&rsquo;article depuis sa source.<\/a><\/p>\n","protected":false},"excerpt":{"rendered":"<p>Publi\u00e9 le 05.12.2019 \u00e0 23h18 par APA News Le ministre marocain des Affaires \u00e9trang\u00e8res et de la coop\u00e9ration internationale, Nasser Bourita et son homologue am\u00e9ricain, Mike Pompeo, en visite de travail au Maroc, ont examin\u00e9 et \u00e9chang\u00e9 les vues sur nombre de questions internationales et r\u00e9gionales d\u2019int\u00e9r\u00eat commun.Dans une d\u00e9claration \u00e0 l\u2019issue de ses entretiens [&hellip;]<\/p>\n","protected":false},"author":1965,"featured_media":0,"comment_status":"closed","ping_status":"closed","sticky":false,"template":"","format":"standard","meta":{"fifu_image_url":"","fifu_image_alt":"","footnotes":""},"categories":[73,82],"tags":[],"class_list":["post-69459","post","type-post","status-publish","format-standard","hentry","category-actualite","category-cameroun"],"_links":{"self":[{"href":"https:\/\/linitiative.ca\/International\/wp-json\/wp\/v2\/posts\/69459","targetHints":{"allow":["GET"]}}],"collection":[{"href":"https:\/\/linitiative.ca\/International\/wp-json\/wp\/v2\/posts"}],"about":[{"href":"https:\/\/linitiative.ca\/International\/wp-json\/wp\/v2\/types\/post"}],"author":[{"embeddable":true,"href":"https:\/\/linitiative.ca\/International\/wp-json\/wp\/v2\/users\/1965"}],"replies":[{"embeddable":true,"href":"https:\/\/linitiative.ca\/International\/wp-json\/wp\/v2\/comments?post=69459"}],"version-history":[{"count":0,"href":"https:\/\/linitiative.ca\/International\/wp-json\/wp\/v2\/posts\/69459\/revisions"}],"wp:attachment":[{"href":"https:\/\/linitiative.ca\/International\/wp-json\/wp\/v2\/media?parent=69459"}],"wp:term":[{"taxonomy":"category","embeddable":true,"href":"https:\/\/linitiative.ca\/International\/wp-json\/wp\/v2\/categories?post=69459"},{"taxonomy":"post_tag","embeddable":true,"href":"https:\/\/linitiative.ca\/International\/wp-json\/wp\/v2\/tags?post=69459"}],"curies":[{"name":"wp","href":"https:\/\/api.w.org\/{rel}","templated":true}]}}