{"id":69460,"date":"2019-12-05T17:18:09","date_gmt":"2019-12-05T22:18:09","guid":{"rendered":"https:\/\/linitiative.ca\/International\/abidjan-medical-city-un-projet-visant-40-000-touristes-medicaux-annuels-en-cote-divoire\/"},"modified":"2019-12-05T17:18:09","modified_gmt":"2019-12-05T22:18:09","slug":"abidjan-medical-city-un-projet-visant-40-000-touristes-medicaux-annuels-en-cote-divoire","status":"publish","type":"post","link":"https:\/\/linitiative.ca\/International\/abidjan-medical-city-un-projet-visant-40-000-touristes-medicaux-annuels-en-cote-divoire\/","title":{"rendered":"\u00ab Abidjan Medical City \u00bb, un projet visant 40 000 touristes m\u00e9dicaux annuels en C\u00f4te d\u2019Ivoire"},"content":{"rendered":"<div readability=\"32\">\n<p>Publi\u00e9 le 05.12.2019 \u00e0 23h18 par APA News<\/p>\n<\/div>\n<div readability=\"107\">\n<p>L\u2019Etat de C\u00f4te d\u2019Ivoire, \u00e0 travers le projet \u00ab Abidjan Medical City \u00bb, vise quelque 40 000 touristes m\u00e9dicaux annuels dans le pays, dans sa premi\u00e8re phase, avec des sp\u00e9cialit\u00e9s diverses et offres de s\u00e9jours sur mesure.Ce projet s\u2019inscrit dans la strat\u00e9gie de d\u00e9veloppement touristique du pays d\u00e9nomm\u00e9e \u00ab Sublime C\u00f4te d\u2019Ivoire \u00bb, visant \u00e0 faire d\u2019Abidjan un hub m\u00e9dical, \u00e0 travers \u00ab Abidjan Medical City \u00bb, l\u2019un des neuf projets structurants de ladite strat\u00e9gie. \u00a0 \u00a0 \u00a0\u00a0<\/p>\n<p>Dans cette optique, des membres du Cabinet du minist\u00e8re ivoirien du Tourisme et des loisirs, des agents des structures sous-tutelles et directions rattach\u00e9es, ont pris part \u00e0 une conf\u00e9rence sur les cancers du sein et du col de l\u2019ut\u00e9rus, assortie d\u2019une s\u00e9ance de d\u00e9pistage. \u00a0<\/p>\n<p>Dans la perspective de \u00ab Abidjan Medical City \u00bb, le personnel f\u00e9minin a \u00e9t\u00e9 sensibilis\u00e9 et d\u00e9pist\u00e9 des cancers du sein et du col de l\u2019ut\u00e9rus. \u00a0Une initiative intervenant dans le prolongement de l\u2019op\u00e9ration \u00ab Octobre Rose \u00bb.<\/p>\n<p>Le minist\u00e8re du Tourisme et des loisirs \u00e0 travers sa Direction des ressources humaines a permis cette conf\u00e9rence ponctu\u00e9e d\u2019une s\u00e9ance de d\u00e9pistage, autour du th\u00e8me \u00ab Les femmes du minist\u00e8re du Tourisme et des loisirs face aux d\u00e9fis du cancer de sein et du col de l\u2019ut\u00e9rus \u00bb. \u00a0\u00a0<\/p>\n<p>Repr\u00e9sentant le ministre du Tourisme et des loisirs, Siandou Fofana, \u00e0 la conf\u00e9rence le jeudi 5 d\u00e9cembre 2019, \u00e0 l\u2019immeuble Sciam d\u2019Abidjan-Plateau, M. Camille Kouassi, son directeur de cabinet, a insist\u00e9 sur l\u2019opportunit\u00e9 et l\u2019enjeu d\u2019une telle initiative.\u00a0<\/p>\n<p>L\u2019action a \u00e9t\u00e9 port\u00e9e par la direction des Ressources humaines du minist\u00e8re, dirig\u00e9e par Florentine Assari. Le directeur de cabinet s\u2019est f\u00e9licit\u00e9 de ce que cela rime avec la mise en \u0153uvre de la strat\u00e9gie de d\u00e9veloppement touristique du pays, \u00ab Sublime C\u00f4te d\u2019Ivoire \u00bb.\u00a0<\/p>\n<p>L\u2019Etat ivoirien veut faire du tourisme le 3\u00e8 p\u00f4le de d\u00e9veloppement \u00e9conomique et social de la C\u00f4te d\u2019Ivoire, en atteignant plus de 5 millions de touristes internationaux d\u2019ici \u00e0 2025, en positionnant le pays dans le peloton de t\u00eate des destinations africaines.\u00a0<\/p>\n<p>Dr Henri-Jacques Akaffou, oncologue en service au Centre national de radioth\u00e9rapie Alassane Ouattara du CHU de Cocody, a fait savoir que \u00ab le cancer du col de l\u2019ut\u00e9rus est apr\u00e8s le cancer du sein, un des cancers les plus fr\u00e9quents chez la femme \u00bb.<\/p>\n<p>\u00ab Il est responsable de pr\u00e8s de 2059 cas par an en C\u00f4te d\u2019Ivoire, alors qu\u2019environ 95 % pourraient \u00eatre \u00e9vit\u00e9s gr\u00e2ce \u00e0 un d\u00e9pistage r\u00e9gulier \u00bb notamment par la mammographie, l\u2019\u00e9chographie mammaire, la palpation et, plus g\u00e9n\u00e9ralement, par une hygi\u00e8ne de vie, en ce qui concerne le sein \u00bb, a-t-il ajout\u00e9.\u00a0<\/p>\n<p>Quant au cancer du col de l\u2019ut\u00e9rus, il est g\u00e9n\u00e9ralement d\u00e9tect\u00e9 lors du bilan gyn\u00e9cologique annuel ou au cours de la surveillance m\u00e9dicale d\u2019un \u00e9tat inflammatoire. Selon Dr Akaffou, le vaccin d\u00e8s l\u2019\u00e2ge de neuf ans pour les petites filles reste le meilleur moyen pr\u00e9ventif.<\/p>\n<\/div>\n<p>Auteur: APA News<br \/>\n<a href=\"https:\/\/www.journalducameroun.com\/abidjan-medical-city-un-projet-visant-40-000-touristes-medicaux-annuels-en-cote-divoire\/\">Cliquez ici pour lire l&rsquo;article depuis sa source.<\/a><\/p>\n","protected":false},"excerpt":{"rendered":"<p>Publi\u00e9 le 05.12.2019 \u00e0 23h18 par APA News L\u2019Etat de C\u00f4te d\u2019Ivoire, \u00e0 travers le projet \u00ab Abidjan Medical City \u00bb, vise quelque 40 000 touristes m\u00e9dicaux annuels dans le pays, dans sa premi\u00e8re phase, avec des sp\u00e9cialit\u00e9s diverses et offres de s\u00e9jours sur mesure.Ce projet s\u2019inscrit dans la strat\u00e9gie de d\u00e9veloppement touristique du pays [&hellip;]<\/p>\n","protected":false},"author":1965,"featured_media":0,"comment_status":"closed","ping_status":"closed","sticky":false,"template":"","format":"standard","meta":{"fifu_image_url":"","fifu_image_alt":"","footnotes":""},"categories":[73,82],"tags":[],"class_list":["post-69460","post","type-post","status-publish","format-standard","hentry","category-actualite","category-cameroun"],"_links":{"self":[{"href":"https:\/\/linitiative.ca\/International\/wp-json\/wp\/v2\/posts\/69460","targetHints":{"allow":["GET"]}}],"collection":[{"href":"https:\/\/linitiative.ca\/International\/wp-json\/wp\/v2\/posts"}],"about":[{"href":"https:\/\/linitiative.ca\/International\/wp-json\/wp\/v2\/types\/post"}],"author":[{"embeddable":true,"href":"https:\/\/linitiative.ca\/International\/wp-json\/wp\/v2\/users\/1965"}],"replies":[{"embeddable":true,"href":"https:\/\/linitiative.ca\/International\/wp-json\/wp\/v2\/comments?post=69460"}],"version-history":[{"count":0,"href":"https:\/\/linitiative.ca\/International\/wp-json\/wp\/v2\/posts\/69460\/revisions"}],"wp:attachment":[{"href":"https:\/\/linitiative.ca\/International\/wp-json\/wp\/v2\/media?parent=69460"}],"wp:term":[{"taxonomy":"category","embeddable":true,"href":"https:\/\/linitiative.ca\/International\/wp-json\/wp\/v2\/categories?post=69460"},{"taxonomy":"post_tag","embeddable":true,"href":"https:\/\/linitiative.ca\/International\/wp-json\/wp\/v2\/tags?post=69460"}],"curies":[{"name":"wp","href":"https:\/\/api.w.org\/{rel}","templated":true}]}}