{"id":69461,"date":"2019-12-06T06:00:06","date_gmt":"2019-12-06T11:00:06","guid":{"rendered":"https:\/\/linitiative.ca\/International\/takaful-attendu-pour-le-1er-trimestre-2020\/"},"modified":"2019-12-06T06:00:06","modified_gmt":"2019-12-06T11:00:06","slug":"takaful-attendu-pour-le-1er-trimestre-2020","status":"publish","type":"post","link":"https:\/\/linitiative.ca\/International\/takaful-attendu-pour-le-1er-trimestre-2020\/","title":{"rendered":"Takaful attendu pour le 1er trimestre 2020"},"content":{"rendered":"<p><img decoding=\"async\" class=\"post_layout_5_img\" src=\"http:\/\/aujourdhui.ma\/wp-content\/uploads\/2019\/12\/takaful.jpg?x29840\" alt=\"Takaful attendu pour le 1er trimestre 2020\"\/><\/p>\n<p class=\"p1\"><span class=\"c4\"><strong><em>Hassan Boubrik le confirme devant un large parterre d\u2019assureurs du Mena<\/em><\/strong><\/span><span id=\"more-325820\"\/><\/p>\n<div class=\"base-box mom_box_sc_custom mom_box_sc clear c5\" readability=\"10\">\n<p class=\"p1\"><strong><span class=\"s1\">\u00abDans d\u2019autres pays, l\u2019assurance Takaful et de mani\u00e8re g\u00e9n\u00e9rale la finance participative est dans des proportions entre 5 et 10% de la taille du march\u00e9. J\u2019esp\u00e8re qu\u2019on les atteindra au Maroc progressivement\u00bb.<\/span><\/strong><\/p>\n<\/div>\n<p class=\"p1\"><em>\u00abLe taux de p\u00e9n\u00e9tration de l\u2019assurance dans le Mena et dans le monde arabe n\u2019est pas au niveau souhait\u00e9\u00bb<\/em>. Le constat est dress\u00e9, jeudi \u00e0 Marrakech, par Hassan Boubrik, pr\u00e9sident de l\u2019Autorit\u00e9 de contr\u00f4le des assurances et de la pr\u00e9voyance (ACAPS), lors de la 4\u00e8me conf\u00e9rence de l\u2019Union arabe des contr\u00f4leurs d\u2019assurance (AUIRC) qui se tient pour la 2\u00e8me fois au Maroc. \u00ab<em>Ce taux de p\u00e9n\u00e9tration s\u2019\u00e9l\u00e8ve \u00e0 1,6%, alors que la moyenne mondiale est de 6%<\/em>\u00bb, pr\u00e9cise-t-il.<\/p>\n<p class=\"p3\">Challenges \u00e0 relever<\/p>\n<p class=\"p1\">Pour lui, cette p\u00e9n\u00e9tration est un premier d\u00e9fi pour l\u2019industrie de l\u2019assurance dans la r\u00e9gion Mena et le monde arabe. Le deuxi\u00e8me challenge \u00e9tant celui de la mise en conformit\u00e9 des cadres prudentiels et r\u00e9glementaires avec les normes internationales. Il est question, pour lui, de \u00ab<em>moderniser ces cadres l\u00e9gaux et assurer au secteur des assurances un d\u00e9veloppement soutenable dans un cadre prudentiel qui garantit la solvabilit\u00e9 des acteurs<\/em>\u00bb. Quant au 3\u00e8me d\u00e9fi, il est relatif \u00e0 l\u2019am\u00e9lioration de la culture de l\u2019assurance aupr\u00e8s du citoyen arabe \u00e0 travers notamment l\u2019\u00e9ducation financi\u00e8re. Dans ce sens, il rappelle que le Maroc a d\u00e9j\u00e0 une strat\u00e9gie nationale d\u2019inclusion financi\u00e8re. \u00ab<em>J\u2019esp\u00e8re qu\u2019elle permettrait d\u2019avoir des r\u00e9sultats tangibles et \u00e0 ce que le maximum des citoyens puissent acc\u00e9der aux services financiers, notamment l\u2019assurance\u00bb<\/em>, commente-t-il. L\u2019orateur s\u2019exprime par l\u2019occasion sur les textes r\u00e9glementaires de l\u2019assurance Takaful.<\/p>\n<p class=\"p3\"><strong>Derni\u00e8re ligne droite\u00a0pour Takaful<\/strong><\/p>\n<p class=\"p1\">A ce propos, M. Boubrik pr\u00e9cise que l\u2019autorit\u00e9 qu\u2019il chapeaute a travaill\u00e9 sur les textes r\u00e9glementaires de l\u2019assurance Takaful. \u00ab<em>Nous sommes dans la derni\u00e8re ligne droite\u00bb,<\/em> lance-t-il. Le pr\u00e9sident indique que cette structure travaille notamment avec le Conseil sup\u00e9rieur des oul\u00e9ma pour avoir son avis conforme sur l\u2019ensemble des textes r\u00e9glementaires. De plus, les acteurs se pr\u00e9parent de leur c\u00f4t\u00e9 comme il l\u2019explicite en rappelant que des manifestations d\u2019int\u00e9r\u00eat ont \u00e9t\u00e9 faites. \u00ab<em>Probablement le premier trimestre 2020, on pourra avoir un d\u00e9marrage effectif du Takaful<\/em>\u00bb, d\u00e9taille-t-il. Quant \u00e0 la taille du march\u00e9 par rapport \u00e0 ces assurances, il indique que l\u2019important est de commencer et d\u2019accompagner les r\u00e9alisations faites avec les banques participatives. \u00ab<em>Dans d\u2019autres pays, l\u2019assurance Takaful et de mani\u00e8re g\u00e9n\u00e9rale la finance participative est dans des proportions entre 5 et 10% de la taille du march\u00e9. J\u2019esp\u00e8re qu\u2019on les atteindra au Maroc progressivement<\/em>\u00bb, temp\u00e8re-t-il. Pour lui, ces assurances Takaful viennent combler un vide et un besoin, puisqu\u2019il pense que de nombreux Marocains attendent ces produits participatifs et d\u2019assurance. \u00ab<em>J\u2019esp\u00e8re que les acteurs, qui devraient proposer les meilleurs produits aux meilleures conditions, seront au rendez-vous d\u00e8s le 1er trimestre 2020\u00bb,<\/em> encha\u00eene-t-il en rappelant que sa structure a des \u00e9changes avec des homologues arabes, notamment ceux qui ont d\u00e9j\u00e0 une exp\u00e9rience.<\/p>\n<p class=\"p3\"><strong>L\u2019exemple \u00e9mirati<\/strong><\/p>\n<p class=\"p1\">De son c\u00f4t\u00e9, Ebrahim Obaid Al-Zaabi, directeur g\u00e9n\u00e9ral de l\u2019Autorit\u00e9 de contr\u00f4le de l\u2019assurance aux Emirats arabes unis et pr\u00e9sident de l\u2019AUIRC, partage l\u2019exp\u00e9rience de son pays. \u00ab<em>Aux \u00e9mirats, le secteur d\u2019assurance contribue \u00e0 l\u2019augmentation du PIB \u00e0 travers 62 soci\u00e9t\u00e9s d\u2019assurance qui y \u0153uvrent<\/em>\u00bb, pr\u00e9cise-t-il. Selon ses dires, 23 soci\u00e9t\u00e9s sont nationales et 12 sont d\u00e9di\u00e9es \u00e0 l\u2019assurance Takaful au niveau national outre celles \u00e9trang\u00e8res qui se chiffrent \u00e0 27 filIales. De plus, les Emirats ont, de par leurs produits d\u2019assurance, pu conserver leur premi\u00e8re place dans le Mena lors des derni\u00e8res d\u00e9cennies en avan\u00e7ant chaque ann\u00e9e au niveau mondial pour atteindre la 37\u00e8me place en termes de parts souscrites. Celles-ci \u00e9tant de l\u2019ordre de 43,7 milliards DH \u00e9miratis.<\/p>\n<p class=\"p1\">Quant \u00e0 l\u2019investissement, il s\u2019\u00e9l\u00e8ve \u00e0 63,6 milliards DH \u00e9miratis en 2018. \u00ab<em>L\u2019\u00e9volution du secteur a positivement impact\u00e9 le revenu de l\u2019individu quant aux parts d\u2019assurance pour atteindre 4,711 dirhams \u00e9miratis pour chaque individu en 2018, soit le double de la moyenne mondiale\u00bb,<\/em> ajoute-t-il. Par l\u2019occasion, l\u2019intervenant ne manque pas de rappeler les efforts de sa structure pour consolider le secteur via notamment le num\u00e9rique et les lois tout en \u00e9voquant la vision 2021 qui abonde dans ce sens.<\/p>\n<p class=\"p3\"><strong>Les bonnes performances\u00a0des soci\u00e9t\u00e9s marocaines<\/strong><\/p>\n<p class=\"p1\">\u00ab<em>Depuis la derni\u00e8re conf\u00e9rence au Maroc, notre march\u00e9 a consid\u00e9rablement \u00e9volu\u00e9 enregistrant ainsi une augmentation de 55% de primes \u00e9mises entre 2013 et 2018<\/em>\u00bb, pr\u00e9cise Mohamed Hassan Bensalah, pr\u00e9sident de la F\u00e9d\u00e9ration marocaine des soci\u00e9t\u00e9s d\u2019assurance et de r\u00e9assurances. Selon ses dires, la croissance du march\u00e9 demeure forte et tire sa force des assurances qui repr\u00e9sentent <em>\u00ab44% des primes \u00e9mises en 2018\u00bb.<\/em><\/p>\n<p class=\"p1\">Comme il l\u2019indique, certaines compagnies marocaines ont m\u00eame \u00e9volu\u00e9 en Afrique. <em>\u00abCes d\u00e9veloppements ont fait que notre march\u00e9 soit le 1er dans le monde arabe en termes de p\u00e9n\u00e9tration et le 2\u00e8me en Afrique<\/em>\u00bb, poursuit-il. Cependant, des priorit\u00e9s existent. Il s\u2019agit de faire une offre adapt\u00e9e pour les communaut\u00e9s qui manquent de couverture. Par l\u2019occasion, il \u00e9voque le projet de loi relatif \u00e0 la couverture des cons\u00e9quences des catastrophes qui entrera en vigueur le 1er janvier 2020. \u00ab<em>Notre r\u00e9gulateur travaille sur la convergence vers la solvabilit\u00e9 bas\u00e9e sur les risques. Certains indicateurs ont besoin de r\u00e9ajustement\u00bb,<\/em> recommande-t-il.<\/p>\n<p>Auteur: Salima Guisser<br \/>\n<a href=\"http:\/\/aujourdhui.ma\/economie\/takaful-attendu-pour-le-1er-trimestre-2020\">Cliquez ici pour lire l&rsquo;article depuis sa source.<\/a><\/p>\n","protected":false},"excerpt":{"rendered":"<p>Hassan Boubrik le confirme devant un large parterre d\u2019assureurs du Mena \u00abDans d\u2019autres pays, l\u2019assurance Takaful et de mani\u00e8re g\u00e9n\u00e9rale la finance participative est dans des proportions entre 5 et 10% de la taille du march\u00e9. J\u2019esp\u00e8re qu\u2019on les atteindra au Maroc progressivement\u00bb. \u00abLe taux de p\u00e9n\u00e9tration de l\u2019assurance dans le Mena et dans le [&hellip;]<\/p>\n","protected":false},"author":1759,"featured_media":0,"comment_status":"closed","ping_status":"closed","sticky":false,"template":"","format":"standard","meta":{"fifu_image_url":"","fifu_image_alt":"","footnotes":""},"categories":[73,54],"tags":[],"class_list":["post-69461","post","type-post","status-publish","format-standard","hentry","category-actualite","category-maroc"],"_links":{"self":[{"href":"https:\/\/linitiative.ca\/International\/wp-json\/wp\/v2\/posts\/69461","targetHints":{"allow":["GET"]}}],"collection":[{"href":"https:\/\/linitiative.ca\/International\/wp-json\/wp\/v2\/posts"}],"about":[{"href":"https:\/\/linitiative.ca\/International\/wp-json\/wp\/v2\/types\/post"}],"author":[{"embeddable":true,"href":"https:\/\/linitiative.ca\/International\/wp-json\/wp\/v2\/users\/1759"}],"replies":[{"embeddable":true,"href":"https:\/\/linitiative.ca\/International\/wp-json\/wp\/v2\/comments?post=69461"}],"version-history":[{"count":0,"href":"https:\/\/linitiative.ca\/International\/wp-json\/wp\/v2\/posts\/69461\/revisions"}],"wp:attachment":[{"href":"https:\/\/linitiative.ca\/International\/wp-json\/wp\/v2\/media?parent=69461"}],"wp:term":[{"taxonomy":"category","embeddable":true,"href":"https:\/\/linitiative.ca\/International\/wp-json\/wp\/v2\/categories?post=69461"},{"taxonomy":"post_tag","embeddable":true,"href":"https:\/\/linitiative.ca\/International\/wp-json\/wp\/v2\/tags?post=69461"}],"curies":[{"name":"wp","href":"https:\/\/api.w.org\/{rel}","templated":true}]}}