{"id":69462,"date":"2019-12-06T06:28:05","date_gmt":"2019-12-06T11:28:05","guid":{"rendered":"https:\/\/linitiative.ca\/International\/18eme-festival-international-du-film-de-marrakech-mouna-fettou-dedie-son-hommage-a-son-fils\/"},"modified":"2019-12-06T06:28:05","modified_gmt":"2019-12-06T11:28:05","slug":"18eme-festival-international-du-film-de-marrakech-mouna-fettou-dedie-son-hommage-a-son-fils","status":"publish","type":"post","link":"https:\/\/linitiative.ca\/International\/18eme-festival-international-du-film-de-marrakech-mouna-fettou-dedie-son-hommage-a-son-fils\/","title":{"rendered":"18\u00e8me Festival international du film de Marrakech : Mouna Fettou d\u00e9die son hommage \u00e0 son fils"},"content":{"rendered":"<p><img decoding=\"async\" class=\"post_layout_5_img\" src=\"http:\/\/aujourdhui.ma\/wp-content\/uploads\/2019\/12\/Fifm-2019-Mouna-Fettou.jpg?x29840\" alt=\"18\u00e8me Festival international du film de Marrakech : Mouna Fettou d\u00e9die son hommage \u00e0 son fils\"\/><\/p>\n<p class=\"p1\"><span class=\"s1 c4\"><em><strong>Elle consid\u00e8re que cet honneur qui lui est fait en pr\u00e9sence de stars du cin\u00e9ma mondial, arabe ou marocain est avant tout rendu \u00e0 toutes les artistes marocaines et, au moyen de l\u2019art, \u00e0 la femme marocaine.<\/strong><\/em><\/span> <span id=\"more-325905\"\/><\/p>\n<p class=\"p1\"><span class=\"s1\"><em>\u00abJe veux d\u00e9dier cet hommage au meilleur cadeau du ciel, mon fils Bensalem!\u00bb<\/em>. C\u2019est ainsi que s\u2019exprimait, mercredi soir, la c\u00e9l\u00e8bre actrice marocaine, Mouna Fettou, \u00e0 l\u2019issue de l\u2019hommage rendu \u00e0 sa carri\u00e8re artistique par le 18\u00e8me Festival international du film de Marrakech (FIFM) qui se tient jusqu\u2019au 7 d\u00e9cembre. A cette occasion, l\u2019artiste ne manque pas de devoir une fi\u00e8re chandelle \u00e0 SM le Roi Mohammed VI, qui accorde son Haut patronage \u00e0 cette grand-messe cin\u00e9matographique, et \u00e0 SAR le Prince Moulay Rachid, pr\u00e9sident de la Fondation du FIFM, initiatrice de cet \u00e9v\u00e9nement. Mouna Fettou y a, d\u2019ailleurs, de beaux souvenirs. <em>\u00abJ\u2019ai v\u00e9cu le d\u00e9but de ce festival puisque je l\u2019ai anim\u00e9 en 2006\u00bb,<\/em> remonte-t-elle le temps. Depuis, elle suit ses succ\u00e8s de par la r\u00e9ception de stars mondiales et marocaines dont Feu Amina Rachid, Mohamed Bastaoui, et Jilali Ferhati. Ces r\u00e9ussites consistent, selon l\u2019actrice, en l\u2019ouverture \u00e9galement du FIFM sur le cin\u00e9ma marocain.<\/span><\/p>\n<p class=\"p1\"><span class=\"s1\">L\u2019artiste exprime aussi toute sa gratitude \u00e0 l\u2019art, au public qui l\u2019appr\u00e9cie, aux artistes et professionnels du cin\u00e9ma avec lesquels elle a trait\u00e9 et \u00e0 toute personne ayant contribu\u00e9 \u00e0 sa carri\u00e8re artistique.<\/span><\/p>\n<p class=\"p1\"><span class=\"s1\"><em>\u00abCet hommage, dont je suis assez heureuse, est une reconnaissance aux efforts de tous les professionnels\u00bb,<\/em> encha\u00eene l\u2019actrice. Elle consid\u00e8re que cet honneur qui lui est fait en pr\u00e9sence de stars du cin\u00e9ma mondial, arabe ou marocain est avant tout rendu \u00e0 toutes les artistes marocaines et, au moyen de l\u2019art, \u00e0 la femme marocaine. <em>\u00abC\u2019est un hommage rendu \u00e0 tous ceux qui croient en leurs r\u00eaves et ont emprunt\u00e9 le chemin de l\u2019espoir\u00bb<\/em>, s\u2019exprime Mouna Fettou. A propos du cin\u00e9ma marocain, elle indique qu\u2019il s\u2019int\u00e8gre pleinement dans la dynamique de notre soci\u00e9t\u00e9. Celle qui promeut les droits de la femme, pr\u00e9serve sa dignit\u00e9 et pr\u00f4ne l\u2019\u00e9galit\u00e9 du genre.<\/span><\/p>\n<p class=\"p1\"><span class=\"s1\">Au public, elle s\u2019adresse au nom de toutes les artistes marocaines et de la femme marocaine. <em>\u00abJe vous pr\u00e9sente toute ma gratitude et reconnaissance\u00bb,<\/em> poursuit-elle \u00e0 l\u2019attention de ses fans. Et ce n\u2019est pas tout. <em>\u00abJe voudrais remercier ma m\u00e8re, mes fr\u00e8res et mes amis pour leur appui et soutien\u00bb,<\/em> ajoute-t-elle. Le tout sans oublier de remercier chaleureusement Sarem Fassi Fihri, vice-pr\u00e9sident de la Fondation du FIFM. Et c\u2019\u00e9tait \u00e0 l\u2019actrice tunisienne, Hend Sabry, h\u00e9ro\u00efne du film \u00abNoura r\u00eave\u00bb, projet\u00e9 lors de cette \u00e9dition, de remettre \u00e0 l\u2019artiste marocaine le troph\u00e9e d\u2019hommage. De toute \u00e9vidence, il n\u2019y pas mieux qu\u2019une star maghr\u00e9bine pour le faire.<\/span><\/p>\n<p class=\"p1\"><span class=\"s1\">Si le choix du FIFM se porte sur Mouna Fettou, c\u2019est parce qu\u2019elle compte \u00e0 son actif une carri\u00e8re de plus de 30 ans. Un parcours que cette actrice, n\u00e9e \u00e0 Rabat, commence au cin\u00e9ma avec \u00abUn amour \u00e0 Casablanca\u00bb d\u2019Abdelkader Lagta\u00e2. Son parcours se poursuit avec des \u0153uvres pour la t\u00e9l\u00e9vision et le th\u00e9\u00e2tre. Outre cette carri\u00e8re, elle rafle un grand nombre de prix dans diff\u00e9rents festivals. L\u2019artiste s\u2019est m\u00eame fray\u00e9 une renomm\u00e9e dans l\u2019Hexagone pour son r\u00f4le dans le dernier film du r\u00e9alisateur Ga\u00ebl Morel, \u00abPrendre le large\u00bb, dans lequel elle se produit avec la grande actrice fran\u00e7aise Sandrine Bonnaire. Au Maroc, ses participations aux diff\u00e9rentes productions sont nombreuses. Elle s\u2019affiche ainsi dans \u00abVolubilis\u00bb de Faouzi Bensaidi, \u00abL\u2019Orchestre des aveugles\u00bb de Mohamed Mouftakir et bien d\u2019autres.<\/span><\/p>\n<p>Auteur: Salima Guisser<br \/>\n<a href=\"http:\/\/aujourdhui.ma\/culture\/cinema\/18eme-festival-international-du-film-de-marrakech-mouna-fettou-dedie-son-hommage-a-son-fils\">Cliquez ici pour lire l&rsquo;article depuis sa source.<\/a><\/p>\n","protected":false},"excerpt":{"rendered":"<p>Elle consid\u00e8re que cet honneur qui lui est fait en pr\u00e9sence de stars du cin\u00e9ma mondial, arabe ou marocain est avant tout rendu \u00e0 toutes les artistes marocaines et, au moyen de l\u2019art, \u00e0 la femme marocaine. \u00abJe veux d\u00e9dier cet hommage au meilleur cadeau du ciel, mon fils Bensalem!\u00bb. C\u2019est ainsi que s\u2019exprimait, mercredi [&hellip;]<\/p>\n","protected":false},"author":1759,"featured_media":0,"comment_status":"closed","ping_status":"closed","sticky":false,"template":"","format":"standard","meta":{"fifu_image_url":"","fifu_image_alt":"","footnotes":""},"categories":[73,54],"tags":[],"class_list":["post-69462","post","type-post","status-publish","format-standard","hentry","category-actualite","category-maroc"],"_links":{"self":[{"href":"https:\/\/linitiative.ca\/International\/wp-json\/wp\/v2\/posts\/69462","targetHints":{"allow":["GET"]}}],"collection":[{"href":"https:\/\/linitiative.ca\/International\/wp-json\/wp\/v2\/posts"}],"about":[{"href":"https:\/\/linitiative.ca\/International\/wp-json\/wp\/v2\/types\/post"}],"author":[{"embeddable":true,"href":"https:\/\/linitiative.ca\/International\/wp-json\/wp\/v2\/users\/1759"}],"replies":[{"embeddable":true,"href":"https:\/\/linitiative.ca\/International\/wp-json\/wp\/v2\/comments?post=69462"}],"version-history":[{"count":0,"href":"https:\/\/linitiative.ca\/International\/wp-json\/wp\/v2\/posts\/69462\/revisions"}],"wp:attachment":[{"href":"https:\/\/linitiative.ca\/International\/wp-json\/wp\/v2\/media?parent=69462"}],"wp:term":[{"taxonomy":"category","embeddable":true,"href":"https:\/\/linitiative.ca\/International\/wp-json\/wp\/v2\/categories?post=69462"},{"taxonomy":"post_tag","embeddable":true,"href":"https:\/\/linitiative.ca\/International\/wp-json\/wp\/v2\/tags?post=69462"}],"curies":[{"name":"wp","href":"https:\/\/api.w.org\/{rel}","templated":true}]}}