{"id":69463,"date":"2019-12-06T06:35:02","date_gmt":"2019-12-06T11:35:02","guid":{"rendered":"https:\/\/linitiative.ca\/International\/4eme-edition-difrane-forum-l-entrepreneuriat-feminin-en-afrique-a-lhonneur\/"},"modified":"2019-12-06T06:35:02","modified_gmt":"2019-12-06T11:35:02","slug":"4eme-edition-difrane-forum-l-entrepreneuriat-feminin-en-afrique-a-lhonneur","status":"publish","type":"post","link":"https:\/\/linitiative.ca\/International\/4eme-edition-difrane-forum-l-entrepreneuriat-feminin-en-afrique-a-lhonneur\/","title":{"rendered":"4\u00e8me \u00e9dition d\u2019Ifrane Forum : L\u2019 entrepreneuriat f\u00e9minin en Afrique  \u00e0 l\u2019honneur"},"content":{"rendered":"<p><img decoding=\"async\" class=\"post_layout_5_img\" src=\"http:\/\/aujourdhui.ma\/wp-content\/uploads\/2019\/12\/4e%CC%80me-e%CC%81dition-d%E2%80%99Ifrane-Forum.jpg?x29840\" alt=\"4\u00e8me \u00e9dition d\u2019Ifrane Forum : L\u2019 entrepreneuriat f\u00e9minin en Afrique \u00e0 l\u2019honneur\"\/><\/p>\n<p class=\"p1\"><span class=\"s1\"><span class=\"c4\"><strong>Ifrane Forum revient pour une 4\u00e8me \u00e9dition sous le signe de l\u2019entrepreneuriat et l\u2019innovation.<\/strong><\/span><\/span> <span id=\"more-325825\"\/><\/p>\n<p class=\"p1\"><span class=\"s1\">\u00abAfrique, terreau de l\u2019innovation\u00bb, \u00abFemmes en Afrique, cl\u00e9 du d\u00e9veloppement \u00e9conomique et social\u00bb, \u00abL\u2019entrepreneuriat comme levier pour la transformation du continent\u00bb\u2026 telles sont les th\u00e9matiques d\u00e9battues par les experts durant les 3 jours de ce forum qui aspire \u00e0 une Afrique prosp\u00e8re. Organis\u00e9 du 4 au 6 d\u00e9cembre, Ifrane Forum r\u00e9unit une cinquantaine d\u2019intervenant (e)s venant d\u2019Afrique et d\u2019ailleurs afin de partager leur exp\u00e9rience et leur vision pour l\u2019Afrique.<\/span><\/p>\n<p class=\"p1\"><span class=\"s1\">Plus de 15 pays sont repr\u00e9sent\u00e9s et 200 participants annonc\u00e9s lors de cette \u00e9dition. L\u2019objectif \u00e9tant d\u2019encourager l\u2019innovation, promouvoir l\u2019entrepreneuriat et de cr\u00e9er des opportunit\u00e9s pour les jeunes et les femmes du continent. <em>\u00abPour cette 4\u00e8me \u00e9dition sous le th\u00e8me \u00abInnover et entreprendre pour transformer l\u2019Afrique\u00bb, Ifrane Forum souhaite mettre en valeur des histoires de r\u00e9ussites Made In Africa, des femmes et des hommes ayant choisi de cr\u00e9er des emplois ou des solutions pour accompagner la transformation du continent\u00bb<\/em>, indiquent les organisateurs de ce forum.<\/span><\/p>\n<p class=\"p1\"><span class=\"s1\">Apr\u00e8s une premi\u00e8re journ\u00e9e ax\u00e9e sur le choix du d\u00e9veloppement par l\u2019innovation ou encore les industries cr\u00e9atives comme levier du d\u00e9veloppement \u00e9conomique du continent, la deuxi\u00e8me journ\u00e9e de ce forum a mis l\u2019accent sur les femmes aux commandes, et l\u2019entrepreneuriat en Afrique comme une vocation f\u00e9minine. Un peu plus tard dans la journ\u00e9e 4 ateliers se sont tenus afin de permettre plus d\u2019\u00e9change sur l\u2019entrepreneuriat au f\u00e9minin. Les femmes africaines aspirent \u00e0 la transformation de l\u2019Afrique.<\/span><\/p>\n<p class=\"p1\"><span class=\"s1\">Bien que 24% parmi elles choisissent l\u2019entrepreneuriat, faisant de l\u2019Afrique le premier continent de l\u2019entrepreneuriat f\u00e9minin au monde, il reste encore du chemin \u00e0 parcourir. En effet, il s\u2019av\u00e8re que la tr\u00e8s grande majorit\u00e9 de ces femmes voit dans cette solution un moyen d\u2019assurer leur subsistance. Plus significatif\u00a0: 15% d\u2019entre elles doivent cesser leurs activit\u00e9s faute d\u2019acc\u00e8s aux financements n\u00e9cessaires pour les d\u00e9velopper. Egalit\u00e9 des chances entre hommes et femmes, m\u00e9canismes d\u2019accompagnement pour les entreprises f\u00e9minines, garantir la parit\u00e9 dans les organes de d\u00e9cision dans le secteur priv\u00e9 et dans le secteur public\u2026 autant de solutions pouvant mener \u00e0 faire de l\u2019entrepreneuriat f\u00e9minin un vecteur de transformation pour l\u2019Afrique. Durant la troisi\u00e8me journ\u00e9e, les participants ont \u00e9chang\u00e9 autour de la transformation de l\u2019entrepreneuriat d\u2019un choix personnel \u00e0 une culture de soci\u00e9t\u00e9 ou encore la cr\u00e9ation de start-up.<\/span><\/p>\n<p class=\"p1\"><span class=\"s1\">Cela permet de faire le point sur l\u2019\u00e9tat des lieux, faire la diff\u00e9rence entre l\u2019entrepreneuriat de subsistance et celui de la cr\u00e9ation de valeur, identifier les m\u00e9canismes \u00e0 mettre en \u0153uvre pour encourager la cr\u00e9ation d\u2019entreprises et accompagner celles qui existent d\u00e9j\u00e0.<\/span><\/p>\n<p class=\"p1\"><span class=\"s1\">Ce forum se d\u00e9finit comme une plate-forme de rencontres et de r\u00e9flexion pour le d\u00e9veloppement du commerce et de l\u2019investissement en Afrique.<span class=\"Apple-converted-space\">\u00a0<\/span> Cet \u00e9v\u00e8nement est port\u00e9 par IAFRIKA, un r\u00e9seau constitu\u00e9 de pr\u00e8s de 600 chefs d\u2019entreprises de 30 pays d\u2019Afrique op\u00e9rant dans divers secteurs d\u2019activit\u00e9s, dont la mission principale est d\u2019\u0153uvrer pour la promotion de la coop\u00e9ration Sud-Sud et favoriser les \u00e9changes de savoir-faire et d\u2019expertises entre ses membres. Notons que l\u2019\u00e9dition 2018 qui \u00e9tait sous le th\u00e8me \u00abLa croissance durable au service de l\u2019Afrique \u00e9mergente\u00bb avait r\u00e9uni plus de 200 participants.<\/span><\/p>\n<p>Auteur: Ouchagour Leila<br \/>\n<a href=\"http:\/\/aujourdhui.ma\/economie\/4eme-edition-difrane-forum-l-entrepreneuriat-feminin-en-afrique-a-lhonneur\">Cliquez ici pour lire l&rsquo;article depuis sa source.<\/a><\/p>\n","protected":false},"excerpt":{"rendered":"<p>Ifrane Forum revient pour une 4\u00e8me \u00e9dition sous le signe de l\u2019entrepreneuriat et l\u2019innovation. \u00abAfrique, terreau de l\u2019innovation\u00bb, \u00abFemmes en Afrique, cl\u00e9 du d\u00e9veloppement \u00e9conomique et social\u00bb, \u00abL\u2019entrepreneuriat comme levier pour la transformation du continent\u00bb\u2026 telles sont les th\u00e9matiques d\u00e9battues par les experts durant les 3 jours de ce forum qui aspire \u00e0 une Afrique [&hellip;]<\/p>\n","protected":false},"author":1759,"featured_media":0,"comment_status":"closed","ping_status":"closed","sticky":false,"template":"","format":"standard","meta":{"fifu_image_url":"","fifu_image_alt":"","footnotes":""},"categories":[73,54],"tags":[],"class_list":["post-69463","post","type-post","status-publish","format-standard","hentry","category-actualite","category-maroc"],"_links":{"self":[{"href":"https:\/\/linitiative.ca\/International\/wp-json\/wp\/v2\/posts\/69463","targetHints":{"allow":["GET"]}}],"collection":[{"href":"https:\/\/linitiative.ca\/International\/wp-json\/wp\/v2\/posts"}],"about":[{"href":"https:\/\/linitiative.ca\/International\/wp-json\/wp\/v2\/types\/post"}],"author":[{"embeddable":true,"href":"https:\/\/linitiative.ca\/International\/wp-json\/wp\/v2\/users\/1759"}],"replies":[{"embeddable":true,"href":"https:\/\/linitiative.ca\/International\/wp-json\/wp\/v2\/comments?post=69463"}],"version-history":[{"count":0,"href":"https:\/\/linitiative.ca\/International\/wp-json\/wp\/v2\/posts\/69463\/revisions"}],"wp:attachment":[{"href":"https:\/\/linitiative.ca\/International\/wp-json\/wp\/v2\/media?parent=69463"}],"wp:term":[{"taxonomy":"category","embeddable":true,"href":"https:\/\/linitiative.ca\/International\/wp-json\/wp\/v2\/categories?post=69463"},{"taxonomy":"post_tag","embeddable":true,"href":"https:\/\/linitiative.ca\/International\/wp-json\/wp\/v2\/tags?post=69463"}],"curies":[{"name":"wp","href":"https:\/\/api.w.org\/{rel}","templated":true}]}}