{"id":69464,"date":"2019-12-06T07:15:06","date_gmt":"2019-12-06T12:15:06","guid":{"rendered":"https:\/\/linitiative.ca\/International\/petits-fruits-rouges-les-professionnels-planchent-a-tanger-sur-les-moyens-de-developper-la-filiere\/"},"modified":"2019-12-06T07:15:06","modified_gmt":"2019-12-06T12:15:06","slug":"petits-fruits-rouges-les-professionnels-planchent-a-tanger-sur-les-moyens-de-developper-la-filiere","status":"publish","type":"post","link":"https:\/\/linitiative.ca\/International\/petits-fruits-rouges-les-professionnels-planchent-a-tanger-sur-les-moyens-de-developper-la-filiere\/","title":{"rendered":"Petits fruits rouges : Les professionnels planchent  \u00e0 Tanger sur les moyens de d\u00e9velopper la fili\u00e8re"},"content":{"rendered":"<p><img decoding=\"async\" class=\"post_layout_5_img\" src=\"http:\/\/aujourdhui.ma\/wp-content\/uploads\/2019\/12\/fruits-rouges.jpg?x29840\" alt=\"Petits fruits rouges : Les professionnels planchent \u00e0 Tanger sur les moyens de d\u00e9velopper la fili\u00e8re\"\/><\/p>\n<p class=\"p1\"><span class=\"c5\"><strong><span class=\"c4\"><em>Au menu, les actions men\u00e9es et les programmes \u00e0 mettre en place<\/em><\/span><\/strong><\/span> <span id=\"more-325810\"\/><\/p>\n<div class=\"base-box mom_box_sc_custom mom_box_sc clear c6\" readability=\"11\">\n<p class=\"p1\"><strong><span class=\"s1\"><em>Les cultures des petits fruits rouges ont connu une croissance consid\u00e9rable depuis leur introduction dans la province de Larache, principalement dans la zone de Loukkos, qui assure environ 80% de la production nationale.<\/em><\/span><\/strong><\/p>\n<\/div>\n<p class=\"p1\">La recherche agronomique au service du d\u00e9veloppement de la fili\u00e8re fruits rouges. Tel est le th\u00e8me principal d\u2019un atelier pr\u00e9vu, mardi 10 d\u00e9cembre, \u00e0 Tanger. Initi\u00e9 par l\u2019Institut national de la recherche agronomique (INRA), cet \u00e9v\u00e9nement \u2013 qui aura lieu avec le soutien de la F\u00e9d\u00e9ration interprofessionnelle marocaine des fruits rouges Interproberries Maroc (IPBM) et l\u2019Office r\u00e9gional de mise en valeur agricole du Loukkos (ORMVAL) \u2013 sera marqu\u00e9 par la participation d\u2019experts nationaux et internationaux dans ce domaine. <em>\u00abCet atelier se veut un espace de partage d\u2019exp\u00e9rience, d\u2019\u00e9change et de discussion entre les principaux intervenants de la fili\u00e8re des petits fruits rouges. Il sera une occasion de faire un bilan des actions men\u00e9es et de se concerter sur les programmes \u00e0 mettre en place pour accompagner le d\u00e9veloppement de la fili\u00e8re et relever les d\u00e9fis qu\u2019elle affronte\u00bb<\/em>, indique un communiqu\u00e9 \u00e9mis derni\u00e8rement par le comit\u00e9 d\u2019organisation de cet \u00e9v\u00e9nement.<\/p>\n<p class=\"p1\">Les cultures des petits fruits rouges ont connu, selon la m\u00eame source, une croissance consid\u00e9rable depuis leur introduction dans la province de Larache, principalement dans la zone de Loukkos, qui assure environ 80% de la production nationale des petits fruits rouges (fraise, framboise et myrtille). Cette zone, dont l\u2019essentiel des r\u00e9coltes est destin\u00e9 \u00e0 l\u2019export, compte une vingtaine d\u2019unit\u00e9s de conditionnement et de surg\u00e9lation install\u00e9es pour la majorit\u00e9 par des investisseurs d\u00e9localis\u00e9s.<\/p>\n<p class=\"p1\">Cette dynamique est stimul\u00e9e par l\u2019interprofession bien structur\u00e9e et organis\u00e9e et des incitations \u00e0 l\u2019investissement dans le cadre du Fonds de d\u00e9veloppement agricole et du Plan Maroc Vert (PMV) et les actions horizontales, notamment les am\u00e9nagements hydro agricoles et l\u2019am\u00e9lioration du service de l\u2019eau d\u2019irrigation par le biais du Programme national d\u2019\u00e9conomie d\u2019eau d\u2019irrigation (PNEEI). Pour accompagner le d\u00e9veloppement de la fili\u00e8re des petits fruits rouges dans cette zone, l\u2019INRA a mis en place une \u00e9quipe de recherche multidisciplinaire au niveau de son centre r\u00e9gional de Tanger et d\u00e9di\u00e9e au secteur.<\/p>\n<p class=\"p1\">Les membres de cette \u00e9quipe r\u00e9ussissent, gr\u00e2ce \u00e0 leur mobilisation et une importante infrastructure scientifique et technique de pointe mise \u00e0 leur disposition, \u00e0 d\u00e9velopper un programme de recherche multidisciplinaire visant la cr\u00e9ation de nouvelles vari\u00e9t\u00e9s de fraisier, l\u2019optimisation des techniques de multiplication in vitro des plants et de l\u2019utilisation des intrants et l\u2019am\u00e9lioration de la conservation et la valorisation de la production.<\/p>\n<p>Auteur: Najat Fa\u00efssal<br \/>\n<a href=\"http:\/\/aujourdhui.ma\/economie\/petits-fruits-rouges-les-professionnels-planchent-a-tanger-sur-les-moyens-de-developper-la-filiere\">Cliquez ici pour lire l&rsquo;article depuis sa source.<\/a><\/p>\n","protected":false},"excerpt":{"rendered":"<p>Au menu, les actions men\u00e9es et les programmes \u00e0 mettre en place Les cultures des petits fruits rouges ont connu une croissance consid\u00e9rable depuis leur introduction dans la province de Larache, principalement dans la zone de Loukkos, qui assure environ 80% de la production nationale. La recherche agronomique au service du d\u00e9veloppement de la fili\u00e8re [&hellip;]<\/p>\n","protected":false},"author":1759,"featured_media":0,"comment_status":"closed","ping_status":"closed","sticky":false,"template":"","format":"standard","meta":{"fifu_image_url":"","fifu_image_alt":"","footnotes":""},"categories":[73,54],"tags":[],"class_list":["post-69464","post","type-post","status-publish","format-standard","hentry","category-actualite","category-maroc"],"_links":{"self":[{"href":"https:\/\/linitiative.ca\/International\/wp-json\/wp\/v2\/posts\/69464","targetHints":{"allow":["GET"]}}],"collection":[{"href":"https:\/\/linitiative.ca\/International\/wp-json\/wp\/v2\/posts"}],"about":[{"href":"https:\/\/linitiative.ca\/International\/wp-json\/wp\/v2\/types\/post"}],"author":[{"embeddable":true,"href":"https:\/\/linitiative.ca\/International\/wp-json\/wp\/v2\/users\/1759"}],"replies":[{"embeddable":true,"href":"https:\/\/linitiative.ca\/International\/wp-json\/wp\/v2\/comments?post=69464"}],"version-history":[{"count":0,"href":"https:\/\/linitiative.ca\/International\/wp-json\/wp\/v2\/posts\/69464\/revisions"}],"wp:attachment":[{"href":"https:\/\/linitiative.ca\/International\/wp-json\/wp\/v2\/media?parent=69464"}],"wp:term":[{"taxonomy":"category","embeddable":true,"href":"https:\/\/linitiative.ca\/International\/wp-json\/wp\/v2\/categories?post=69464"},{"taxonomy":"post_tag","embeddable":true,"href":"https:\/\/linitiative.ca\/International\/wp-json\/wp\/v2\/tags?post=69464"}],"curies":[{"name":"wp","href":"https:\/\/api.w.org\/{rel}","templated":true}]}}