{"id":69467,"date":"2019-12-06T06:09:20","date_gmt":"2019-12-06T11:09:20","guid":{"rendered":"https:\/\/linitiative.ca\/International\/pcm-pls-pps-un-parti-un-referentiel-et-un-combat\/"},"modified":"2019-12-06T06:09:20","modified_gmt":"2019-12-06T11:09:20","slug":"pcm-pls-pps-un-parti-un-referentiel-et-un-combat","status":"publish","type":"post","link":"https:\/\/linitiative.ca\/International\/pcm-pls-pps-un-parti-un-referentiel-et-un-combat\/","title":{"rendered":"PCM-PLS-PPS: Un parti, un r\u00e9f\u00e9rentiel et un combat"},"content":{"rendered":"<p class=\"has-text-color has-vivid-cyan-blue-color\"><strong>Depuis la cr\u00e9ation, en 1943, du Parti communiste marocain, et plus particuli\u00e8rement depuis l\u2019arriv\u00e9e \u00e0 sa t\u00eate d\u2019une direction \u00abmarocaine\u00bb, le Parti a, de tous temps, privil\u00e9gi\u00e9 le combat national pour l\u2019ind\u00e9pendance politique et \u00e9conomique et la lutte in\u00e9branlable pour l\u2019\u00e9mancipation sociale de la classe ouvri\u00e8re marocaine.<\/strong><\/p>\n<p>Cela s\u2019est v\u00e9rifi\u00e9 apr\u00e8s l\u2019interdiction du PCM, en 1959, et \u00e9galement celle du Parti de la lib\u00e9ration et du socialisme (PLS), si courte mais si intense m\u00eame si elle n\u2019a dur\u00e9 que 14 mois entre 1968 et 1969.<\/p>\n<p>C\u2019est ce m\u00eame sentiment qui continue \u00e0 animer le PPS aujourd\u2019hui, dans l\u2019opposition, comme, hier, au sein des gouvernements successifs (de Youssoufi \u00e0 Otmani, en passant par Jettou, El Fassi et Benkirane).<\/p>\n<p>Et, contrairement \u00e0 d\u2019autres formations politiques que le pouvoir a pu rendre corruptibles, les militants du PPS ont maintenu le cap autour du r\u00e9f\u00e9rentiel qui est le leur. C\u2019est l\u2019esprit de la premi\u00e8re g\u00e9n\u00e9ration du Parti, unie autour d\u2019Ali Yata, d\u2019Abdeslam Bourquia et, un peu plus tard, Abdallah Layachi (les trois v\u00e9t\u00e9rans du Parti), qui continue \u00e0 nous guider.<\/p>\n<p>Et pourtant, la premi\u00e8re lign\u00e9e de militants communistes comprenait de nombreux dirigeants de grande valeur militante et intellectuelle, que la m\u00e9moire de l\u2019Histoire n\u2019a pas, tous, dor\u00e9s.<\/p>\n<p>Mis \u00e0 part le grand dirigeant communiste et r\u00e9sistant Abdelrim Benabdallah, que le Parti c\u00e9l\u00e8bre son assassinat presque chaque ann\u00e9e, d\u2019autres noms ont marqu\u00e9 la vie du PCM et le combat national entre 1945 et 1956, date de l\u2019ind\u00e9pendance du Maroc.<\/p>\n<p>La liste est exhaustive. Nous n\u2019en traiterons que quelques noms, connus mais qui n\u2019ont pas eu la part de m\u00e9moire qu\u2019ils m\u00e9ritent, ni l\u2019int\u00e9r\u00eat cons\u00e9quent pour ce qu\u2019ils furent et ce qu\u2019ils firent.<\/p>\n<p>H\u00e9las, nos historiens de l\u2019\u00e9poque ont ignor\u00e9 ces patriotes de grande valeur et ces r\u00e9volutionnaires qui ont contribu\u00e9 fortement \u00e0 la lib\u00e9ration du pays et \u00e0 son progr\u00e8s politique et d\u00e9mocratique.<\/p>\n<p>La faille est \u00e9galement en interne et nous n\u2019avons pas su ou pu compiler les nombreux documents et faits historiques dont nos camarades furent les artisans et les acteurs.<\/p>\n<p>Heureusement que des historiens fran\u00e7ais, souvent des progressistes et parfois m\u00eame aux relents colonialistes, ont pu garder des traces, des fois ineffa\u00e7ables, sur les militants communistes de la premi\u00e8re heure. Leurs travaux doivent nous inciter, et surtout nos historiens, \u00e0 la recherche de la v\u00e9rit\u00e9 et de faits historiques pertinents, en rendant \u00e0 C\u00e9sar ce qui appartient \u00e0 C\u00e9sar. Loin de toute paresse partisane, n\u00e9gligence ou sectarisme.<\/p>\n<p>Nous pensons, particuli\u00e8rement, \u00e0 Ma\u00e2ti Yousfi, le paysan communiste du Tadla, \u00e0 Mohamed Setti, syndicaliste au sein de l\u2019UGSCM (syndicat li\u00e9 \u00e0 la CGT fran\u00e7aise), assassin\u00e9, \u00e0 Hadi Messouak, qui, avec Abdelkrim Benabdallah et plus tard Mohamed Ferhat, formait la premi\u00e8re \u00ab\u00a0cellule\u00a0 intellectuelle\u00a0\u00bb du PCM, qui seront suivis par des militants de renomm\u00e9e (Aziz Belal, Edmond Amran El Maleh, Abraham Serfati et d\u2019autres\u2026), dont certains se s\u00e9pareront du PCM ou du PLS, dans une conjoncture politique internationale tr\u00e8s particuli\u00e8re, marqu\u00e9e par la mont\u00e9e du mao\u00efsme et de l\u2019extr\u00e9misme politique de gauche, notamment dans les milieux estudiantins.<\/p>\n<p>H\u00e9las, peu de militants de ces calibres sont encore en vie. Nous pensons \u00e0 Isma\u00efl Alaoui et Omar Fassi, que Dieu les garde en vie, pour compl\u00e9ter les donn\u00e9es et rendre justice \u00e0 ceux que l\u2019oubli n\u2019a pas \u00e9pargn\u00e9s. Ceci est surtout valable pour la d\u00e9cennie soixante, apr\u00e8s l\u2019interdiction du PCM en 1959 et du PLS en 1969). C\u2019est \u00e0 cette date que le nom de Hadi Messouak revient \u00e0 la surface, apr\u00e8s le fameux proc\u00e8s du PCM en 1959, pour marquer un nouveau d\u00e9part du Parti.<\/p>\n<p>Avec ce dossier, qui co\u00efncide avec le d\u00e9c\u00e8s, il y a huit ans, du camarade Simon L\u00e9vy, ex dirigeant du Parti, le v\u0153u est de relater l\u2019action et les sacrifices de tous ceux (le maximum que l\u2019on puisse) qui ont servi, pendant les ann\u00e9es de grand combat patriotique ou durant les ann\u00e9es de plomb, le parti et le peuple.<\/p>\n<p>Avec le nouveau mill\u00e9naire et l\u2019expansion des NITC, la t\u00e2che s\u2019av\u00e8re plus ais\u00e9e pour relater l\u2019action des dirigeants et militants contemporains.<\/p>\n<p>Ce ne sera que d\u00e9but et suite. R\u00e9guli\u00e8rement, nous relaterons dans ce m\u00eame espace et dans la mesure de ce que permettent nos moyens, l\u2019histoire de ces militants hors pair qui ont tout sacrifi\u00e9 au nom de leurs id\u00e9aux au service de la patrie et du peuple. M\u00eame s\u2019ils ont marqu\u00e9, \u00e0 un moment ou \u00e0 autre de cette longue histoire du parti, des divergences avec la direction ou s\u2019ils ont choisi, tout simplement, de se retirer de la vie politique. Avec l\u2019espoir de pas commettre d\u2019oubli.<\/p>\n<p>A l\u2019\u00e9gard de tous ces hommes et femmes (il y en a de nombreuses toujours militantes \u00e0 leurs mani\u00e8res, dont nous ne citerons, de m\u00e9moire courte, que Touria Tazi, Malika Belghiti et Amina Lamrini), nous avons un droit de m\u00e9moire et de respect \u00e9ternel.<\/p>\n<p class=\"c2\">Mohamed Khalil<\/p>\n<p>Auteur: M&rsquo;hammed rahal<br \/>\n<a href=\"http:\/\/albayane.press.ma\/pcm-pls-pps-un-parti-un-referentiel-et-un-combat.html\">Cliquez ici pour lire l&rsquo;article depuis sa source.<\/a><\/p>\n","protected":false},"excerpt":{"rendered":"<p>Depuis la cr\u00e9ation, en 1943, du Parti communiste marocain, et plus particuli\u00e8rement depuis l\u2019arriv\u00e9e \u00e0 sa t\u00eate d\u2019une direction \u00abmarocaine\u00bb, le Parti a, de tous temps, privil\u00e9gi\u00e9 le combat national pour l\u2019ind\u00e9pendance politique et \u00e9conomique et la lutte in\u00e9branlable pour l\u2019\u00e9mancipation sociale de la classe ouvri\u00e8re marocaine. Cela s\u2019est v\u00e9rifi\u00e9 apr\u00e8s l\u2019interdiction du PCM, en [&hellip;]<\/p>\n","protected":false},"author":1760,"featured_media":0,"comment_status":"closed","ping_status":"closed","sticky":false,"template":"","format":"standard","meta":{"fifu_image_url":"","fifu_image_alt":"","footnotes":""},"categories":[73,54],"tags":[],"class_list":["post-69467","post","type-post","status-publish","format-standard","hentry","category-actualite","category-maroc"],"_links":{"self":[{"href":"https:\/\/linitiative.ca\/International\/wp-json\/wp\/v2\/posts\/69467","targetHints":{"allow":["GET"]}}],"collection":[{"href":"https:\/\/linitiative.ca\/International\/wp-json\/wp\/v2\/posts"}],"about":[{"href":"https:\/\/linitiative.ca\/International\/wp-json\/wp\/v2\/types\/post"}],"author":[{"embeddable":true,"href":"https:\/\/linitiative.ca\/International\/wp-json\/wp\/v2\/users\/1760"}],"replies":[{"embeddable":true,"href":"https:\/\/linitiative.ca\/International\/wp-json\/wp\/v2\/comments?post=69467"}],"version-history":[{"count":0,"href":"https:\/\/linitiative.ca\/International\/wp-json\/wp\/v2\/posts\/69467\/revisions"}],"wp:attachment":[{"href":"https:\/\/linitiative.ca\/International\/wp-json\/wp\/v2\/media?parent=69467"}],"wp:term":[{"taxonomy":"category","embeddable":true,"href":"https:\/\/linitiative.ca\/International\/wp-json\/wp\/v2\/categories?post=69467"},{"taxonomy":"post_tag","embeddable":true,"href":"https:\/\/linitiative.ca\/International\/wp-json\/wp\/v2\/tags?post=69467"}],"curies":[{"name":"wp","href":"https:\/\/api.w.org\/{rel}","templated":true}]}}