{"id":69468,"date":"2019-12-06T06:15:02","date_gmt":"2019-12-06T11:15:02","guid":{"rendered":"https:\/\/linitiative.ca\/International\/70e-anniversaire-de-lotan-le-sommet-de-la-discorde\/"},"modified":"2019-12-06T06:15:02","modified_gmt":"2019-12-06T11:15:02","slug":"70e-anniversaire-de-lotan-le-sommet-de-la-discorde","status":"publish","type":"post","link":"https:\/\/linitiative.ca\/International\/70e-anniversaire-de-lotan-le-sommet-de-la-discorde\/","title":{"rendered":"70e anniversaire de l\u2019OTAN: Le sommet de la discorde\u2026"},"content":{"rendered":"<p class=\"has-text-color has-vivid-cyan-blue-color\"><strong>Mardi et mercredi a eu lieu \u00e0 Watford, dans la banlieue londonienne, un sommet r\u00e9unissant les dirigeants des pays membres de l\u2019OTAN et ce, dans le cadre des c\u00e9l\u00e9brations du 70e anniversaire de l\u2019alliance atlantique. Particularit\u00e9 de cette rencontre, l\u2019ambiance n\u2019\u00e9tait tr\u00e8s festive au vu des multiples diff\u00e9rends opposant les dirigeants\u00a0 des pays membres.<\/strong><\/p>\n<p>En t\u00eate de liste, figure le conflit opposant le pr\u00e9sident fran\u00e7ais Emmanuel Macron \u00e0 son homologue turc, Recep Tayyip Erdogan, au sujet de l\u2019intervention lanc\u00e9e par Ankara dans le\u00a0 nord-est de la Syrie sans m\u00eame que les autres membres de l\u2019alliance atlantique n\u2019en soient inform\u00e9s. Ce litige ayant abouti \u00e0 un \u00e9change d\u2019invectives entre les deux hommes, leurs partenaires ne pouvaient qu\u2019esp\u00e9rer que ces derniers aillent aplanir ce diff\u00e9rend lors de la r\u00e9union de Londres sur la Syrie qui, la veille, avait pr\u00e9c\u00e9d\u00e9 le sommet de l\u2019OTAN et \u00e0 laquelle, outre Erdogan et Macron, participaient Boris Johnson et Angela Merkel, mais il n\u2019en fut rien, chacun est rest\u00e9 ferme sur ses positions.\u00a0\u00a0<\/p>\n<p>Mais, \u00a0il n\u2019y a pas que l\u2019opposition Macron-Erdogan. Au-del\u00e0 de la Turquie, les propos du pr\u00e9sident fran\u00e7ais sont loin de faire l\u2019unanimit\u00e9 si bien que le Premier ministre n\u00e9erlandais Mark Rutte bien qu\u2019\u00e9tant d\u2019accord avec Macron lorsqu\u2019il a d\u00e9clar\u00e9 que \u00ab l\u2019Europe devait renforcer son syst\u00e8me de d\u00e9fense \u00bb a estim\u00e9 que le pr\u00e9sident fran\u00e7ais est, tout de m\u00eame, \u00aball\u00e9 trop loin\u00bb.<\/p>\n<p>Ainsi, parmi les divergences qui figuraient au menu du sommet de l\u2019OTAN, il y avait aussi les rapports entre le pr\u00e9sident am\u00e9ricain et son homologue fran\u00e7ais qui ne sont pas non plus au \u00ab beau fixe \u00bb et m\u00eame loin de l\u00e0 ; le premier reprochant au second ses propos \u00ab tr\u00e8s insultant \u00bb \u00e0 l\u2019\u00e9gard de l\u2019OTAN lorsqu\u2019il avait d\u00e9clar\u00e9 que l\u2019alliance atlantique \u00e9tait en \u00e9tat de \u00ab mort c\u00e9r\u00e9brale \u00bb. Les int\u00e9ress\u00e9s ne se sont, d\u2019ailleurs, pas priv\u00e9s d\u2019\u00e9taler leurs d\u00e9saccords lors de la conf\u00e9rence de presse de mardi devenue, par la force des choses, une v\u00e9ritable passe d\u2019arme entre les deux chefs d\u2019Etat lorsque Donald Trump a jug\u00e9 comme \u00e9tant \u00abtr\u00e8s m\u00e9chante \u00e0 l\u2019adresse des 28 pays membres de l\u2019alliance\u00bb la d\u00e9claration d\u2019Emmanuel Macron sur l\u2019OTAN. Le pr\u00e9sident am\u00e9ricain ajoutera m\u00eame que \u00abpersonne n\u2019a besoin de l\u2019OTAN plus que la France\u00bb.<\/p>\n<p>Et m\u00eame si sur le plan commercial, rien ne va plus et qu\u2019en repr\u00e9sailles \u00e0 la volont\u00e9 de Paris \u00abde taxer les g\u00e9ants technologiques am\u00e9ricains\u00bb, Trump a fait part de son intention d\u2019imposer \u00e0 la France des droits de douane pouvant atteindre 100% sur pr\u00e8s de 2,4 milliards de dollars de produits fran\u00e7ais tels le roquefort, les yaourts et le vin, le pr\u00e9sident am\u00e9ricain a fini par adopter un ton plus conciliant lorsqu\u2019il a qualifi\u00e9 de \u00abmineur\u00bb leur diff\u00e9rend commercial.<\/p>\n<p>S\u2019agissant de la Russie, en emboitant le pas \u00e0 son homologue fran\u00e7ais, Donald Trump a convenu de la n\u00e9cessit\u00e9 d\u2019\u00abinitier un dialogue sans na\u00efvet\u00e9\u2026 pour r\u00e9duire la conflictualit\u00e9\u00bb avec Moscou et s\u2019entendre avec cette derni\u00e8re.<\/p>\n<p>Mais quoiqu\u2019il en soit, apr\u00e8s avoir \u00e9tal\u00e9 leurs divergences face au monde entier, les pr\u00e9sidents am\u00e9ricains et fran\u00e7ais ont achev\u00e9 leur conf\u00e9rence de presse comme ils l\u2019avaient commenc\u00e9, sans aucune poign\u00e9e de main\u2026<\/p>\n<p>Enfin, si Donald Trump a tenu, comme il le fait depuis 2017, \u00e0 rappeler aux pays membres de l\u2019OTAN qu\u2019il leur appartient de mieux \u00abpartager le fardeau\u00bb de l\u2019alliance, le pr\u00e9sident fran\u00e7ais, quant \u00e0 lui, n\u2019y est pas all\u00e9 avec le dos de la cuill\u00e8re lorsqu\u2019il a d\u00e9clar\u00e9 qu\u2019il ne voyait \u00abpas de consensus possible\u00bb avec la Turquie qui, bien qu\u2019ayant \u00abr\u00e9affirm\u00e9 clairement son engagement dans la lutte contre Daech \u00bb consid\u00e8re comme terroristes les unit\u00e9s kurdes syriennes de protection du peuple (YPG) et leur bras politique, le PYD, alli\u00e9s de la coalition internationale de lutte contre l\u2019organisation Etat islamique en Syrie. Qu\u2019en sera-t-il alors des relations entre Paris et Ankara s\u00e9rieusement mises \u00e0 mal lors de ce sommet de l\u2019OTAN ? Attendons pour voir\u2026<\/p>\n<p class=\"c2\">Nabil El Bousaadi<\/p>\n<p>Auteur: M&rsquo;hammed rahal<br \/>\n<a href=\"http:\/\/albayane.press.ma\/70e-anniversaire-de-lotan-le-sommet-de-la-discorde.html\">Cliquez ici pour lire l&rsquo;article depuis sa source.<\/a><\/p>\n","protected":false},"excerpt":{"rendered":"<p>Mardi et mercredi a eu lieu \u00e0 Watford, dans la banlieue londonienne, un sommet r\u00e9unissant les dirigeants des pays membres de l\u2019OTAN et ce, dans le cadre des c\u00e9l\u00e9brations du 70e anniversaire de l\u2019alliance atlantique. Particularit\u00e9 de cette rencontre, l\u2019ambiance n\u2019\u00e9tait tr\u00e8s festive au vu des multiples diff\u00e9rends opposant les dirigeants\u00a0 des pays membres. En [&hellip;]<\/p>\n","protected":false},"author":1760,"featured_media":0,"comment_status":"closed","ping_status":"closed","sticky":false,"template":"","format":"standard","meta":{"fifu_image_url":"","fifu_image_alt":"","footnotes":""},"categories":[73,54],"tags":[],"class_list":["post-69468","post","type-post","status-publish","format-standard","hentry","category-actualite","category-maroc"],"_links":{"self":[{"href":"https:\/\/linitiative.ca\/International\/wp-json\/wp\/v2\/posts\/69468","targetHints":{"allow":["GET"]}}],"collection":[{"href":"https:\/\/linitiative.ca\/International\/wp-json\/wp\/v2\/posts"}],"about":[{"href":"https:\/\/linitiative.ca\/International\/wp-json\/wp\/v2\/types\/post"}],"author":[{"embeddable":true,"href":"https:\/\/linitiative.ca\/International\/wp-json\/wp\/v2\/users\/1760"}],"replies":[{"embeddable":true,"href":"https:\/\/linitiative.ca\/International\/wp-json\/wp\/v2\/comments?post=69468"}],"version-history":[{"count":0,"href":"https:\/\/linitiative.ca\/International\/wp-json\/wp\/v2\/posts\/69468\/revisions"}],"wp:attachment":[{"href":"https:\/\/linitiative.ca\/International\/wp-json\/wp\/v2\/media?parent=69468"}],"wp:term":[{"taxonomy":"category","embeddable":true,"href":"https:\/\/linitiative.ca\/International\/wp-json\/wp\/v2\/categories?post=69468"},{"taxonomy":"post_tag","embeddable":true,"href":"https:\/\/linitiative.ca\/International\/wp-json\/wp\/v2\/tags?post=69468"}],"curies":[{"name":"wp","href":"https:\/\/api.w.org\/{rel}","templated":true}]}}