{"id":69469,"date":"2019-12-06T06:27:03","date_gmt":"2019-12-06T11:27:03","guid":{"rendered":"https:\/\/linitiative.ca\/International\/tous-a-londres-personne-a-madrid\/"},"modified":"2019-12-06T06:27:03","modified_gmt":"2019-12-06T11:27:03","slug":"tous-a-londres-personne-a-madrid","status":"publish","type":"post","link":"https:\/\/linitiative.ca\/International\/tous-a-londres-personne-a-madrid\/","title":{"rendered":"Tous \u00e0 Londres, personne \u00e0 Madrid!"},"content":{"rendered":"<p class=\"has-text-color has-vivid-cyan-blue-color\"><strong>Dans les discours et interviews aux m\u00e9dias, la question climatique est pr\u00e9sent\u00e9e comme un enjeu incontestable. Mais quand il s\u2019agit de choisir entre la COP et le sommet de l\u2019OTAN, l\u2019on comprend mieux quelles sont les priorit\u00e9s des chefs d\u2019Etat des plus grandes puissances mondiales. La co\u00efncidence cette semaine entre la COP 25 et le 70e anniversaire de l\u2019Organisation du Trait\u00e9 Atlantique Nord (OTAN) aura confirm\u00e9 que le climat est loin d\u2019\u00eatre la priorit\u00e9 de ces grandes puissances.<\/strong><\/p>\n<p>Madrid, o\u00f9 se tient jusqu\u2019au 13 d\u00e9cembre la conf\u00e9rence des parties sur le climat, le plus grand rendez-vous plan\u00e9taire annuel en la mati\u00e8re, a \u00e9t\u00e9 d\u00e9sert\u00e9. Ceux qui d\u2019habitude, se font les porte-paroles pour le climat et se positionnent en leader sur la question climatique, ont pr\u00e9f\u00e9r\u00e9 comme destination Londres o\u00f9 il \u00e9tait plut\u00f4t question d\u2019armements, d\u2019alliances politiques, militaires, de terrorisme, de s\u00e9curit\u00e9, m\u00eame sur fond de tensions. Pour ce qui est du changement climatique, le d\u00e9bat a \u00e9t\u00e9 laiss\u00e9 aux jeunes, aux responsables de l\u2019ONU, \u00e0 la soci\u00e9t\u00e9 civile, au monde universitaire et de la recherche. A Londres, les d\u00e9cisions se sont enchain\u00e9es, insistant sur la n\u00e9cessit\u00e9 pour chaque pays de l\u2019alliance Nord atlantique de consacrer 2% de son budget \u00e0 l\u2019armement d\u2019ici 2024. D\u2019ailleurs, les mauvais \u00e9l\u00e8ves ou du moins, ceux qui trainent le pas pour atteindre cet objectif, comme le Canada, l\u2019Allemagne ou la France qui ne pourra concr\u00e9tiser cet engagement qu\u2019en 2025, n\u2019ont pas manqu\u00e9 d\u2019\u00eatre point\u00e9s du doigt, faisant m\u00eame l\u2019objet de critiques ouvertes.<\/p>\n<p>A Madrid, par contre, rien de concret n\u2019a toujours \u00e9t\u00e9 dit sur le climat. Aucun engagement des chefs d\u2019Etat des pays les plus pollueurs pour atteindre la limite de temp\u00e9rature de 1,5\u00b0c que pr\u00e9conise le Groupe d\u2019experts intergouvernemental sur l\u2019\u00e9volution du climat (GIEC) d\u2019ici 2050. Aucune d\u00e9cision majeure pour r\u00e9aliser les ambitions de l\u2019Accord de Paris. Bref, la COP25 est jusque-l\u00e0 un simple rendez-vous, une routine\u2026 sans aucun r\u00e9sultat probant. Elle ne se r\u00e9sume pour l\u2019instant qu\u2019\u00e0 quelques d\u00e9clarations, m\u00e9morandums de jeunes, rapports de centres d\u2019\u00e9tude, appels lanc\u00e9s par la soci\u00e9t\u00e9 civile\u2026mais qui, sans engagement des Etats et gouvernements, resteront lettre morte.<\/p>\n<p>On aura compris que le changement climatique ne fait pas de poids devant la question d\u2019armement et de s\u00e9curit\u00e9. Et m\u00eame les m\u00e9dias, notamment les agences de presse internationales, se sont inscrits dans cette optique, consacrant une faible couverture \u00e0 la COP compar\u00e9e \u00e0 celle du 70e anniversaire de l\u2019OTAN. Pour tout dire, le climat aux jeunes, chercheurs, climatologues, universitaires\u2026 l\u2019armement et les alliances militaires aux chefs d\u2019Etat et de gouvernement. A chacun, ses chats \u00e0 fouetter\u00a0! Il ne faut surtout pas s\u2019emm\u00ealer les pinceaux !<\/p>\n<p class=\"c2\"><strong>Danielle Engolo<\/strong><\/p>\n<p>Auteur: M&rsquo;hammed rahal<br \/>\n<a href=\"http:\/\/albayane.press.ma\/tous-a-londres-personne-a-madrid.html\">Cliquez ici pour lire l&rsquo;article depuis sa source.<\/a><\/p>\n","protected":false},"excerpt":{"rendered":"<p>Dans les discours et interviews aux m\u00e9dias, la question climatique est pr\u00e9sent\u00e9e comme un enjeu incontestable. Mais quand il s\u2019agit de choisir entre la COP et le sommet de l\u2019OTAN, l\u2019on comprend mieux quelles sont les priorit\u00e9s des chefs d\u2019Etat des plus grandes puissances mondiales. La co\u00efncidence cette semaine entre la COP 25 et le [&hellip;]<\/p>\n","protected":false},"author":1760,"featured_media":0,"comment_status":"closed","ping_status":"closed","sticky":false,"template":"","format":"standard","meta":{"fifu_image_url":"","fifu_image_alt":"","footnotes":""},"categories":[73,54],"tags":[],"class_list":["post-69469","post","type-post","status-publish","format-standard","hentry","category-actualite","category-maroc"],"_links":{"self":[{"href":"https:\/\/linitiative.ca\/International\/wp-json\/wp\/v2\/posts\/69469","targetHints":{"allow":["GET"]}}],"collection":[{"href":"https:\/\/linitiative.ca\/International\/wp-json\/wp\/v2\/posts"}],"about":[{"href":"https:\/\/linitiative.ca\/International\/wp-json\/wp\/v2\/types\/post"}],"author":[{"embeddable":true,"href":"https:\/\/linitiative.ca\/International\/wp-json\/wp\/v2\/users\/1760"}],"replies":[{"embeddable":true,"href":"https:\/\/linitiative.ca\/International\/wp-json\/wp\/v2\/comments?post=69469"}],"version-history":[{"count":0,"href":"https:\/\/linitiative.ca\/International\/wp-json\/wp\/v2\/posts\/69469\/revisions"}],"wp:attachment":[{"href":"https:\/\/linitiative.ca\/International\/wp-json\/wp\/v2\/media?parent=69469"}],"wp:term":[{"taxonomy":"category","embeddable":true,"href":"https:\/\/linitiative.ca\/International\/wp-json\/wp\/v2\/categories?post=69469"},{"taxonomy":"post_tag","embeddable":true,"href":"https:\/\/linitiative.ca\/International\/wp-json\/wp\/v2\/tags?post=69469"}],"curies":[{"name":"wp","href":"https:\/\/api.w.org\/{rel}","templated":true}]}}