{"id":69471,"date":"2019-12-06T13:04:18","date_gmt":"2019-12-06T18:04:18","guid":{"rendered":"https:\/\/linitiative.ca\/International\/le-grand-prix-assia-djebar-une-opportunite-de-promouvoir-le-roman-algerien-a-linternational\/"},"modified":"2019-12-06T13:04:18","modified_gmt":"2019-12-06T18:04:18","slug":"le-grand-prix-assia-djebar-une-opportunite-de-promouvoir-le-roman-algerien-a-linternational","status":"publish","type":"post","link":"https:\/\/linitiative.ca\/International\/le-grand-prix-assia-djebar-une-opportunite-de-promouvoir-le-roman-algerien-a-linternational\/","title":{"rendered":"Le Grand Prix Assia Djebar, une opportunit\u00e9 de promouvoir le roman alg\u00e9rien \u00e0 l&rsquo;international"},"content":{"rendered":"<div readability=\"42\">\n<p><strong>ALGER- Le ministre de la Communication, Porte parole du Gouvernement et ministre de la Culture par int\u00e9rim, Hassane Rabehi, a indiqu\u00e9, jeudi lors de la c\u00e9r\u00e9monie de remise du Grand Prix Assia Djebar, que cette r\u00e9compense \u00e9tait une opportunit\u00e9 de promouvoir le roman alg\u00e9rien \u00e0 l&rsquo;international et d&rsquo;\u00e9largir le champs de la cr\u00e9ativit\u00e9 \u00a0\u00a0 Dans une allocution \u00e0 l&rsquo;ouverture de la c\u00e9r\u00e9monie de la 5e \u00e9dition du Grand Prix Assia Djebar, organis\u00e9e au Palais de la Culture Moufdi Zakaria, M. Rabehi a estim\u00e9 que l&rsquo;espoir est fond\u00e9 sur les participants \u00e0 ce concours national pour continuer \u00e0 enrichir le roman alg\u00e9rien et \u00e0 inspirer le lecteur en marquant de leur empreinte le temps et le lieu.<\/strong><\/p>\n<\/div>\n<div readability=\"72.8107344633\">\n<p>Ce Prix se veut \u00ab\u00a0un prolongement\u00a0\u00bb de l&rsquo;existence de cette romanci\u00e8re exceptionnelle, \u00e0 travers des g\u00e9n\u00e9rations successives de plumes, hommes et femmes et dans toutes les langues dans lequel il est d\u00e9clin\u00e9\u00a0\u00bb, a-t-il estim\u00e9.<\/p>\n<p>Saluant la m\u00e9moire de Assia Djebar qui, a-t-il ajout\u00e9, nous rappelle chaque ann\u00e9e la valeur de la litt\u00e9rature et le r\u00f4le du roman dans la compr\u00e9hension de la vie et le fa\u00e7onnement de la conscience collective, qui influe positivement sur la soci\u00e9t\u00e9.<\/p>\n<blockquote readability=\"14\">\n<p><em><strong>Sommit\u00e9 de la litt\u00e9rature universelle, Assia Djebar a mis sa plume au service de la d\u00e9fense des causes humaines, notamment le droit de son peuple \u00e0 la lib\u00e9ration du joug colonial, a encore dit M. Rabehi, qualifiant la romanci\u00e8re de source d&rsquo;inspiration pour la d\u00e9fense de nos constantes nationales, qui font le g\u00e9nie du peuple alg\u00e9rien et sa r\u00e9silience face aux vicissitudes de la vie, et qui finir toujours par mener le pays \u00e0 bon port.<\/strong><\/em><\/p>\n<\/blockquote>\n<p>\u00ab\u00a0Notre pays s&rsquo;appr\u00eate \u00e0 acc\u00e9der \u00e0 une nouvelle \u00e8re d&rsquo;espoir et de d\u00e9veloppement dans le cadre de la fraternit\u00e9 et de la v\u00e9ritable d\u00e9mocratie, \u00e0 l&rsquo;institution de laquelle nous \u0153uvrons \u00e0 la faveur de la Pr\u00e9sidentielle du 12 d\u00e9cembre\u00a0\u00bb, a-t-il poursuivi.<\/p>\n<hr\/>\n<h3 class=\"allmode-title\"><span class=\"c30\">Lire aussi:\u00a0<\/span><a href=\"http:\/\/www.aps.dz\/culture\/98537-prix-assia-djebar-2019-les-noms-des-laureats-devoiles\">Prix Assia-Djebar 2019: les noms des laur\u00e9ats d\u00e9voil\u00e9s\u00a0 \u00a0<\/a><\/h3>\n<hr\/>\n<p>Soulignant l&rsquo;importance de cette \u00e9ch\u00e9ance \u00e9lectorale, M. Rabehi a affirm\u00e9 que \u00ab\u00a0quel que soit le vainqueur, l&rsquo;acquis primordial, en cette conjoncture exceptionnelle, sera, incontestablement le triomphe du peuple et le r\u00e9tablissement de sa confiance en les institutions de la R\u00e9publique qui, en toutes circonstances, demeurent debout et efficaces\u00a0\u00bb.<\/p>\n<blockquote readability=\"10\">\n<p><em><strong>Le Grand prix Assia Djebar, la plus haute distinction litt\u00e9raire en Alg\u00e9rie, r\u00e9compense les meilleurs ouvrages romanesques en langues arabe, tamazight et fran\u00e7aise. La r\u00e9compense pour chaque ouvrage s&rsquo;\u00e9l\u00e8ve \u00e0 700.000 DA (baisse de 300.000 DA par rapport aux quatre premi\u00e8res \u00e9ditions).<\/strong><\/em><\/p>\n<\/blockquote>\n<p>Le Grand prix Assia Djebar (1936-2015) a \u00e9t\u00e9 institu\u00e9 en 2015 par l&rsquo;Entreprise nationale de communication, d&rsquo;\u00e9dition et de publicit\u00e9 (ANEP) et l&rsquo;Entreprise nationale des arts graphiques (ENAG).<\/p>\n<\/div>\n<p>Auteur:<br \/>\n<a href=\"http:\/\/www.aps.dz\/culture\/98542-le-grand-prix-assia-djebar-une-opportunite-de-promouvoir-le-roman-algerien-a-l-international\">Cliquez ici pour lire l&rsquo;article depuis sa source.<\/a><\/p>\n","protected":false},"excerpt":{"rendered":"<p>ALGER- Le ministre de la Communication, Porte parole du Gouvernement et ministre de la Culture par int\u00e9rim, Hassane Rabehi, a indiqu\u00e9, jeudi lors de la c\u00e9r\u00e9monie de remise du Grand Prix Assia Djebar, que cette r\u00e9compense \u00e9tait une opportunit\u00e9 de promouvoir le roman alg\u00e9rien \u00e0 l&rsquo;international et d&rsquo;\u00e9largir le champs de la cr\u00e9ativit\u00e9 \u00a0\u00a0 Dans [&hellip;]<\/p>\n","protected":false},"author":1790,"featured_media":0,"comment_status":"closed","ping_status":"closed","sticky":false,"template":"","format":"standard","meta":{"fifu_image_url":"","fifu_image_alt":"","footnotes":""},"categories":[53,79],"tags":[],"class_list":["post-69471","post","type-post","status-publish","format-standard","hentry","category-algerie","category-culture"],"_links":{"self":[{"href":"https:\/\/linitiative.ca\/International\/wp-json\/wp\/v2\/posts\/69471","targetHints":{"allow":["GET"]}}],"collection":[{"href":"https:\/\/linitiative.ca\/International\/wp-json\/wp\/v2\/posts"}],"about":[{"href":"https:\/\/linitiative.ca\/International\/wp-json\/wp\/v2\/types\/post"}],"author":[{"embeddable":true,"href":"https:\/\/linitiative.ca\/International\/wp-json\/wp\/v2\/users\/1790"}],"replies":[{"embeddable":true,"href":"https:\/\/linitiative.ca\/International\/wp-json\/wp\/v2\/comments?post=69471"}],"version-history":[{"count":0,"href":"https:\/\/linitiative.ca\/International\/wp-json\/wp\/v2\/posts\/69471\/revisions"}],"wp:attachment":[{"href":"https:\/\/linitiative.ca\/International\/wp-json\/wp\/v2\/media?parent=69471"}],"wp:term":[{"taxonomy":"category","embeddable":true,"href":"https:\/\/linitiative.ca\/International\/wp-json\/wp\/v2\/categories?post=69471"},{"taxonomy":"post_tag","embeddable":true,"href":"https:\/\/linitiative.ca\/International\/wp-json\/wp\/v2\/tags?post=69471"}],"curies":[{"name":"wp","href":"https:\/\/api.w.org\/{rel}","templated":true}]}}