{"id":69474,"date":"2019-12-06T13:04:31","date_gmt":"2019-12-06T18:04:31","guid":{"rendered":"https:\/\/linitiative.ca\/International\/lalgerie-contemporaine-cultures-et-identites-un-nouvel-essai-en-ligne-de-ahmed-cheniki\/"},"modified":"2019-12-06T13:04:31","modified_gmt":"2019-12-06T18:04:31","slug":"lalgerie-contemporaine-cultures-et-identites-un-nouvel-essai-en-ligne-de-ahmed-cheniki","status":"publish","type":"post","link":"https:\/\/linitiative.ca\/International\/lalgerie-contemporaine-cultures-et-identites-un-nouvel-essai-en-ligne-de-ahmed-cheniki\/","title":{"rendered":"\u00ab\u00a0L&rsquo;Alg\u00e9rie contemporaine, cultures et identit\u00e9s\u00a0\u00bb, un nouvel essai en ligne de Ahmed Cheniki"},"content":{"rendered":"<div readability=\"42\">\n<p><strong>ALGER -Dans son ouvrage, \u00ab\u00a0L&rsquo;Alg\u00e9rie contemporaine, cultures et identit\u00e9s\u00a0\u00bb, l&rsquo;universitaire Ahmed Cheniki propose une lecture de la r\u00e9alit\u00e9 culturelle de l\u2019Alg\u00e9rie, interrogeant son identit\u00e9, soumise, selon lui, \u00e0 des influences culturelles et linguistiques successives qui ont fini par \u00ab\u00a0marginaliser ses structures autochtones\u00a0\u00bb.<\/strong><\/p>\n<\/div>\n<div readability=\"115.5\">\n<p>A travers cet essai anthropologique de 226 pages, l&rsquo;auteur tente de rendre compte des \u00ab\u00a0influences culturelles plurielles\u00a0\u00bb ayant investi l&rsquo;imaginaire social alg\u00e9rien \u00e0 travers le temps, en laissant des \u00ab\u00a0traces qui ont d\u00e9tourn\u00e9 l&rsquo;individu de son \u00eatre originel\u00a0\u00bb.<\/p>\n<p>L&rsquo;ouvrage est publi\u00e9 par Hal, une plateforme fran\u00e7aise en ligne destin\u00e9e au d\u00e9p\u00f4t et \u00e0 la diffusion des articles de chercheurs.<\/p>\n<blockquote readability=\"13\">\n<p><em><strong>S&rsquo;appuyant sur une bibliographie de plus de 140 ouvrages, l&rsquo;auteur entame sa r\u00e9flexion en questionnant l\u2019histoire de l&rsquo;Alg\u00e9rie, th\u00e9\u00e2tre d&rsquo;une succession d&rsquo;occupations coloniales, pour aborder ensuite les conditions ayant permis l\u2019 \u00ab\u00a0adoption des formes de repr\u00e9sentation occidentale\u00a0\u00bb, favoris\u00e9e par l\u2019ouverture et la fr\u00e9quentation de l\u2019\u00e9cole fran\u00e7aise qui n\u2019\u00e9tait pas accessible \u00e0 tous, comme le rappellera l&rsquo;auteur.<\/strong><\/em><\/p>\n<\/blockquote>\n<p>Cette situation a, selon l&rsquo;essayiste, favoris\u00e9 la mise en \u0153uvre de \u00ab\u00a0nouveaux langages\u00a0\u00bb,\u00a0 m\u00e9thodes et approches, faisant de l\u2019\u00e9cole le \u00ab\u00a0lieu central o\u00f9 s\u2019articulent les nouveaux discours\u00a0\u00bb bas\u00e9s, soutient-il, sur la tendance \u00e0 appliquer les \u00ab\u00a0concepts europ\u00e9ens\u00a0\u00bb aux productions culturelles autochtones.<\/p>\n<p>Pour saisir cette r\u00e9alit\u00e9 sur la culture, les arts et la litt\u00e9rature durant les premi\u00e8res ann\u00e9es de l\u2019ind\u00e9pendance, l&rsquo;universitaire propose une plong\u00e9e dans l\u2019histoire avec la \u00ab\u00a0r\u00e9alit\u00e9 paradoxale\u00a0\u00bb d&rsquo;apr\u00e8s 1962.<\/p>\n<p>Selon lui, les premi\u00e8res ann\u00e9es postind\u00e9pendance seront marqu\u00e9es par l\u2019\u00e9mergence d\u2019un \u00ab\u00a0discours double et ambivalent\u00a0\u00bb, h\u00e9rit\u00e9 de la pens\u00e9e dominante et qui devait consacrer dans les faits la politique de d\u00e9culturation.<\/p>\n<p>Cette m\u00eame r\u00e9alit\u00e9, observe-t-il, se pr\u00e9sente comme un paysage culturel aux apparences fig\u00e9es, \u00e9gar\u00e9 dans les ab\u00eemes du \u00ab\u00a0ponctuel\u00a0\u00bb et du \u00ab\u00a0provisoire\u00a0\u00bb. L&rsquo;absence de normes dans l&rsquo;expression artistique a favoris\u00e9 la dualit\u00e9 entre le \u00ab\u00a0discours de l&rsquo;\u00e9lite\u00a0\u00bb, souvent nourrit de concepts import\u00e9s, et celui des strates de la soci\u00e9t\u00e9 profonde \u00ab\u00a0encore ancr\u00e9 dans les paysages de la culture de l&rsquo;ordinaire\u00a0\u00bb dans son expression quotidienne et autochtone, \u00e9crit-il.<\/p>\n<p>L&rsquo;esprit rural empreignant la repr\u00e9sentation culturelle, les diff\u00e9rentes manifestations artistiques et litt\u00e9raires d\u00e9notaient d&rsquo;un \u00ab\u00a0univers en d\u00e9sh\u00e9rence\u00a0\u00bb. Une telle situation laissait apparaitre des \u00ab\u00a0conflits latents masqu\u00e9s par une unit\u00e9 de fa\u00e7ade\u00a0\u00bb, mais dissimulant mal des \u00ab\u00a0situations opaques\u00a0\u00bb et un \u00ab\u00a0certain d\u00e9senchantement\u00a0\u00bb provoqu\u00e9s par une c\u00e9sure et un foss\u00e9 profonds entre l&rsquo;\u00e9lite et le reste de la soci\u00e9t\u00e9, constate encore l&rsquo;auteur.<\/p>\n<blockquote readability=\"12\">\n<p><em><strong>Analysant la situation sociolinguistique de l\u2019Alg\u00e9rie \u00e0 travers les diff\u00e9rentes crises qui l&rsquo;ont secou\u00e9e -celle de 1980 avec la revendication de l&rsquo;identit\u00e9 amazighe et les controverses linguistiques r\u00e9currentes, Cheniki en arrive \u00e0 la probl\u00e9matique, toujours pos\u00e9e, des \u00ab\u00a0place et fonction\u00a0\u00bb des langues dans la cr\u00e9ation artistique (litt\u00e9rature, th\u00e9\u00e2tre et cin\u00e9ma).<\/strong><\/em><\/p>\n<\/blockquote>\n<p>Plus avant, l&rsquo;auteur porte un regard historique sur la mutation socio-culturelle en Alg\u00e9rie, \u00e0 travers l\u2019examen de la r\u00e9alit\u00e9 du livre, de la critique et de la censure en interrogeant le pr\u00e9sent, pour se pencher ensuite sur la \u00ab\u00a0situation th\u00e9matique et esth\u00e9tique du cin\u00e9ma\u00a0\u00bb \u00e0 travers sa production, le parcours de ses hommes, ses tendances ainsi que son organisation. Il consacre aussi tout un chapitre de son essai au th\u00e9\u00e2tre.<\/p>\n<blockquote readability=\"11\">\n<p><em><strong>Dans \u00ab\u00a0L&rsquo;Alg\u00e9rie contemporaine, cultures et identit\u00e9s\u00a0\u00bb, l&rsquo;auteur projette sa r\u00e9flexion dans l&rsquo;universalit\u00e9 bien comprise, celle qui se nourrit de l&rsquo;exp\u00e9rience humaine et favorise l&rsquo;interaction des cultures du monde, loin de toute concurrence entre elles.<\/strong><\/em><\/p>\n<\/blockquote>\n<p>Chercheur et essayiste, Ahmed Cheniki compte \u00e0 son actif une quinzaine d&rsquo;ouvrages sur le th\u00e9\u00e2tre alg\u00e9rien, arabe et africain, notamment.<\/p>\n<p>Il est \u00e9galement enseignant \u00e0 l\u2019universit\u00e9 de Annaba et professeur invit\u00e9 dans des universit\u00e9s en Europe et dans les pays arabes.<\/p>\n<\/div>\n<p>Auteur:<br \/>\n<a href=\"http:\/\/www.aps.dz\/culture\/98556-l-algerie-contemporaine-cultures-et-identites-un-nouvel-essai-en-ligne-de-ahmed-cheniki\">Cliquez ici pour lire l&rsquo;article depuis sa source.<\/a><\/p>\n","protected":false},"excerpt":{"rendered":"<p>ALGER -Dans son ouvrage, \u00ab\u00a0L&rsquo;Alg\u00e9rie contemporaine, cultures et identit\u00e9s\u00a0\u00bb, l&rsquo;universitaire Ahmed Cheniki propose une lecture de la r\u00e9alit\u00e9 culturelle de l\u2019Alg\u00e9rie, interrogeant son identit\u00e9, soumise, selon lui, \u00e0 des influences culturelles et linguistiques successives qui ont fini par \u00ab\u00a0marginaliser ses structures autochtones\u00a0\u00bb. A travers cet essai anthropologique de 226 pages, l&rsquo;auteur tente de rendre compte [&hellip;]<\/p>\n","protected":false},"author":1790,"featured_media":0,"comment_status":"closed","ping_status":"closed","sticky":false,"template":"","format":"standard","meta":{"fifu_image_url":"","fifu_image_alt":"","footnotes":""},"categories":[53,79],"tags":[],"class_list":["post-69474","post","type-post","status-publish","format-standard","hentry","category-algerie","category-culture"],"_links":{"self":[{"href":"https:\/\/linitiative.ca\/International\/wp-json\/wp\/v2\/posts\/69474","targetHints":{"allow":["GET"]}}],"collection":[{"href":"https:\/\/linitiative.ca\/International\/wp-json\/wp\/v2\/posts"}],"about":[{"href":"https:\/\/linitiative.ca\/International\/wp-json\/wp\/v2\/types\/post"}],"author":[{"embeddable":true,"href":"https:\/\/linitiative.ca\/International\/wp-json\/wp\/v2\/users\/1790"}],"replies":[{"embeddable":true,"href":"https:\/\/linitiative.ca\/International\/wp-json\/wp\/v2\/comments?post=69474"}],"version-history":[{"count":0,"href":"https:\/\/linitiative.ca\/International\/wp-json\/wp\/v2\/posts\/69474\/revisions"}],"wp:attachment":[{"href":"https:\/\/linitiative.ca\/International\/wp-json\/wp\/v2\/media?parent=69474"}],"wp:term":[{"taxonomy":"category","embeddable":true,"href":"https:\/\/linitiative.ca\/International\/wp-json\/wp\/v2\/categories?post=69474"},{"taxonomy":"post_tag","embeddable":true,"href":"https:\/\/linitiative.ca\/International\/wp-json\/wp\/v2\/tags?post=69474"}],"curies":[{"name":"wp","href":"https:\/\/api.w.org\/{rel}","templated":true}]}}