{"id":69475,"date":"2019-12-06T13:04:34","date_gmt":"2019-12-06T18:04:34","guid":{"rendered":"https:\/\/linitiative.ca\/International\/trois-films-algeriens-primes-au-festival-dal-qods\/"},"modified":"2019-12-06T13:04:34","modified_gmt":"2019-12-06T18:04:34","slug":"trois-films-algeriens-primes-au-festival-dal-qods","status":"publish","type":"post","link":"https:\/\/linitiative.ca\/International\/trois-films-algeriens-primes-au-festival-dal-qods\/","title":{"rendered":"Trois films alg\u00e9riens prim\u00e9s au festival d&rsquo;Al Qods"},"content":{"rendered":"<p><span class=\"sp-nh-title\">Les marches d\u00e9non\u00e7ant l&rsquo;ing\u00e9rence \u00e9trang\u00e8re, une preuve irr\u00e9futable de la conscience du peuple alg\u00e9rien<\/span> &#8211; <span class=\"sp-nh-date\">vendredi 6 d\u00e9cembre 2019 18:06<\/span><\/p>\n<p><span class=\"sp-nh-title\">OIT: faire du travail d\u00e9cent une r\u00e9alit\u00e9 pour la jeunesse africaine<\/span> &#8211; <span class=\"sp-nh-date\">vendredi 6 d\u00e9cembre 2019 17:52<\/span><\/p>\n<p><span class=\"sp-nh-title\">MDN: large campagne sanitaire pour les habitants de zones enclav\u00e9es \u00e0 Ouargla<\/span> &#8211; <span class=\"sp-nh-date\">vendredi 6 d\u00e9cembre 2019 17:44<\/span><\/p>\n<p><span class=\"sp-nh-title\">Trois films alg\u00e9riens prim\u00e9s au festival d&rsquo;Al Qods<\/span> &#8211; <span class=\"sp-nh-date\">vendredi 6 d\u00e9cembre 2019 16:58<\/span><\/p>\n<p><span class=\"sp-nh-title\">Cancer de la prostate : des sp\u00e9cialistes plaident pour un d\u00e9pistage de masse pr\u00e9coce<\/span> &#8211; <span class=\"sp-nh-date\">vendredi 6 d\u00e9cembre 2019 16:48<\/span><\/p>\n<p><span class=\"sp-nh-title\">Sonatrach qualifi\u00e9e pour \u00e9valuer les actifs d&rsquo;Anadarko en Alg\u00e9rie<\/span> &#8211; <span class=\"sp-nh-date\">vendredi 6 d\u00e9cembre 2019 16:36<\/span><\/p>\n<p><span class=\"sp-nh-title\">\ufeff Championnats arabes de Cyclisme sur route: deux autres m\u00e9dailles pour l&rsquo;Alg\u00e9rie en cl\u00f4ture de la comp\u00e9tition<\/span> &#8211; <span class=\"sp-nh-date\">vendredi 6 d\u00e9cembre 2019 16:18<\/span><\/p>\n<p><span class=\"sp-nh-title\">Ga\u00efd Salah : l&rsquo;Alg\u00e9rie m\u00e9rite de la part de ses enfants qu\u2019ils demeurent la forteresse imp\u00e9n\u00e9trable<\/span> &#8211; <span class=\"sp-nh-date\">vendredi 6 d\u00e9cembre 2019 16:06<\/span><\/p>\n<p><span class=\"sp-nh-title\">Loukal rappelle en Egypte l&rsquo;engagement de l\u2019Alg\u00e9rie pour l&rsquo;autonomie financi\u00e8re de l&rsquo;UA<\/span> &#8211; <span class=\"sp-nh-date\">vendredi 6 d\u00e9cembre 2019 16:00<\/span><\/p>\n<p><span class=\"sp-nh-title\">Le projet de loi relative \u00e0 l&rsquo;organisation territoriale du pays adopt\u00e9, un acquis pour la redynamisation du d\u00e9veloppement dans le Sud<\/span> &#8211; <span class=\"sp-nh-date\">vendredi 6 d\u00e9cembre 2019 15:49<\/span><\/p>\n<p><span class=\"sp-nh-title\">Lutte antiterroriste: Une bombe artisanale d\u00e9truite \u00e0 Tlemcen<\/span> &#8211; <span class=\"sp-nh-date\">vendredi 6 d\u00e9cembre 2019 15:01<\/span><\/p>\n<p><span class=\"sp-nh-title\">Jeux Paralympiques Tokyo-2020: l&rsquo;Alg\u00e9rie candidate \u00e0 l&rsquo;organisation de deux tournois qualificatifs<\/span> &#8211; <span class=\"sp-nh-date\">vendredi 6 d\u00e9cembre 2019 14:50<\/span><\/p>\n<p><span class=\"sp-nh-title\">ANIE: le d\u00e9bat t\u00e9l\u00e9vis\u00e9 entre les candidats sera diffus\u00e9 par les m\u00e9dias publics et toutes les chaines priv\u00e9es\u00a0<\/span> &#8211; <span class=\"sp-nh-date\">vendredi 6 d\u00e9cembre 2019 13:48<\/span><\/p>\n<p><span class=\"sp-nh-title\">COP25: grande manifestation \u00e0 Madrid en faveur d&rsquo;une action urgente contre le r\u00e9chauffement climatique<\/span> &#8211; <span class=\"sp-nh-date\">vendredi 6 d\u00e9cembre 2019 13:29<\/span><\/p>\n<p><span class=\"sp-nh-title\">Emploi en Afrique-r\u00e9union : les participants plaident pour des actions strat\u00e9giques<\/span> &#8211; <span class=\"sp-nh-date\">vendredi 6 d\u00e9cembre 2019 13:22<\/span><\/p>\n<p><span class=\"sp-nh-title\">L&rsquo;Alg\u00e9rie contemporaine, cultures et identit\u00e9s , un nouvel essai en ligne de Ahmed Cheniki<\/span> &#8211; <span class=\"sp-nh-date\">vendredi 6 d\u00e9cembre 2019 13:06<\/span><\/p>\n<p><span class=\"sp-nh-title\">La pi\u00e8ce de th\u00e9\u00e2tre Ez&rsquo;Zaou\u00e8che pr\u00e9sent\u00e9e \u00e0 Alger<\/span> &#8211; <span class=\"sp-nh-date\">vendredi 6 d\u00e9cembre 2019 12:55<\/span><\/p>\n<p><span class=\"sp-nh-title\">Les services de la S\u00fbret\u00e9 d\u00e9voilent un plan d\u2019infiltration de la campagne du candidat Benflis par des forces \u00e9trang\u00e8res<\/span> &#8211; <span class=\"sp-nh-date\">vendredi 6 d\u00e9cembre 2019 12:50<\/span><\/p>\n<p><span class=\"sp-nh-title\">JM Oran-2021 : la nouvelle dynamique des pr\u00e9paratifs de la 19e \u00e9dition salu\u00e9e\u00a0<\/span> &#8211; <span class=\"sp-nh-date\">vendredi 6 d\u00e9cembre 2019 12:41<\/span><\/p>\n<p><span class=\"sp-nh-title\">Affaire de montage automobile: l&rsquo;homme d&rsquo;affaires Hassane Larbaoui auditionn\u00e9\u00a0<\/span> &#8211; <span class=\"sp-nh-date\">vendredi 6 d\u00e9cembre 2019 12:37<\/span><\/p>\n<p>Auteur:<br \/>\n<a href=\"http:\/\/www.aps.dz\/culture\/98570-trois-films-algeriens-primes-au-festival-d-al-qods\">Cliquez ici pour lire l&rsquo;article depuis sa source.<\/a><\/p>\n","protected":false},"excerpt":{"rendered":"<p>Les marches d\u00e9non\u00e7ant l&rsquo;ing\u00e9rence \u00e9trang\u00e8re, une preuve irr\u00e9futable de la conscience du peuple alg\u00e9rien &#8211; vendredi 6 d\u00e9cembre 2019 18:06 OIT: faire du travail d\u00e9cent une r\u00e9alit\u00e9 pour la jeunesse africaine &#8211; vendredi 6 d\u00e9cembre 2019 17:52 MDN: large campagne sanitaire pour les habitants de zones enclav\u00e9es \u00e0 Ouargla &#8211; vendredi 6 d\u00e9cembre 2019 17:44 [&hellip;]<\/p>\n","protected":false},"author":1790,"featured_media":0,"comment_status":"closed","ping_status":"closed","sticky":false,"template":"","format":"standard","meta":{"fifu_image_url":"","fifu_image_alt":"","footnotes":""},"categories":[53,79],"tags":[],"class_list":["post-69475","post","type-post","status-publish","format-standard","hentry","category-algerie","category-culture"],"_links":{"self":[{"href":"https:\/\/linitiative.ca\/International\/wp-json\/wp\/v2\/posts\/69475","targetHints":{"allow":["GET"]}}],"collection":[{"href":"https:\/\/linitiative.ca\/International\/wp-json\/wp\/v2\/posts"}],"about":[{"href":"https:\/\/linitiative.ca\/International\/wp-json\/wp\/v2\/types\/post"}],"author":[{"embeddable":true,"href":"https:\/\/linitiative.ca\/International\/wp-json\/wp\/v2\/users\/1790"}],"replies":[{"embeddable":true,"href":"https:\/\/linitiative.ca\/International\/wp-json\/wp\/v2\/comments?post=69475"}],"version-history":[{"count":0,"href":"https:\/\/linitiative.ca\/International\/wp-json\/wp\/v2\/posts\/69475\/revisions"}],"wp:attachment":[{"href":"https:\/\/linitiative.ca\/International\/wp-json\/wp\/v2\/media?parent=69475"}],"wp:term":[{"taxonomy":"category","embeddable":true,"href":"https:\/\/linitiative.ca\/International\/wp-json\/wp\/v2\/categories?post=69475"},{"taxonomy":"post_tag","embeddable":true,"href":"https:\/\/linitiative.ca\/International\/wp-json\/wp\/v2\/tags?post=69475"}],"curies":[{"name":"wp","href":"https:\/\/api.w.org\/{rel}","templated":true}]}}