{"id":69476,"date":"2019-12-06T05:30:00","date_gmt":"2019-12-06T10:30:00","guid":{"rendered":"https:\/\/linitiative.ca\/International\/appel-massif-a-la-greve-generale-a-partir-du-8-decembre\/"},"modified":"2019-12-06T05:30:00","modified_gmt":"2019-12-06T10:30:00","slug":"appel-massif-a-la-greve-generale-a-partir-du-8-decembre","status":"publish","type":"post","link":"https:\/\/linitiative.ca\/International\/appel-massif-a-la-greve-generale-a-partir-du-8-decembre\/","title":{"rendered":"Appel massif \u00e0 la gr\u00e8ve g\u00e9n\u00e9rale \u00e0 partir du 8 d\u00e9cembre"},"content":{"rendered":"<div id=\"originalText\" readability=\"60\">\n<p>En ce 42e rendez-vous de mobilisation populaire, des centaines de manifestants \u00e9taient d\u00e9j\u00e0 pr\u00e9sents dans les rues de la capitale, pour protester contre le pouvoir en place, alors que l\u2019horloge affichait \u00e0 peine midi.<\/p>\n<p>Signe que la marche de ce 42e vendredi s\u2019annonce grandiose. Les art\u00e8res du centre-ville sont, en effet, largement occup\u00e9es par les manifestants, de la rue Didouche Mourad en passant par la place Audin et la Grande Poste.<\/p>\n<p>Le centre de la capitale vibre au rythme de chants hostiles au pouvoir toujours en place, \u00e0 l\u2019exemple de l\u2019une des exigences phares du mouvement populaire, \u00ab\u00a0\u00c9tat-civil et non militaire\u00a0\u00bb.<\/p>\n<p>Mais le mot d\u2019ordre de ce 42e vendredi est\u00a0l\u2019appel \u00e0\u00a0\u00ab la gr\u00e8ve g\u00e9n\u00e9rale\u00a0\u00bb \u00e0 partir du 8 d\u00e9cembre. \u00ab\u00a0Le 8 d\u00e9cembre je fermerai mon commerce, je jure que ne travaillerai pas et que je ne voterai pas\u00a0\u00bb\u00a0ont scand\u00e9 sans cesse les manifestants.<\/p>\n<p><iframe loading=\"lazy\" allow=\"accelerometer; autoplay; encrypted-media; gyroscope; picture-in-picture\" allowfullscreen=\"\" frameborder=\"0\" height=\"315\" src=\"https:\/\/www.youtube.com\/embed\/VROFW2sTxPI\" width=\"560\">[embedded content]<\/iframe><\/p>\n<p>\u00c0 une semaine du scrutin pr\u00e9sidentiel, les contestataires maintiennent \u00e9galement leur rejet des \u00e9lections. Ils persistent et signent \u00ab\u00a012\/12 la yadjouz\u00a0\u00bb, \u00ab\u00a0pas de vote avec la bande mafieuse\u00a0\u00bb.<\/p>\n<p><iframe loading=\"lazy\" allow=\"accelerometer; autoplay; encrypted-media; gyroscope; picture-in-picture\" allowfullscreen=\"\" frameborder=\"0\" height=\"315\" src=\"https:\/\/www.youtube.com\/embed\/MWE9Ho7_iOg\" width=\"560\">[embedded content]<\/iframe><\/p>\n<p class=\"c6\"><strong>Sihem Benmalek<\/strong><\/p>\n<\/div>\n<div id=\"text_core\" readability=\"60\">\n<p>En ce 42e rendez-vous de mobilisation populaire, des centaines de manifestants \u00e9taient d\u00e9j\u00e0 pr\u00e9sents dans les rues de la capitale, pour protester contre le pouvoir en place, alors que l\u2019horloge affichait \u00e0 peine midi.<\/p>\n<p>Signe que la marche de ce 42e vendredi s\u2019annonce grandiose. Les art\u00e8res du centre-ville sont, en effet, largement occup\u00e9es par les manifestants, de la rue Didouche Mourad en passant par la place Audin et la Grande Poste.<\/p>\n<p>Le centre de la capitale vibre au rythme de chants hostiles au pouvoir toujours en place, \u00e0 l\u2019exemple de l\u2019une des exigences phares du mouvement populaire, \u00ab\u00a0\u00c9tat-civil et non militaire\u00a0\u00bb.<\/p>\n<p>Mais le mot d\u2019ordre de ce 42e vendredi est\u00a0l\u2019appel \u00e0\u00a0\u00ab la gr\u00e8ve g\u00e9n\u00e9rale\u00a0\u00bb \u00e0 partir du 8 d\u00e9cembre. \u00ab\u00a0Le 8 d\u00e9cembre je fermerai mon commerce, je jure que ne travaillerai pas et que je ne voterai pas\u00a0\u00bb\u00a0ont scand\u00e9 sans cesse les manifestants.<\/p>\n<p><iframe loading=\"lazy\" allow=\"accelerometer; autoplay; encrypted-media; gyroscope; picture-in-picture\" allowfullscreen=\"\" frameborder=\"0\" height=\"315\" src=\"https:\/\/www.youtube.com\/embed\/VROFW2sTxPI\" width=\"560\">[embedded content]<\/iframe><\/p>\n<p>\u00c0 une semaine du scrutin pr\u00e9sidentiel, les contestataires maintiennent \u00e9galement leur rejet des \u00e9lections. Ils persistent et signent \u00ab\u00a012\/12 la yadjouz\u00a0\u00bb, \u00ab\u00a0pas de vote avec la bande mafieuse\u00a0\u00bb.<\/p>\n<p><iframe loading=\"lazy\" allow=\"accelerometer; autoplay; encrypted-media; gyroscope; picture-in-picture\" allowfullscreen=\"\" frameborder=\"0\" height=\"315\" src=\"https:\/\/www.youtube.com\/embed\/MWE9Ho7_iOg\" width=\"560\">[embedded content]<\/iframe><\/p>\n<p class=\"c6\"><strong>Sihem Benmalek<\/strong><\/p>\n<\/div>\n<p>Auteur:<br \/>\n<a href=\"https:\/\/www.liberte-algerie.com\/actualite\/appel-massif-a-la-greve-generale-a-partir-du-8-decembre-329521\">Cliquez ici pour lire l&rsquo;article depuis sa source.<\/a><\/p>\n","protected":false},"excerpt":{"rendered":"<p>En ce 42e rendez-vous de mobilisation populaire, des centaines de manifestants \u00e9taient d\u00e9j\u00e0 pr\u00e9sents dans les rues de la capitale, pour protester contre le pouvoir en place, alors que l\u2019horloge affichait \u00e0 peine midi. Signe que la marche de ce 42e vendredi s\u2019annonce grandiose. Les art\u00e8res du centre-ville sont, en effet, largement occup\u00e9es par les [&hellip;]<\/p>\n","protected":false},"author":1742,"featured_media":0,"comment_status":"closed","ping_status":"closed","sticky":false,"template":"","format":"standard","meta":{"fifu_image_url":"","fifu_image_alt":"","footnotes":""},"categories":[73,53],"tags":[],"class_list":["post-69476","post","type-post","status-publish","format-standard","hentry","category-actualite","category-algerie"],"_links":{"self":[{"href":"https:\/\/linitiative.ca\/International\/wp-json\/wp\/v2\/posts\/69476","targetHints":{"allow":["GET"]}}],"collection":[{"href":"https:\/\/linitiative.ca\/International\/wp-json\/wp\/v2\/posts"}],"about":[{"href":"https:\/\/linitiative.ca\/International\/wp-json\/wp\/v2\/types\/post"}],"author":[{"embeddable":true,"href":"https:\/\/linitiative.ca\/International\/wp-json\/wp\/v2\/users\/1742"}],"replies":[{"embeddable":true,"href":"https:\/\/linitiative.ca\/International\/wp-json\/wp\/v2\/comments?post=69476"}],"version-history":[{"count":0,"href":"https:\/\/linitiative.ca\/International\/wp-json\/wp\/v2\/posts\/69476\/revisions"}],"wp:attachment":[{"href":"https:\/\/linitiative.ca\/International\/wp-json\/wp\/v2\/media?parent=69476"}],"wp:term":[{"taxonomy":"category","embeddable":true,"href":"https:\/\/linitiative.ca\/International\/wp-json\/wp\/v2\/categories?post=69476"},{"taxonomy":"post_tag","embeddable":true,"href":"https:\/\/linitiative.ca\/International\/wp-json\/wp\/v2\/tags?post=69476"}],"curies":[{"name":"wp","href":"https:\/\/api.w.org\/{rel}","templated":true}]}}