{"id":69479,"date":"2019-12-06T12:30:00","date_gmt":"2019-12-06T17:30:00","guid":{"rendered":"https:\/\/linitiative.ca\/International\/mobilisation-exceptionnelle-a-alger\/"},"modified":"2019-12-06T12:30:00","modified_gmt":"2019-12-06T17:30:00","slug":"mobilisation-exceptionnelle-a-alger","status":"publish","type":"post","link":"https:\/\/linitiative.ca\/International\/mobilisation-exceptionnelle-a-alger\/","title":{"rendered":"Mobilisation exceptionnelle \u00e0 Alger"},"content":{"rendered":"<div id=\"originalText\" readability=\"78\">\n<p>Vendredi de grande foule \u00e0 Alger, en ce 42e rendez-vous de marche hebdomadaire contre le syst\u00e8me en place.<\/p>\n<p>Peu avant midi, le long de la rue Didouche Mourad,\u00a0 en passant par la Place Audin et la Grande Poste, \u00e9tait d\u00e9j\u00e0 noir de monde. A partir de 14h,\u00a0 avec notamment la d\u00e9ferlante citoyenne de la Casbah et Bab El Oued, le centre de la capitale \u00e9tait enti\u00e8rement occup\u00e9 par les manifestants, qui voulaient ainsi marquer le dernier vendredi \u00a0avant la date des \u00e9lections pr\u00e9sidentielles.<\/p>\n<p>Un scrutin qu\u2019ils rejettent d\u2019ailleurs cat\u00e9goriquement, \u00e0 travers plusieurs slogans \u00ab12\/12 la\u00e2 yadjouz\u00bb, \u00abmakach intikhabate m3a el 3issabat\u00bb, \u00abulach el vote ulach\u00bb.\u00a0 \u00a0<\/p>\n<p><iframe loading=\"lazy\" allow=\"accelerometer; autoplay; encrypted-media; gyroscope; picture-in-picture\" allowfullscreen=\"\" frameborder=\"0\" height=\"315\" src=\"https:\/\/www.youtube.com\/embed\/PwY37w04t44\" width=\"560\">[embedded content]<\/iframe><\/p>\n<p>Les alg\u00e9rois, faut-il le souligner, dont le nombre \u00e9tait pratiquement similaire \u00e0 celui du 1er novembre dernier, ont aussi largement appel\u00e9 \u00e0 une gr\u00e8ve g\u00e9n\u00e9rale, \u00e0 partir du 8 d\u00e9cembre. Une d\u00e9marche qui, \u00e0 leurs yeux, pr\u00e9cipitera la chute du r\u00e9gime. \u00ab\u00a0Gr\u00e8ve g\u00e9n\u00e9rale, yes9ot Enidame (tombera le syst\u00e8me ndlr)\u00bb, ont-ils scand\u00e9 comme pour \u00e9galement \u00e9tablir un rapport de cause \u00e0 effet.<\/p>\n<p><iframe loading=\"lazy\" allow=\"accelerometer; autoplay; encrypted-media; gyroscope; picture-in-picture\" allowfullscreen=\"\" frameborder=\"0\" height=\"315\" src=\"https:\/\/www.youtube.com\/embed\/t88-f6ITsQQ\" width=\"560\">[embedded content]<\/iframe><\/p>\n<p>Par ailleurs, les manifestants ont tenu \u00e0 r\u00e9pondre aux \u00abpropos scandaleux\u00bb, r\u00e9cemment tenus par le ministre de l\u2019int\u00e9rieur, mais sans verser dans l\u2019insulte. Ils ont surtout fait rappeler \u00e0 Salah-Eddine Dahmoune, qu\u2019en sa qualit\u00e9 de ministre issu d\u2019\u00abun gouvernement ill\u00e9gitime\u00bb, il serait encore plus \u00a0inappropri\u00e9 pour lui de se comporter de fa\u00e7on \u00ab\u00a0impolie\u00bb. \u00a0<\/p>\n<p>A signaler enfin que le caract\u00e8re pacifique du mouvement populaire en cours est rest\u00e9 encore intact en ce 42e vendredi de mobilisation contre le syst\u00e8me. Les manifestants l\u2019ont largement r\u00e9it\u00e9r\u00e9 \u00abSilmya silmya\u00bb.<\/p>\n<p class=\"c6\"><strong>R\u00e9daction Web \u00a0<\/strong>\u00a0<\/p>\n<\/div>\n<div id=\"text_core\" readability=\"78\">\n<p>Vendredi de grande foule \u00e0 Alger, en ce 42e rendez-vous de marche hebdomadaire contre le syst\u00e8me en place.<\/p>\n<p>Peu avant midi, le long de la rue Didouche Mourad,\u00a0 en passant par la Place Audin et la Grande Poste, \u00e9tait d\u00e9j\u00e0 noir de monde. A partir de 14h,\u00a0 avec notamment la d\u00e9ferlante citoyenne de la Casbah et Bab El Oued, le centre de la capitale \u00e9tait enti\u00e8rement occup\u00e9 par les manifestants, qui voulaient ainsi marquer le dernier vendredi \u00a0avant la date des \u00e9lections pr\u00e9sidentielles.<\/p>\n<p>Un scrutin qu\u2019ils rejettent d\u2019ailleurs cat\u00e9goriquement, \u00e0 travers plusieurs slogans \u00ab12\/12 la\u00e2 yadjouz\u00bb, \u00abmakach intikhabate m3a el 3issabat\u00bb, \u00abulach el vote ulach\u00bb.\u00a0 \u00a0<\/p>\n<p><iframe loading=\"lazy\" allow=\"accelerometer; autoplay; encrypted-media; gyroscope; picture-in-picture\" allowfullscreen=\"\" frameborder=\"0\" height=\"315\" src=\"https:\/\/www.youtube.com\/embed\/PwY37w04t44\" width=\"560\">[embedded content]<\/iframe><\/p>\n<p>Les alg\u00e9rois, faut-il le souligner, dont le nombre \u00e9tait pratiquement similaire \u00e0 celui du 1er novembre dernier, ont aussi largement appel\u00e9 \u00e0 une gr\u00e8ve g\u00e9n\u00e9rale, \u00e0 partir du 8 d\u00e9cembre. Une d\u00e9marche qui, \u00e0 leurs yeux, pr\u00e9cipitera la chute du r\u00e9gime. \u00ab\u00a0Gr\u00e8ve g\u00e9n\u00e9rale, yes9ot Enidame (tombera le syst\u00e8me ndlr)\u00bb, ont-ils scand\u00e9 comme pour \u00e9galement \u00e9tablir un rapport de cause \u00e0 effet.<\/p>\n<p><iframe loading=\"lazy\" allow=\"accelerometer; autoplay; encrypted-media; gyroscope; picture-in-picture\" allowfullscreen=\"\" frameborder=\"0\" height=\"315\" src=\"https:\/\/www.youtube.com\/embed\/t88-f6ITsQQ\" width=\"560\">[embedded content]<\/iframe><\/p>\n<p>Par ailleurs, les manifestants ont tenu \u00e0 r\u00e9pondre aux \u00abpropos scandaleux\u00bb, r\u00e9cemment tenus par le ministre de l\u2019int\u00e9rieur, mais sans verser dans l\u2019insulte. Ils ont surtout fait rappeler \u00e0 Salah-Eddine Dahmoune, qu\u2019en sa qualit\u00e9 de ministre issu d\u2019\u00abun gouvernement ill\u00e9gitime\u00bb, il serait encore plus \u00a0inappropri\u00e9 pour lui de se comporter de fa\u00e7on \u00ab\u00a0impolie\u00bb. \u00a0<\/p>\n<p>A signaler enfin que le caract\u00e8re pacifique du mouvement populaire en cours est rest\u00e9 encore intact en ce 42e vendredi de mobilisation contre le syst\u00e8me. Les manifestants l\u2019ont largement r\u00e9it\u00e9r\u00e9 \u00abSilmya silmya\u00bb.<\/p>\n<p class=\"c6\"><strong>R\u00e9daction Web \u00a0<\/strong>\u00a0<\/p>\n<\/div>\n<p>Auteur:<br \/>\n<a href=\"https:\/\/www.liberte-algerie.com\/actualite\/mobilisation-exceptionnelle-a-alger-329523\">Cliquez ici pour lire l&rsquo;article depuis sa source.<\/a><\/p>\n","protected":false},"excerpt":{"rendered":"<p>Vendredi de grande foule \u00e0 Alger, en ce 42e rendez-vous de marche hebdomadaire contre le syst\u00e8me en place. Peu avant midi, le long de la rue Didouche Mourad,\u00a0 en passant par la Place Audin et la Grande Poste, \u00e9tait d\u00e9j\u00e0 noir de monde. A partir de 14h,\u00a0 avec notamment la d\u00e9ferlante citoyenne de la Casbah [&hellip;]<\/p>\n","protected":false},"author":1742,"featured_media":0,"comment_status":"closed","ping_status":"closed","sticky":false,"template":"","format":"standard","meta":{"fifu_image_url":"","fifu_image_alt":"","footnotes":""},"categories":[73,53],"tags":[],"class_list":["post-69479","post","type-post","status-publish","format-standard","hentry","category-actualite","category-algerie"],"_links":{"self":[{"href":"https:\/\/linitiative.ca\/International\/wp-json\/wp\/v2\/posts\/69479","targetHints":{"allow":["GET"]}}],"collection":[{"href":"https:\/\/linitiative.ca\/International\/wp-json\/wp\/v2\/posts"}],"about":[{"href":"https:\/\/linitiative.ca\/International\/wp-json\/wp\/v2\/types\/post"}],"author":[{"embeddable":true,"href":"https:\/\/linitiative.ca\/International\/wp-json\/wp\/v2\/users\/1742"}],"replies":[{"embeddable":true,"href":"https:\/\/linitiative.ca\/International\/wp-json\/wp\/v2\/comments?post=69479"}],"version-history":[{"count":0,"href":"https:\/\/linitiative.ca\/International\/wp-json\/wp\/v2\/posts\/69479\/revisions"}],"wp:attachment":[{"href":"https:\/\/linitiative.ca\/International\/wp-json\/wp\/v2\/media?parent=69479"}],"wp:term":[{"taxonomy":"category","embeddable":true,"href":"https:\/\/linitiative.ca\/International\/wp-json\/wp\/v2\/categories?post=69479"},{"taxonomy":"post_tag","embeddable":true,"href":"https:\/\/linitiative.ca\/International\/wp-json\/wp\/v2\/tags?post=69479"}],"curies":[{"name":"wp","href":"https:\/\/api.w.org\/{rel}","templated":true}]}}