{"id":69480,"date":"2019-12-06T05:50:31","date_gmt":"2019-12-06T10:50:31","guid":{"rendered":"https:\/\/linitiative.ca\/International\/le-cri-de-marrakech-safi-tient-son-conseil-dadministration\/"},"modified":"2019-12-06T05:50:31","modified_gmt":"2019-12-06T10:50:31","slug":"le-cri-de-marrakech-safi-tient-son-conseil-dadministration","status":"publish","type":"post","link":"https:\/\/linitiative.ca\/International\/le-cri-de-marrakech-safi-tient-son-conseil-dadministration\/","title":{"rendered":"Le CRI de Marrakech-Safi tient son Conseil d\u2019administration"},"content":{"rendered":"<div class=\"single-featured\"><img alt=\"\" data-src=\"http:\/\/www.mapmarrakech.ma\/map\/uploads\/2019\/12\/cacrimarrakechsafi-copier.jpg\"\/><\/div>\n<div class=\"single-post-excerpt post-excerpt-bc\" readability=\"35\">\n<p>Marrakech \u2013 Le Centre R\u00e9gional d\u2019Investissement (CRI) de Marrakech-Safi a tenu, mercredi dans la cit\u00e9 ocre, la premi\u00e8re r\u00e9union de son Conseil d\u2019administration.<\/p>\n<\/div>\n<div class=\"entry-content clearfix single-post-content\" readability=\"61\">\n<p>Pr\u00e9sid\u00e9e par le Wali de la r\u00e9gion de Marrakech-Safi, gouverneur de la pr\u00e9fecture de Marrakech, Karim-Kassi Lahlou, cette r\u00e9union, qui s\u2019est d\u00e9roul\u00e9e en pr\u00e9sence des membres du Conseil d\u2019administration, intervient en application des dispositions de la loi 47-18 portant r\u00e9forme des Centres r\u00e9gionaux d\u2019investissement et cr\u00e9ation des commissions r\u00e9gionales unifi\u00e9es d\u2019investissement.<\/p>\n<p>La loi 47-18 s\u2019inscrit dans le cadre des r\u00e9formes structurelles en vue de l\u2019am\u00e9lioration du climat des affaires, la promotion de l\u2019investissement et la simplification des proc\u00e9dures y aff\u00e9rentes et ce, en application des Hautes Orientations Royales.<\/p>\n<p>Au cours de cette r\u00e9union, le Conseil d\u2019administration a examin\u00e9 et approuv\u00e9 \u00e0 l\u2019unanimit\u00e9 les points \u00e0 l\u2019ordre du jour, portant notamment sur le projet de budget, l\u2019organigramme d\u00e9finissant les structures du Centre et leurs attributions, le statut du personnel du Centre, le r\u00e8glement fixant les conditions et formes de passation des march\u00e9s, ainsi que le r\u00e8glement relatif au contr\u00f4le interne du Centre.<\/p>\n<p>Il a \u00e9t\u00e9 aussi proc\u00e9d\u00e9 \u00e0 la cr\u00e9ation du comit\u00e9 d\u2019audit, \u00e0 la d\u00e9signation de ses membres et \u00e0 la d\u00e9finition de ses attributions et de ses modalit\u00e9s de fonctionnement.<\/p>\n<\/div>\n<p>Auteur: Meriem IGASS<br \/>\n<a href=\"http:\/\/www.mapmarrakech.ma\/fr\/le-cri-de-marrakech-safi-tient-son-premier-conseil-dadministration\/\">Cliquez ici pour lire l&rsquo;article depuis sa source.<\/a><\/p>\n","protected":false},"excerpt":{"rendered":"<p>Marrakech \u2013 Le Centre R\u00e9gional d\u2019Investissement (CRI) de Marrakech-Safi a tenu, mercredi dans la cit\u00e9 ocre, la premi\u00e8re r\u00e9union de son Conseil d\u2019administration. Pr\u00e9sid\u00e9e par le Wali de la r\u00e9gion de Marrakech-Safi, gouverneur de la pr\u00e9fecture de Marrakech, Karim-Kassi Lahlou, cette r\u00e9union, qui s\u2019est d\u00e9roul\u00e9e en pr\u00e9sence des membres du Conseil d\u2019administration, intervient en application [&hellip;]<\/p>\n","protected":false},"author":1788,"featured_media":69481,"comment_status":"closed","ping_status":"closed","sticky":false,"template":"","format":"standard","meta":{"fifu_image_url":"","fifu_image_alt":"","footnotes":""},"categories":[54,76],"tags":[],"class_list":["post-69480","post","type-post","status-publish","format-standard","has-post-thumbnail","hentry","category-maroc","category-regions"],"_links":{"self":[{"href":"https:\/\/linitiative.ca\/International\/wp-json\/wp\/v2\/posts\/69480","targetHints":{"allow":["GET"]}}],"collection":[{"href":"https:\/\/linitiative.ca\/International\/wp-json\/wp\/v2\/posts"}],"about":[{"href":"https:\/\/linitiative.ca\/International\/wp-json\/wp\/v2\/types\/post"}],"author":[{"embeddable":true,"href":"https:\/\/linitiative.ca\/International\/wp-json\/wp\/v2\/users\/1788"}],"replies":[{"embeddable":true,"href":"https:\/\/linitiative.ca\/International\/wp-json\/wp\/v2\/comments?post=69480"}],"version-history":[{"count":0,"href":"https:\/\/linitiative.ca\/International\/wp-json\/wp\/v2\/posts\/69480\/revisions"}],"wp:featuredmedia":[{"embeddable":true,"href":"https:\/\/linitiative.ca\/International\/wp-json\/"}],"wp:attachment":[{"href":"https:\/\/linitiative.ca\/International\/wp-json\/wp\/v2\/media?parent=69480"}],"wp:term":[{"taxonomy":"category","embeddable":true,"href":"https:\/\/linitiative.ca\/International\/wp-json\/wp\/v2\/categories?post=69480"},{"taxonomy":"post_tag","embeddable":true,"href":"https:\/\/linitiative.ca\/International\/wp-json\/wp\/v2\/tags?post=69480"}],"curies":[{"name":"wp","href":"https:\/\/api.w.org\/{rel}","templated":true}]}}