{"id":69482,"date":"2019-12-06T10:56:47","date_gmt":"2019-12-06T15:56:47","guid":{"rendered":"https:\/\/linitiative.ca\/International\/fifm-campagne-medico-sociale-de-chirurgie-de-la-cataracte\/"},"modified":"2019-12-06T10:56:47","modified_gmt":"2019-12-06T15:56:47","slug":"fifm-campagne-medico-sociale-de-chirurgie-de-la-cataracte","status":"publish","type":"post","link":"https:\/\/linitiative.ca\/International\/fifm-campagne-medico-sociale-de-chirurgie-de-la-cataracte\/","title":{"rendered":"FIFM: Campagne m\u00e9dico-sociale de chirurgie de la cataracte"},"content":{"rendered":"<div readability=\"38\">\n<p>Marrakech \u2013 La Fondation du Festival International du Film de Marrakech, plac\u00e9e sous la Pr\u00e9sidence effective de Son Altesse Royale le Prince Moulay Rachid, organise dans le cadre de la 18\u00e8me \u00e9dition du Festival, une campagne m\u00e9dico-sociale de chirurgie de la cataracte \u00e0 l\u2019H\u00f4pital Al Antaki de Marrakech.<\/p>\n<\/div>\n<div readability=\"128\">\n<p>Cette campagne, lanc\u00e9e le 2 d\u00e9cembre, a pour objectif d\u2019op\u00e9rer gratuitement plus de 400 patients d\u00e9munis souffrant de maladies oculaires, originaires de la r\u00e9gion de Marrakech.<\/p>\n<p>Cette action m\u00e9dico-sociale de premi\u00e8re importance, qui se poursuit jusqu\u2019au 7 courant, a \u00e9t\u00e9 marqu\u00e9e par la participation de l\u2019actrice \u00e9gyptienne, Ilham Chahine, marraine de cette campagne, ainsi que de nombreux com\u00e9diens marocains et \u00e9trangers qui ont rendu visite aux patients op\u00e9r\u00e9s, en marge de leur participation \u00e0 la 18\u00e8me \u00e9dition du Festival.<\/p>\n<p>Il s\u2019agit aussi d\u2019un moment privil\u00e9gi\u00e9 de g\u00e9n\u00e9rosit\u00e9 et de partage qui a permis aux invit\u00e9s du Festival d\u2019aller \u00e0 la rencontre de l\u2019\u00e9quipe m\u00e9dicale b\u00e9n\u00e9vole et de visiter les diff\u00e9rents services hospitaliers concern\u00e9s par cette action.<\/p>\n<p>Dans une d\u00e9claration \u00e0 la MAP, le d\u00e9l\u00e9gu\u00e9 du minist\u00e8re de la sant\u00e9 \u00e0 Marrakech, Abdellah Bouni, a indiqu\u00e9 que cette campagne m\u00e9dicale de chirurgie de la cataracte au profit des personnes d\u00e9favoris\u00e9es cible plus de 350 b\u00e9n\u00e9ficiaires issus de la ville de Marrakech et de ses environs, notant que cette action humanitaire est encadr\u00e9e par un important staff m\u00e9dical, param\u00e9dical et administratif.<\/p>\n<p>Cette initiative permettra de r\u00e9duire les d\u00e9lais des rendez-vous chirurgicaux et d\u2019att\u00e9nuer les souffrances des malades, a-t-il relev\u00e9, ajoutant que cette campagne conna\u00eet \u00e9galement la distribution de lunettes m\u00e9dicales.<\/p>\n<p>De son c\u00f4t\u00e9, Omar Berbich, m\u00e9decin ophtalmologiste \u00e0 Rabat, a soulign\u00e9 que cette campagne m\u00e9dico-sociale prend en charge chaque ann\u00e9e entre 300 \u00e0 400 patients souffrant de la cataracte, pr\u00e9cisant que ces malades issus des r\u00e9gions \u00e9loign\u00e9es et enclav\u00e9es b\u00e9n\u00e9ficient aussi du d\u00e9pistage, d\u2019examens m\u00e9dicaux et d\u2019un suivi m\u00e9dical apr\u00e8s l\u2019intervention chirurgicale.<\/p>\n<p>Cette campagne, qui f\u00eate cette ann\u00e9e ses 10 ans, couronne le partenariat conclu entre la Fondation du FIFM, le minist\u00e8re de la Sant\u00e9 et la Fondation Hassan II d\u2019ophtalmologie, s\u2019est-il f\u00e9licit\u00e9, soulignant que cette initiative se d\u00e9roule dans un milieu hospitalier qui respecte toutes les normes de s\u00e9curit\u00e9.<\/p>\n<p>Dans une d\u00e9claration similaire, la diva du cin\u00e9ma \u00e9gyptien, Ilham Chahine, marraine de cette campagne, a mis en avant cette action louable \u00e0 port\u00e9e humanitaire, ainsi que les efforts d\u00e9ploy\u00e9s par le Maroc pour venir en aide aux personnes en situation difficile et am\u00e9liorer l\u2019offre des soins.<\/p>\n<p>L\u2019organisation de cette campagne dans le cadre du Festival international du Film de Marrakech est une initiative tr\u00e8s significative, qui encourage les actions humanitaires \u00e0 travers l\u2019art, a-t-elle dit.<\/p>\n<p>Ann\u00e9e apr\u00e8s ann\u00e9e, la Fondation du Festival International du Film de Marrakech confirme son engagement social en faveur des patients souffrants de maladies et de troubles oculaires.<\/p>\n<p>Depuis 2009, la Fondation a organis\u00e9 24 campagnes de chirurgie gratuite de la cataracte qui ont b\u00e9n\u00e9fici\u00e9 \u00e0 5.345 patients de diff\u00e9rentes r\u00e9gions du Maroc : Marrakech (2009 et 2010), Marrakech, Rabat\/Tiflet (2011), Marrakech, Tata, Guelmim (2012), Demnate et Tahanaout (2013), Dakhla et Tahanaout (2014), Berkane et Kh\u00e9nifra (2015), La\u00e2youne et Tamellalt (2016), Tiznit, M\u2019diq, Errachidia et Sefrou (2017), Taza, Azilal et Tahanaout (2018), et \u00e0 Errachidia et Marrakech en 2019.<\/p>\n<\/div>\n<p>Auteur: Meriem IGASS<br \/>\n<a href=\"http:\/\/www.mapmarrakech.ma\/fr\/campagne\/\">Cliquez ici pour lire l&rsquo;article depuis sa source.<\/a><\/p>\n","protected":false},"excerpt":{"rendered":"<p>Marrakech \u2013 La Fondation du Festival International du Film de Marrakech, plac\u00e9e sous la Pr\u00e9sidence effective de Son Altesse Royale le Prince Moulay Rachid, organise dans le cadre de la 18\u00e8me \u00e9dition du Festival, une campagne m\u00e9dico-sociale de chirurgie de la cataracte \u00e0 l\u2019H\u00f4pital Al Antaki de Marrakech. Cette campagne, lanc\u00e9e le 2 d\u00e9cembre, a [&hellip;]<\/p>\n","protected":false},"author":1788,"featured_media":0,"comment_status":"closed","ping_status":"closed","sticky":false,"template":"","format":"standard","meta":{"fifu_image_url":"","fifu_image_alt":"","footnotes":""},"categories":[54,76],"tags":[],"class_list":["post-69482","post","type-post","status-publish","format-standard","hentry","category-maroc","category-regions"],"_links":{"self":[{"href":"https:\/\/linitiative.ca\/International\/wp-json\/wp\/v2\/posts\/69482","targetHints":{"allow":["GET"]}}],"collection":[{"href":"https:\/\/linitiative.ca\/International\/wp-json\/wp\/v2\/posts"}],"about":[{"href":"https:\/\/linitiative.ca\/International\/wp-json\/wp\/v2\/types\/post"}],"author":[{"embeddable":true,"href":"https:\/\/linitiative.ca\/International\/wp-json\/wp\/v2\/users\/1788"}],"replies":[{"embeddable":true,"href":"https:\/\/linitiative.ca\/International\/wp-json\/wp\/v2\/comments?post=69482"}],"version-history":[{"count":0,"href":"https:\/\/linitiative.ca\/International\/wp-json\/wp\/v2\/posts\/69482\/revisions"}],"wp:attachment":[{"href":"https:\/\/linitiative.ca\/International\/wp-json\/wp\/v2\/media?parent=69482"}],"wp:term":[{"taxonomy":"category","embeddable":true,"href":"https:\/\/linitiative.ca\/International\/wp-json\/wp\/v2\/categories?post=69482"},{"taxonomy":"post_tag","embeddable":true,"href":"https:\/\/linitiative.ca\/International\/wp-json\/wp\/v2\/tags?post=69482"}],"curies":[{"name":"wp","href":"https:\/\/api.w.org\/{rel}","templated":true}]}}