{"id":69483,"date":"2019-12-06T09:49:21","date_gmt":"2019-12-06T14:49:21","guid":{"rendered":"https:\/\/linitiative.ca\/International\/le-projet-de-loi-relative-a-lorganisation-territoriale-un-acquis-pour-la-redynamisation-du-developpement-dans-le-sud\/"},"modified":"2019-12-06T09:49:21","modified_gmt":"2019-12-06T14:49:21","slug":"le-projet-de-loi-relative-a-lorganisation-territoriale-un-acquis-pour-la-redynamisation-du-developpement-dans-le-sud","status":"publish","type":"post","link":"https:\/\/linitiative.ca\/International\/le-projet-de-loi-relative-a-lorganisation-territoriale-un-acquis-pour-la-redynamisation-du-developpement-dans-le-sud\/","title":{"rendered":"Le projet de loi relative \u00e0 l&rsquo;organisation territoriale, un acquis pour la redynamisation du d\u00e9veloppement dans le Sud"},"content":{"rendered":"<div readability=\"39\">\n<p><strong>ALGER &#8211; Le ministre de l&rsquo;Int\u00e9rieur, des Collectivit\u00e9s locales et de l&rsquo;Am\u00e9nagement du territoire, Salah Eddine Dahmoune a qualifi\u00e9 le projet de loi relatif \u00e0 l&rsquo;organisation territoriale du pays adopt\u00e9, d'\u00a0\u00bbimportant acquis\u00a0\u00bb devant redynamiser le d\u00e9veloppement et permettre d&rsquo;op\u00e9rer des r\u00e9formes profondes et globales, notamment dans le Grand Sud.<\/strong><\/p>\n<\/div>\n<div readability=\"85\">\n<p>Intervenant \u00e0 l&rsquo;issue de l&rsquo;adoption par les membres du Conseil de la Nation du projet de loi compl\u00e9tant et modifiant la loi N 84-09 du 4 f\u00e9vrier 1984 relatif \u00e0 l&rsquo;organisation territoriale du pays, lors d&rsquo;une pl\u00e9ni\u00e8re pr\u00e9sid\u00e9e par le pr\u00e9sident du Conseil par int\u00e9rim, Salah Goudjil, M. Dahmoune a pr\u00e9cis\u00e9 que \u00ab\u00a0cette loi intervient au moment opportun et s&rsquo;inscrit en droite ligne avec la dynamique sociopolitique que connait le pays, une dynamique marqu\u00e9e par le changement et les r\u00e9formes profondes\u00a0\u00bb, qualifiant cette loi de \u00ab\u00a0d\u00e9cision historique\u00a0\u00bb \u00e0 m\u00eame de contribuer \u00e0 la r\u00e9alisation du d\u00e9veloppement \u00e9conomique durable dans le pays.<\/p>\n<blockquote readability=\"10\">\n<p><em><strong>Pour le ministre, cette loi, qui s&rsquo;ajoute au d\u00e9cret pr\u00e9sidentiel portant cr\u00e9ation de 44 circonscriptions administratives, devra changer compl\u00e8tement la situation au niveau local et permettra aux collectivit\u00e9s locales b\u00e9n\u00e9ficiaires de r\u00e9aliser leur d\u00e9collage escompt\u00e9.<\/strong><\/em><\/p>\n<\/blockquote>\n<p>Cet acquis renforcera \u00e9galement les efforts visant \u00e0 concr\u00e9tiser d&rsquo;autres r\u00e9alisations, a-t-il ajout\u00e9 pr\u00e9cisant que la feuille de route du d\u00e9veloppement local et de l&rsquo;am\u00e9nagement du territoire n&rsquo;est qu&rsquo;\u00e0 son d\u00e9but et que toutes les r\u00e9gions du pays auront leur part de r\u00e9forme et de d\u00e9veloppement\u00a0\u00bb. Dans ce sens, il a affirm\u00e9 que la r\u00e9forme administrative sera consolid\u00e9e par d&rsquo;autres nouvelles lois.<\/p>\n<p>Rappelant, \u00e0 ce propos, la loi sur les collectivit\u00e9s territoriales, le code sur la fiscalit\u00e9 locale et les diff\u00e9rentes lois relatives aux r\u00e9formes politiques, M. Dahmoune a insist\u00e9 sur l&rsquo;imp\u00e9ratif d&rsquo;appuyer la d\u00e9centralisation, de r\u00e9aliser les processus de d\u00e9veloppement, de soutenir les comp\u00e9tences et de consolider les fondements de l&rsquo;Etat de droit et de la d\u00e9mocratie \u00e9largie en vue d&rsquo;aller de l&rsquo;avant et booster, ainsi, le d\u00e9veloppement\u00a0\u00bb.<\/p>\n<p>Par ailleurs, le repr\u00e9sentant du gouvernement a estim\u00e9 que \u00ab\u00a0la pr\u00e9sidentielle 2019 constitue un tournant historique aspir\u00e9 par tous afin de concr\u00e9tiser le changement et de renforcer les r\u00e9formes profondes.<\/p>\n<blockquote readability=\"14\">\n<p><em><strong>De son c\u00f4t\u00e9, le rapporteur de la Commission des affaires juridiques, administratives, des droits de l&rsquo;Homme, de l&rsquo;organisation locale, de l&rsquo;am\u00e9nagement du territoire et du d\u00e9coupage territorial, a consid\u00e9r\u00e9 que cette loi \u00ab\u00a0est un nouvel acquis devant concr\u00e9tiser le nouveau d\u00e9coupage administratif dans le Grand Sud\u00a0\u00bb.<\/strong><\/em><\/p>\n<\/blockquote>\n<p>Le m\u00eame responsable a affirm\u00e9 que la prochaine pr\u00e9sidentielle \u00a0\u00bb constitue \u00e9galement une occasion pour adresser un message de patriotisme \u00e0 ceux qui veulent d\u00e9stabiliser ce pays\u00a0\u00bb, saluant \u00ab\u00a0toutes les r\u00e9alisations accomplies gr\u00e2ce au Hirak populaire pacifique et \u00e0 l&rsquo;Arm\u00e9e nationale populaire (ANP)\u00a0\u00bb.<\/p>\n<p>\u00ab\u00a0C&rsquo;est pour la premi\u00e8re fois dans l&rsquo;histoire du pays, que nous vivons une transition d&rsquo;une \u00e8re de corruption \u00e0 une\u00a0 autre d&rsquo;\u00e9dification et de d\u00e9veloppement en faveur des g\u00e9n\u00e9rations montantes\u00a0\u00bb.<\/p>\n<\/div>\n<p>Auteur:<br \/>\n<a href=\"http:\/\/www.aps.dz\/regions\/98564-le-projet-de-loi-relative-a-l-organisation-territoriale-du-pays-adopte-un-acquis-pour-la-redynamisation-du-developpement-dans-le-sud\">Cliquez ici pour lire l&rsquo;article depuis sa source.<\/a><\/p>\n","protected":false},"excerpt":{"rendered":"<p>ALGER &#8211; Le ministre de l&rsquo;Int\u00e9rieur, des Collectivit\u00e9s locales et de l&rsquo;Am\u00e9nagement du territoire, Salah Eddine Dahmoune a qualifi\u00e9 le projet de loi relatif \u00e0 l&rsquo;organisation territoriale du pays adopt\u00e9, d&rsquo;\u00a0\u00bbimportant acquis\u00a0\u00bb devant redynamiser le d\u00e9veloppement et permettre d&rsquo;op\u00e9rer des r\u00e9formes profondes et globales, notamment dans le Grand Sud. Intervenant \u00e0 l&rsquo;issue de l&rsquo;adoption par [&hellip;]<\/p>\n","protected":false},"author":1790,"featured_media":0,"comment_status":"closed","ping_status":"closed","sticky":false,"template":"","format":"standard","meta":{"fifu_image_url":"","fifu_image_alt":"","footnotes":""},"categories":[53,76],"tags":[],"class_list":["post-69483","post","type-post","status-publish","format-standard","hentry","category-algerie","category-regions"],"_links":{"self":[{"href":"https:\/\/linitiative.ca\/International\/wp-json\/wp\/v2\/posts\/69483","targetHints":{"allow":["GET"]}}],"collection":[{"href":"https:\/\/linitiative.ca\/International\/wp-json\/wp\/v2\/posts"}],"about":[{"href":"https:\/\/linitiative.ca\/International\/wp-json\/wp\/v2\/types\/post"}],"author":[{"embeddable":true,"href":"https:\/\/linitiative.ca\/International\/wp-json\/wp\/v2\/users\/1790"}],"replies":[{"embeddable":true,"href":"https:\/\/linitiative.ca\/International\/wp-json\/wp\/v2\/comments?post=69483"}],"version-history":[{"count":0,"href":"https:\/\/linitiative.ca\/International\/wp-json\/wp\/v2\/posts\/69483\/revisions"}],"wp:attachment":[{"href":"https:\/\/linitiative.ca\/International\/wp-json\/wp\/v2\/media?parent=69483"}],"wp:term":[{"taxonomy":"category","embeddable":true,"href":"https:\/\/linitiative.ca\/International\/wp-json\/wp\/v2\/categories?post=69483"},{"taxonomy":"post_tag","embeddable":true,"href":"https:\/\/linitiative.ca\/International\/wp-json\/wp\/v2\/tags?post=69483"}],"curies":[{"name":"wp","href":"https:\/\/api.w.org\/{rel}","templated":true}]}}