{"id":69489,"date":"2019-12-06T15:14:19","date_gmt":"2019-12-06T20:14:19","guid":{"rendered":"https:\/\/linitiative.ca\/International\/international-belmadi-donnera-le-coup-denvoi-dom-bordeaux\/"},"modified":"2019-12-06T15:14:19","modified_gmt":"2019-12-06T20:14:19","slug":"international-belmadi-donnera-le-coup-denvoi-dom-bordeaux","status":"publish","type":"post","link":"https:\/\/linitiative.ca\/International\/international-belmadi-donnera-le-coup-denvoi-dom-bordeaux\/","title":{"rendered":"International : Belmadi donnera le coup d&rsquo;envoi d&rsquo;OM-Bordeaux"},"content":{"rendered":"<div readability=\"32\">\n<p>Auteur : <span class=\"time\">vendredi 06 d\u00e9cembre 2019 18:59<\/span><\/p>\n<\/div>\n<div id=\"post_core\" readability=\"51\">\n<p>Soucieux de \u00ab\u00a0rapprocher et f\u00e9d\u00e9rer ses supporters sur le continent africain\u00a0\u00bb, l&rsquo;Olympique de Marseille vient de lancer un programme sous le label \u00ab\u00a0OM Africa\u00a0\u00bb. Ainsi, des \u00e9v\u00e9nements, des produits, des fans zones etc. seront d\u00e9di\u00e9s aux fans phoc\u00e9ens du continent africain comme l&rsquo;indique Onzemondial. De plus certains anciens joueurs ayant port\u00e9 le maillot marseillais et issus du m\u00eame continent viendront au V\u00e9lodrome ce dimanche pour la r\u00e9ception de Bordeaux.\u00a0<\/p>\n<p>Ainsi, Mamadou Niang, Souleymane Diawara, Basile Boli, Taye Taiwo, Habib Beye, etc. seront pr\u00e9sents lors de ce match. De son c\u00f4t\u00e9, le s\u00e9lectionneur de l&rsquo;Alg\u00e9rie vainqueur de la Coupe d&rsquo;Afrique des Nations 2019 donnera le coup d&rsquo;envoi de ce match o\u00f9 les joueurs d&rsquo;Andr\u00e9 Villas-Boas porteront un maillot \u00ab\u00a0sp\u00e9cifique\u00a0\u00bb aux couleurs de l&rsquo;Afrique et du label OM Africa.<\/p>\n<p><strong>Publi\u00e9 dans :<\/strong> <span>Marseille<\/span><\/p>\n<\/div>\n<p>Auteur:<br \/>\n<a href=\"http:\/\/www.lebuteur.com\/article\/detail?titre=belmadi-donnera-le-coup-denvoi-dom-bordeaux&#038;id=93397&#038;utm_source=feedburner&#038;utm_medium=feed&#038;utm_campaign=Feed%3A+GalerieFArtciles+%28Les+derniers+articles++-+lebuteur.com%29\">Cliquez ici pour lire l&rsquo;article depuis sa source.<\/a><\/p>\n","protected":false},"excerpt":{"rendered":"<p>Auteur : vendredi 06 d\u00e9cembre 2019 18:59 Soucieux de \u00ab\u00a0rapprocher et f\u00e9d\u00e9rer ses supporters sur le continent africain\u00a0\u00bb, l&rsquo;Olympique de Marseille vient de lancer un programme sous le label \u00ab\u00a0OM Africa\u00a0\u00bb. Ainsi, des \u00e9v\u00e9nements, des produits, des fans zones etc. seront d\u00e9di\u00e9s aux fans phoc\u00e9ens du continent africain comme l&rsquo;indique Onzemondial. De plus certains anciens [&hellip;]<\/p>\n","protected":false},"author":1738,"featured_media":69490,"comment_status":"closed","ping_status":"closed","sticky":false,"template":"","format":"standard","meta":{"fifu_image_url":"","fifu_image_alt":"","footnotes":""},"categories":[53,75],"tags":[],"class_list":["post-69489","post","type-post","status-publish","format-standard","has-post-thumbnail","hentry","category-algerie","category-sport"],"_links":{"self":[{"href":"https:\/\/linitiative.ca\/International\/wp-json\/wp\/v2\/posts\/69489","targetHints":{"allow":["GET"]}}],"collection":[{"href":"https:\/\/linitiative.ca\/International\/wp-json\/wp\/v2\/posts"}],"about":[{"href":"https:\/\/linitiative.ca\/International\/wp-json\/wp\/v2\/types\/post"}],"author":[{"embeddable":true,"href":"https:\/\/linitiative.ca\/International\/wp-json\/wp\/v2\/users\/1738"}],"replies":[{"embeddable":true,"href":"https:\/\/linitiative.ca\/International\/wp-json\/wp\/v2\/comments?post=69489"}],"version-history":[{"count":0,"href":"https:\/\/linitiative.ca\/International\/wp-json\/wp\/v2\/posts\/69489\/revisions"}],"wp:featuredmedia":[{"embeddable":true,"href":"https:\/\/linitiative.ca\/International\/wp-json\/"}],"wp:attachment":[{"href":"https:\/\/linitiative.ca\/International\/wp-json\/wp\/v2\/media?parent=69489"}],"wp:term":[{"taxonomy":"category","embeddable":true,"href":"https:\/\/linitiative.ca\/International\/wp-json\/wp\/v2\/categories?post=69489"},{"taxonomy":"post_tag","embeddable":true,"href":"https:\/\/linitiative.ca\/International\/wp-json\/wp\/v2\/tags?post=69489"}],"curies":[{"name":"wp","href":"https:\/\/api.w.org\/{rel}","templated":true}]}}