{"id":69493,"date":"2019-12-06T15:14:23","date_gmt":"2019-12-06T20:14:23","guid":{"rendered":"https:\/\/linitiative.ca\/International\/pros-monaco-jardim-slimani-est-un-joueur-important-mais\/"},"modified":"2019-12-06T15:14:23","modified_gmt":"2019-12-06T20:14:23","slug":"pros-monaco-jardim-slimani-est-un-joueur-important-mais","status":"publish","type":"post","link":"https:\/\/linitiative.ca\/International\/pros-monaco-jardim-slimani-est-un-joueur-important-mais\/","title":{"rendered":"Pros : Monaco &#8211; Jardim : \u00ab\u00a0Slimani est un joueur important, mais&#8230;\u00a0\u00bb"},"content":{"rendered":"<div readability=\"32\">\n<p>Auteur : <span class=\"time\">vendredi 06 d\u00e9cembre 2019 20:23<\/span><\/p>\n<\/div>\n<div id=\"post_core\" readability=\"37\">\n<p>Leonardo Jardim a fait le point sur son groupe et a martel\u00e9 qu&rsquo;il compte sur l&rsquo;ensemble de son effectif :\u00a0\u00ab\u00a0Slimani c&rsquo;est un joueur important mais nous avons d&rsquo;autres joueurs aussi importants et je dois toujours penser \u00e0 ceux qui sont disponibles. Et en ce moment j&rsquo;ai 100% confiance en ces joueurs-l\u00e0.\u00a0Les joueurs moins titulaires doivent montrer qu&rsquo;ils sont performants, pour se faire un peu plus de place. En Coupe de la Ligue, Keita\u00a0(Bald\u00e9)\u00a0et\u00a0(Jean-K\u00e9vin) Augustin avaient marqu\u00e9 sans Slimani. C&rsquo;est un joueur important de l&rsquo;\u00e9quipe mais il y en a d&rsquo;autres qui sont importants\u00a0\u00bb. Des propos relay\u00e9s par Goal.<\/p>\n<p><strong>Publi\u00e9 dans :<\/strong> <span>monaco<\/span><\/p>\n<\/div>\n<p>Auteur:<br \/>\n<a href=\"http:\/\/www.lebuteur.com\/article\/detail?titre=monaco-jardim-slimani-est-un-joueur-important-mais&#038;id=93398&#038;utm_source=feedburner&#038;utm_medium=feed&#038;utm_campaign=Feed%3A+GalerieFArtciles+%28Les+derniers+articles++-+lebuteur.com%29\">Cliquez ici pour lire l&rsquo;article depuis sa source.<\/a><\/p>\n","protected":false},"excerpt":{"rendered":"<p>Auteur : vendredi 06 d\u00e9cembre 2019 20:23 Leonardo Jardim a fait le point sur son groupe et a martel\u00e9 qu&rsquo;il compte sur l&rsquo;ensemble de son effectif :\u00a0\u00ab\u00a0Slimani c&rsquo;est un joueur important mais nous avons d&rsquo;autres joueurs aussi importants et je dois toujours penser \u00e0 ceux qui sont disponibles. Et en ce moment j&rsquo;ai 100% confiance [&hellip;]<\/p>\n","protected":false},"author":1738,"featured_media":69494,"comment_status":"closed","ping_status":"closed","sticky":false,"template":"","format":"standard","meta":{"fifu_image_url":"","fifu_image_alt":"","footnotes":""},"categories":[53,75],"tags":[],"class_list":["post-69493","post","type-post","status-publish","format-standard","has-post-thumbnail","hentry","category-algerie","category-sport"],"_links":{"self":[{"href":"https:\/\/linitiative.ca\/International\/wp-json\/wp\/v2\/posts\/69493","targetHints":{"allow":["GET"]}}],"collection":[{"href":"https:\/\/linitiative.ca\/International\/wp-json\/wp\/v2\/posts"}],"about":[{"href":"https:\/\/linitiative.ca\/International\/wp-json\/wp\/v2\/types\/post"}],"author":[{"embeddable":true,"href":"https:\/\/linitiative.ca\/International\/wp-json\/wp\/v2\/users\/1738"}],"replies":[{"embeddable":true,"href":"https:\/\/linitiative.ca\/International\/wp-json\/wp\/v2\/comments?post=69493"}],"version-history":[{"count":0,"href":"https:\/\/linitiative.ca\/International\/wp-json\/wp\/v2\/posts\/69493\/revisions"}],"wp:featuredmedia":[{"embeddable":true,"href":"https:\/\/linitiative.ca\/International\/wp-json\/"}],"wp:attachment":[{"href":"https:\/\/linitiative.ca\/International\/wp-json\/wp\/v2\/media?parent=69493"}],"wp:term":[{"taxonomy":"category","embeddable":true,"href":"https:\/\/linitiative.ca\/International\/wp-json\/wp\/v2\/categories?post=69493"},{"taxonomy":"post_tag","embeddable":true,"href":"https:\/\/linitiative.ca\/International\/wp-json\/wp\/v2\/tags?post=69493"}],"curies":[{"name":"wp","href":"https:\/\/api.w.org\/{rel}","templated":true}]}}