{"id":69495,"date":"2019-12-06T15:19:47","date_gmt":"2019-12-06T20:19:47","guid":{"rendered":"https:\/\/linitiative.ca\/International\/m-gaid-salah-au-4e-jour-de-sa-visite-en-2e-region-militaire-la-presidentielle-une-nouvelle-relance-pour-lalgerie\/"},"modified":"2019-12-06T15:19:47","modified_gmt":"2019-12-06T20:19:47","slug":"m-gaid-salah-au-4e-jour-de-sa-visite-en-2e-region-militaire-la-presidentielle-une-nouvelle-relance-pour-lalgerie","status":"publish","type":"post","link":"https:\/\/linitiative.ca\/International\/m-gaid-salah-au-4e-jour-de-sa-visite-en-2e-region-militaire-la-presidentielle-une-nouvelle-relance-pour-lalgerie\/","title":{"rendered":"M. ga\u00efd salah au 4e jour de sa visite en 2e R\u00e9gion Militaire : La Pr\u00e9sidentielle, une nouvelle relance pour l\u2019Alg\u00e9rie"},"content":{"rendered":"<p>Protection de l\u2019ind\u00e9pendance de l\u2019Alg\u00e9rie et sauvegarde de sa souverainet\u00e9 nationale.\u00a0<\/p>\n<p>Exercice d\u00e9monstratif \u00abAzm 2019\u00bb, ex\u00e9cut\u00e9 par les unit\u00e9s de la 36e brigade d\u2019infanterie.<\/p>\n<div readability=\"210\">\n<p>Lors du 4e jour de sa visite, hier, en 2e R\u00e9gion militaire, Monsieur le G\u00e9n\u00e9ral de Corps d&rsquo;Arm\u00e9e Ahmed Ga\u00efd Salah, Vice-Ministre de la D\u00e9fense Nationale, Chef d&rsquo;\u00c9tat-Major de l&rsquo;Arm\u00e9e Nationale Populaire, a pr\u00e9sid\u00e9 une r\u00e9union de travail au si\u00e8ge du Commandement de la R\u00e9gion.<\/p>\n<p>\u00c0 l&rsquo;entame et apr\u00e8s la c\u00e9r\u00e9monie d&rsquo;accueil \u00e0 l&rsquo;entr\u00e9e du si\u00e8ge du Commandement de la R\u00e9gion, Monsieur le G\u00e9n\u00e9ral de Corps d&rsquo;Arm\u00e9e, accompagn\u00e9 du G\u00e9n\u00e9ral-Major Meftah Souab, Commandant de la R\u00e9gion, a observ\u00e9 un moment de recueillement sur l&rsquo;\u00e2me du d\u00e9funt moudjahid Boudjnane Ahmed dit Si Abb\u00e8s, dont le nom est port\u00e9 par le si\u00e8ge du Commandement de la R\u00e9gion, o\u00f9 il a d\u00e9pos\u00e9 une gerbe de fleurs devant la st\u00e8le comm\u00e9morative et a r\u00e9cit\u00e9 la Fatiha sur son \u00e2me et sur celles de nos valeureux chouhada.<\/p>\n<p>Ensuite, Monsieur le G\u00e9n\u00e9ral de Corps d&rsquo;Arm\u00e9e a pr\u00e9sid\u00e9 une r\u00e9union avec le Commandement et l&rsquo;\u00c9tat-Major de la R\u00e9gion, les responsables des diff\u00e9rents services de s\u00e9curit\u00e9, les Commandants d&rsquo;unit\u00e9s et les Directeurs R\u00e9gionaux, o\u00f9 il a suivi un expos\u00e9 global portant sur la situation g\u00e9n\u00e9rale dans le territoire de comp\u00e9tence, pr\u00e9sent\u00e9 par le Commandant de la R\u00e9gion, avant de prononcer une allocution, dont voici la teneur :<\/p>\n<p>\u00abLes \u00e9tapes de modernisation, au sein de l&rsquo;Arm\u00e9e Nationale Populaire, dans les diff\u00e9rents domaines, m\u00e9ritent d&rsquo;\u00eatre valoris\u00e9es et salu\u00e9es, et constituent notre fiert\u00e9. Vous connaissez parfaitement et sans nul doute, en tant que cadres et par l&rsquo;exercice de vos missions d&rsquo;armes, la grandeur de ces \u00e9tapes franchies avec une pers\u00e9v\u00e9rance et une ferme d\u00e9termination, et vous consid\u00e9rez la port\u00e9e de leur influence positive sur l&rsquo;am\u00e9lioration graduelle et continue du niveau de la pratique professionnelle chez les personnels militaires, toutes cat\u00e9gories confondues. Vous accompagnez, voire palpez de si pr\u00e8s le degr\u00e9 de l&rsquo;\u00e9tat-pr\u00eat et de la disponibilit\u00e9 op\u00e9rationnelle atteint par nos forces arm\u00e9es avec toutes leurs composantes, ainsi que la bonne performance dans l&rsquo;accomplissement des missions assign\u00e9es.<\/p>\n<p>Ces r\u00e9alisations constituent effectivement une source de satisfaction et de motivation en m\u00eame temps, ce qui me laisse saisir la pr\u00e9sente occasion pour saluer les efforts laborieux, soutenus et permanents que l&rsquo;ensemble des personnels de l&rsquo;Arm\u00e9e Nationale Populaire fournit chacun dans la limite de ses pr\u00e9rogatives et de ses comp\u00e9tences.<\/p>\n<p>Des efforts que nous valorisons grandement, tout autant que nous aspirons, au sein de l&rsquo;Arm\u00e9e Nationale Populaire, \u00e0 r\u00e9aliser davantage d&rsquo;exploits et de prouesses \u00e0 la hauteur des ambitions que nous voulons concr\u00e9tiser, sur le terrain, avec l&rsquo;aide d&rsquo;Allah le Tout-Puissant, en vue de construire une Arm\u00e9e forte, moderne et d\u00e9velopp\u00e9e dont le pivot s&rsquo;articule sur la ressource humaine qualifi\u00e9e et sp\u00e9cialis\u00e9e, capable d&rsquo;assimiler et de ma\u00eetriser parfaitement les nouvelles techniques et technologies de pointe. Une ressource capable d&rsquo;accompagner les d\u00e9fis effr\u00e9n\u00e9s qui s&rsquo;inscrivent dans le cadre des exigences du devoir de la protection de l&rsquo;ind\u00e9pendance de l&rsquo;Alg\u00e9rie et de la sauvegarde de sa souverainet\u00e9 nationale, de son unit\u00e9 populaire et son int\u00e9grit\u00e9 territoriale. Telles sont les missions nobles qui constituent la fiert\u00e9 de l&rsquo;Arm\u00e9e Nationale Populaire devant \u00eatre toujours \u00e0 la hauteur de leur parfait accomplissement.\u00bb\u00a0<\/p>\n<p><strong>Ne m\u00e9nager aucun effort au service de l\u2019Alg\u00e9rie et de sa s\u00e9curit\u00e9<\/strong><\/p>\n<p>\u00abNous continuons, au sein de l&rsquo;Arm\u00e9e Nationale Populaire, \u00e0 ne m\u00e9nager aucun effort au service de l&rsquo;Alg\u00e9rie et celui de sa s\u00e9curit\u00e9. Je saisi cette honorable occasion pour saluer tous les efforts consentis au niveau de la 2e R\u00e9gion Militaire et valoriser les r\u00e9sultats obtenus dans plus d&rsquo;un domaine, comme je souligne qu&rsquo;aucune r\u00e9alisation ne peut-\u00eatre concr\u00e9tis\u00e9e sans labeur loyal ou sans travail pers\u00e9v\u00e9rant et fructueux.<\/p>\n<p>Vous n&rsquo;\u00eates pas sans savoir que tous les facteurs de r\u00e9ussite escompt\u00e9e et les \u00e9l\u00e9ments de progr\u00e8s professionnel ont \u00e9t\u00e9 assur\u00e9s, en termes d&rsquo;\u00e9quipement, de formation, de pr\u00e9paration et de sensibilisation. Nous sommes parfaitement conscients, avec s\u00e9r\u00e9nit\u00e9 d&rsquo;esprit, que tous les efforts fournis, ces derni\u00e8res ann\u00e9es, sur plus d&rsquo;un plan, ont fructueusement apport\u00e9 une grande maturit\u00e9 professionnelle et un capital \u00e9lev\u00e9 d&rsquo;exp\u00e9rience op\u00e9rationnelle et de combat, mais, essentiellement, une ultime conscience de la sensibilit\u00e9 des missions assign\u00e9es et de l&rsquo;imp\u00e9ratif de leur parfait accomplissement.<\/p>\n<p>Nous sommes aussi satisfaits, \u00e0 chaque inspection des personnels, des unit\u00e9s, des R\u00e9gions et des Forces, que nous continuons d&rsquo;exiger davantage d&rsquo;efforts, au regard des d\u00e9fis qui se multiplient et qui s&rsquo;acc\u00e9l\u00e8rent, car l&rsquo;Alg\u00e9rie m\u00e9rite, de la part de ses enfants, l\u00e0 o\u00f9 ils se trouvent, qu&rsquo;ils demeurent la forteresse imp\u00e9n\u00e9trable, notamment \u00e0 la veille d&rsquo;une \u00e9ch\u00e9ance cruciale et importante, \u00e0 savoir les \u00e9lections pr\u00e9sidentielles du 12 d\u00e9cembre courant qui seront, gr\u00e2ce \u00e0 l&rsquo;aide d&rsquo;Allah le Tout-Puissant, une f\u00eate \u00e9lectorale, \u00e0 travers laquelle se r\u00e9alise la volont\u00e9 populaire et qui sera \u00e9galement une nouvelle relance pour l&rsquo;Alg\u00e9rie sur la voie de l&rsquo;\u00e9dification et du d\u00e9veloppement.\u00bb<\/p>\n<p><strong>Le professionnalisme des composantes de l\u2019ANP relev\u00e9\u00a0<\/strong><\/p>\n<p>Par ailleurs, le G\u00e9n\u00e9ral de Corps d\u2019Arm\u00e9e a relev\u00e9, jeudi au 3e jour de sa visite en 2e R\u00e9gion militaire, le \u00abprofessionnalisme ancr\u00e9\u00bb des composantes de l&rsquo;ANP. Le G\u00e9n\u00e9ral de Corps d&rsquo;Arm\u00e9e, accompagn\u00e9 du g\u00e9n\u00e9ral-major Meftah Souab, Commandant de la 2e RM, a suivi dans la matin\u00e9e un exercice d\u00e9monstratif \u00abAzm 2019\u00bb, ex\u00e9cut\u00e9 par les unit\u00e9s de la 36e brigade d\u2019infanterie motoris\u00e9e appuy\u00e9es par des avions bombardiers, o\u00f9 il a \u00e9cout\u00e9, \u00e0 l\u2019entame, un expos\u00e9, pr\u00e9sent\u00e9 par le Commandant de ladite brigade et portant sur les \u00e9tapes et le d\u00e9roulement de l&rsquo;exercice. \u00abLes niveaux \u00e9lev\u00e9s atteints par l\u2019ANP, dans toutes ses composantes et \u00e0 plus d\u2019un titre, sont le fruit d\u2019efforts intenses, continus, pers\u00e9v\u00e9rants et loyaux envers Allah et la Patrie, fournis durant ces derni\u00e8res ann\u00e9es, preuve en est l\u2019efficacit\u00e9 des r\u00e9sultats obtenus, sans nul doute, la r\u00e9union et l\u2019assimilation graduelle des exigences du professionnalisme dans son sens global.\u00a0<\/p>\n<p>Un professionnalisme que nous avons voulu inspir\u00e9 de nos particularit\u00e9s nationales propres, de notre ing\u00e9niosit\u00e9, de nos valeurs, de notre histoire nationale et de nos principes immuables, ancr\u00e9s par notre Glorieuse R\u00e9volution de Lib\u00e9ration nationale qui les a parfaitement exprim\u00e9s\u00bb, a soulign\u00e9 Ga\u00efd Salah, lors d&rsquo;une rencontre tenue, au terme de l\u2019exercice avec les \u00e9l\u00e9ments des unit\u00e9s ayant ex\u00e9cut\u00e9 celui-ci.\u00a0<\/p>\n<p>Le vice-ministre a \u00e9galement estim\u00e9 que \u00abde ces valeurs et principes fondamentaux, il appara\u00eet clairement que l\u2019essence des missions de l\u2019ANP est de continuer, avec d\u00e9termination et efficience, la mission de pr\u00e9server l\u2019Alg\u00e9rie, \u00e0 tout moment, quelle que soit l\u2019ampleur des d\u00e9fis et des enjeux\u00bb, assurant \u0153uvrer \u00abavec fid\u00e9lit\u00e9, voire avec clairvoyance, \u00e0 r\u00e9unir tous les facteurs, \u00e0 m\u00eame d\u2019assurer le rendement op\u00e9rationnel qualitatif du corps de bataille de nos Forces Arm\u00e9es\u00bb.\u00a0<\/p>\n<p>\u00c0 ce titre pr\u00e9cis\u00e9ment, a-t-il poursuivi, il a rappel\u00e9 avoir \u00abaffirm\u00e9 plusieurs fois, tout en les r\u00e9it\u00e9rant, que le d\u00e9veloppement effectif et la v\u00e9ritable am\u00e9lioration du niveau requi\u00e8rent de conf\u00e9rer une importance extr\u00eame, d\u2019ann\u00e9e en ann\u00e9e, \u00e0 la pr\u00e9paration des exercices d\u2019\u00e9valuation de diff\u00e9rents niveaux et plans\u00bb.\u00a0<\/p>\n<p>\u00c0 l\u2019issue de son allocution, le G\u00e9n\u00e9ral de Corps d&rsquo;Arm\u00e9e, toujours accompagn\u00e9 du G\u00e9n\u00e9ral-Major, Meftah Souab, a proc\u00e9d\u00e9 \u00e0 l\u2019inauguration d\u2019une piste d\u2019atterrissage et de d\u00e9collage des a\u00e9ronefs, au niveau de l\u2019\u00c9cole de sp\u00e9cialisation de Chasse de Mechria.\u00a0<\/p>\n<p>Au second jour de sa visite, il avait supervis\u00e9, en soir\u00e9e, l\u2019ex\u00e9cution d\u2019un exercice d\u00e9monstratif au niveau de la base navale principale de Mers El-K\u00e9bir, dont le th\u00e8me s\u2019est articul\u00e9 sur \u00abLa mise en \u00e9chec d\u2019actions de sabotage\u00bb ciblant cette Base.\u00a0<\/p>\n<p>L\u2019exercice a \u00e9t\u00e9 ex\u00e9cut\u00e9 par des d\u00e9tachements de plongeurs et de la protection et de la s\u00e9curit\u00e9 de ladite base, appuy\u00e9s par des h\u00e9licopt\u00e8res de combat et de sauvetage. \u00abCes d\u00e9tachements \u00e9taient charg\u00e9s de faire face \u00e0 toute tentative d\u2019attaque terrestre, maritime ou sous-marine, et ce en faisant intervenir tous les moyens n\u00e9cessaires pour ce genre d\u2019op\u00e9rations sensibles\u00bb, indique le MDN, faisant savoir que le G\u00e9n\u00e9ral de Corps d&rsquo;Arm\u00e9e avait \u00e9galement suivi un exercice de tirs de missiles contre des cibles a\u00e9riennes, ex\u00e9cut\u00e9 \u00abavec succ\u00e8s\u00bb par la fr\u00e9gate ERRADI\u2019E.\u00a0<\/p>\n<\/div>\n<p>Auteur: elmoudjahid<br \/>\n<a href=\"http:\/\/www.elmoudjahid.com\/fr\/actualites\/145381\">Cliquez ici pour lire l&rsquo;article depuis sa source.<\/a><\/p>\n","protected":false},"excerpt":{"rendered":"<p>Protection de l\u2019ind\u00e9pendance de l\u2019Alg\u00e9rie et sauvegarde de sa souverainet\u00e9 nationale.\u00a0 Exercice d\u00e9monstratif \u00abAzm 2019\u00bb, ex\u00e9cut\u00e9 par les unit\u00e9s de la 36e brigade d\u2019infanterie. Lors du 4e jour de sa visite, hier, en 2e R\u00e9gion militaire, Monsieur le G\u00e9n\u00e9ral de Corps d&rsquo;Arm\u00e9e Ahmed Ga\u00efd Salah, Vice-Ministre de la D\u00e9fense Nationale, Chef d&rsquo;\u00c9tat-Major de l&rsquo;Arm\u00e9e Nationale [&hellip;]<\/p>\n","protected":false},"author":1744,"featured_media":0,"comment_status":"closed","ping_status":"closed","sticky":false,"template":"","format":"standard","meta":{"fifu_image_url":"","fifu_image_alt":"","footnotes":""},"categories":[73,53],"tags":[],"class_list":["post-69495","post","type-post","status-publish","format-standard","hentry","category-actualite","category-algerie"],"_links":{"self":[{"href":"https:\/\/linitiative.ca\/International\/wp-json\/wp\/v2\/posts\/69495","targetHints":{"allow":["GET"]}}],"collection":[{"href":"https:\/\/linitiative.ca\/International\/wp-json\/wp\/v2\/posts"}],"about":[{"href":"https:\/\/linitiative.ca\/International\/wp-json\/wp\/v2\/types\/post"}],"author":[{"embeddable":true,"href":"https:\/\/linitiative.ca\/International\/wp-json\/wp\/v2\/users\/1744"}],"replies":[{"embeddable":true,"href":"https:\/\/linitiative.ca\/International\/wp-json\/wp\/v2\/comments?post=69495"}],"version-history":[{"count":0,"href":"https:\/\/linitiative.ca\/International\/wp-json\/wp\/v2\/posts\/69495\/revisions"}],"wp:attachment":[{"href":"https:\/\/linitiative.ca\/International\/wp-json\/wp\/v2\/media?parent=69495"}],"wp:term":[{"taxonomy":"category","embeddable":true,"href":"https:\/\/linitiative.ca\/International\/wp-json\/wp\/v2\/categories?post=69495"},{"taxonomy":"post_tag","embeddable":true,"href":"https:\/\/linitiative.ca\/International\/wp-json\/wp\/v2\/tags?post=69495"}],"curies":[{"name":"wp","href":"https:\/\/api.w.org\/{rel}","templated":true}]}}