{"id":69497,"date":"2019-12-06T06:41:39","date_gmt":"2019-12-06T11:41:39","guid":{"rendered":"https:\/\/linitiative.ca\/International\/98553-jm-oran-2021-la-nouvelle-dynamique-des-preparatifs-de-la-19e-edition-saluee\/"},"modified":"2019-12-06T06:41:39","modified_gmt":"2019-12-06T11:41:39","slug":"98553-jm-oran-2021-la-nouvelle-dynamique-des-preparatifs-de-la-19e-edition-saluee","status":"publish","type":"post","link":"https:\/\/linitiative.ca\/International\/98553-jm-oran-2021-la-nouvelle-dynamique-des-preparatifs-de-la-19e-edition-saluee\/","title":{"rendered":"JM Oran-2021 : la \u00ab\u00a0nouvelle dynamique\u00a0\u00bb des pr\u00e9paratifs de la 19e \u00e9dition salu\u00e9e\u00a0"},"content":{"rendered":"<div readability=\"34\">\n<p><strong>ORAN- Le pr\u00e9sident du Comit\u00e9 international des jeux m\u00e9diterran\u00e9ens (CIJM) Amar Addadi a not\u00e9 jeudi \u00e0 Oran avec satisfaction la \u00ab\u00a0nouvelle dynamique marquant les pr\u00e9paratifs\u00a0\u00bb de la ville pour accueillir la 19e \u00e9dition des JM en 2021.<\/strong><\/p>\n<\/div>\n<div readability=\"90\">\n<p>S\u2019exprimant en conf\u00e9rence de presse \u00e0 l\u2019issue de la premi\u00e8re r\u00e9union du Conseil ex\u00e9cutif des JM tenue \u00e0 Oran, le premier responsable de cette manifestation sportive r\u00e9gionale a f\u00e9licit\u00e9 le comit\u00e9 d\u2019organisation local pour les \u00ab\u00a0progr\u00e8s r\u00e9alis\u00e9s\u00a0\u00bb dans les pr\u00e9paratifs de cet \u00e9v\u00e8nement pr\u00e9vu du25 juin au 5 juillet 2021, estimant que les efforts d\u00e9ploy\u00e9s depuis la nomination, en ao\u00fbt dernier, de Salim Iles comme directeur g\u00e9n\u00e9ral des JM ont permis de \u00ab\u00a0rattraper le retard accus\u00e9 en la mati\u00e8re par l\u2019ancien comit\u00e9 d\u2019organisation\u00a0\u00bb.<\/p>\n<p>\u00ab\u00a0Il reste n\u00e9anmoins certains volet li\u00e9s notamment \u00e0 l\u2019aspect technique qu\u2019il faudra bien prendre en charge et tr\u00e8s rapidement pour que la prochaine \u00e9dition soit une totale r\u00e9ussite\u00a0\u00bb, a-t-il encore insist\u00e9.<\/p>\n<p>Pour sa part, le pr\u00e9sident de la Commission de suivi et de coordination du CIJM, Bernard Amslam, a abond\u00e9 dans le m\u00eame sens, qualifiant de \u00ab\u00a0fructueux\u00a0\u00bb les travaux du Comit\u00e9 ex\u00e9cutif du CIJM tenu \u00e0 Oran, \u00ab\u00a0car ils ont permis de passer en revue le travail de toutes les commissions intervenantes dans la pr\u00e9paration des JM en pr\u00e9sence du Ministre de la jeunesse et des sports, ainsi que le nouveau Wali d\u2019Oran\u00a0\u00bb, s\u2019est-il r\u00e9joui.<\/p>\n<p>Il s\u2019est montr\u00e9, en outre, \u00ab\u00a0tr\u00e8s confiant\u00a0\u00bb quant aux capacit\u00e9s du Comit\u00e9 d\u2019organisation local de relever le d\u00e9fi, en parvenant \u00e0 rattraper le retard accus\u00e9 dans certains domaines \u00ab\u00a0d\u2019ordre technique\u00a0\u00bb.<\/p>\n<blockquote readability=\"15\">\n<p><em><strong>\u00ab\u00a0Concernant les infrastructures sportives, h\u00f4teli\u00e8res et autres, nous sommes persuad\u00e9s qu\u2019elles vont \u00eatre livr\u00e9es dans les d\u00e9lais impartis, surtout que les pouvoirs publics sont pleinement impliqu\u00e9s dans cette op\u00e9ration\u00a0\u00bb, a assur\u00e9 le responsable fran\u00e7ais regrettant au passage l\u2019absence des travaux de la r\u00e9union du pr\u00e9sident du Comit\u00e9 sportif et olympique national, Mustapha Berraf, ni aucun repr\u00e9sentant de cette structure qui est partie prenante dans l\u2019organisation de l\u2019\u00e9v\u00e8nement m\u00e9diterran\u00e9en, selon ses dires.<\/strong><\/em><\/p>\n<\/blockquote>\n<p>Quelques temps auparavant, le Ministre de la jeunesse et des sports, Raouf Salim Bernaoui, s\u2019est exprim\u00e9 \u00e0 son tour, au cours d\u2019un point de presse, sur les travaux du Conseil ex\u00e9cutif du CIJM auquel il a pris part, mettant en avant \u00ab\u00a0le sentiment de satisfaction affich\u00e9 par le conseil ex\u00e9cutif du CIJM vis-\u00e0-vis l\u2019\u00e9volution de pr\u00e9paratifs de la ville d\u2019Oran pour abriter les JM de 2021\u00a0\u00bb.<\/p>\n<p>Il a rappel\u00e9, au passage, les gros efforts d\u00e9ploy\u00e9s par l\u2019Etat alg\u00e9rien pour honorer ses engagements dans ce registre, \u00ab\u00a0comme l\u2019atteste la mobilisation de plus de 800 millions USD pour la r\u00e9alisation des infrastructures sportives, h\u00f4teli\u00e8res\u00a0 et tous les autres \u00e9quipements de base comme l\u2019a\u00e9roport et les routes afin d\u2019accueillir dans les meilleurs conditions les h\u00f4tes de l\u2019Alg\u00e9rie en 2021\u00a0\u00bb, s\u2019est-il r\u00e9joui.<\/p>\n<\/div>\n<p>Auteur:<br \/>\n<a href=\"http:\/\/www.aps.dz\/sport\/98553-jm-oran-2021-la-nouvelle-dynamique-des-preparatifs-de-la-19e-edition-saluee?utm_source=feedburner&#038;utm_medium=feed&#038;utm_campaign=Feed%3A+aps-sport+%28APS+-+SPORT%29\">Cliquez ici pour lire l&rsquo;article depuis sa source.<\/a><\/p>\n","protected":false},"excerpt":{"rendered":"<p>ORAN- Le pr\u00e9sident du Comit\u00e9 international des jeux m\u00e9diterran\u00e9ens (CIJM) Amar Addadi a not\u00e9 jeudi \u00e0 Oran avec satisfaction la \u00ab\u00a0nouvelle dynamique marquant les pr\u00e9paratifs\u00a0\u00bb de la ville pour accueillir la 19e \u00e9dition des JM en 2021. S\u2019exprimant en conf\u00e9rence de presse \u00e0 l\u2019issue de la premi\u00e8re r\u00e9union du Conseil ex\u00e9cutif des JM tenue \u00e0 [&hellip;]<\/p>\n","protected":false},"author":1790,"featured_media":0,"comment_status":"closed","ping_status":"closed","sticky":false,"template":"","format":"standard","meta":{"fifu_image_url":"","fifu_image_alt":"","footnotes":""},"categories":[53,75],"tags":[],"class_list":["post-69497","post","type-post","status-publish","format-standard","hentry","category-algerie","category-sport"],"_links":{"self":[{"href":"https:\/\/linitiative.ca\/International\/wp-json\/wp\/v2\/posts\/69497","targetHints":{"allow":["GET"]}}],"collection":[{"href":"https:\/\/linitiative.ca\/International\/wp-json\/wp\/v2\/posts"}],"about":[{"href":"https:\/\/linitiative.ca\/International\/wp-json\/wp\/v2\/types\/post"}],"author":[{"embeddable":true,"href":"https:\/\/linitiative.ca\/International\/wp-json\/wp\/v2\/users\/1790"}],"replies":[{"embeddable":true,"href":"https:\/\/linitiative.ca\/International\/wp-json\/wp\/v2\/comments?post=69497"}],"version-history":[{"count":0,"href":"https:\/\/linitiative.ca\/International\/wp-json\/wp\/v2\/posts\/69497\/revisions"}],"wp:attachment":[{"href":"https:\/\/linitiative.ca\/International\/wp-json\/wp\/v2\/media?parent=69497"}],"wp:term":[{"taxonomy":"category","embeddable":true,"href":"https:\/\/linitiative.ca\/International\/wp-json\/wp\/v2\/categories?post=69497"},{"taxonomy":"post_tag","embeddable":true,"href":"https:\/\/linitiative.ca\/International\/wp-json\/wp\/v2\/tags?post=69497"}],"curies":[{"name":"wp","href":"https:\/\/api.w.org\/{rel}","templated":true}]}}