{"id":69498,"date":"2019-12-06T08:50:37","date_gmt":"2019-12-06T13:50:37","guid":{"rendered":"https:\/\/linitiative.ca\/International\/98561-jeux-paralympiques-tokyo-2020-l-algerie-candidate-a-l-organisation-de-deux-tournois-qualificatifs\/"},"modified":"2019-12-06T08:50:37","modified_gmt":"2019-12-06T13:50:37","slug":"98561-jeux-paralympiques-tokyo-2020-l-algerie-candidate-a-l-organisation-de-deux-tournois-qualificatifs","status":"publish","type":"post","link":"https:\/\/linitiative.ca\/International\/98561-jeux-paralympiques-tokyo-2020-l-algerie-candidate-a-l-organisation-de-deux-tournois-qualificatifs\/","title":{"rendered":"Jeux Paralympiques : l&rsquo;Alg\u00e9rie candidate \u00e0 l&rsquo;organisation de deux tournois qualificatifs"},"content":{"rendered":"<div readability=\"38\">\n<p><strong>ALGER &#8211; La F\u00e9d\u00e9ration alg\u00e9rienne handisport (FAH) s&rsquo;est officiellement port\u00e9e candidate \u00e0 l&rsquo;organisation des Championnats d&rsquo;Afrique de handi-basket et de goal-ball (hommes et dames), qualificatifs aux Jeux Paralympiques de Tokyo-2020, a indiqu\u00e9 \u00e0 l&rsquo;APS le pr\u00e9sident de l&rsquo;instance f\u00e9d\u00e9rale, Mohamed Hachefa.<\/strong><\/p>\n<\/div>\n<div readability=\"86\">\n<p>Les pays africains devaient se disputer les places qualificatives pour Tokyo, en handi-basket et goal-ball entre autres, lors des Jeux para-africains, initialement pr\u00e9vus au Maroc en janvier prochain, les premiers dans l&rsquo;histoire du handisport africain, avant la d\u00e9cision des autorit\u00e9s marocaines de se retirer de l&rsquo;organisation pour des raisons \u00ab\u00a0financi\u00e8res\u00a0\u00bb, avaient-elles expliqu\u00e9.<\/p>\n<blockquote readability=\"11\">\n<p><em><strong>\u00ab\u00a0Nous avons officiellement postul\u00e9 \u00e0 l&rsquo;organisation des tournois africains de handi-basket et goal-ball, ou l&rsquo;un des deux\u00a0\u00bb, a d\u00e9clar\u00e9 Hachefa, expliquant que la proposition a \u00e9t\u00e9 soumise pour approbation aux membres de son bureau ex\u00e9cutif et une demande officielle a \u00e9t\u00e9 envoy\u00e9e aux f\u00e9d\u00e9rations internationales concern\u00e9es : l&rsquo;IWBF pour le handi-basket et l&rsquo;IBSA pour le goal-ball.<\/strong><\/em><\/p>\n<\/blockquote>\n<p>Les tournois des deux disciplines devront \u00eatre organis\u00e9s avant le mois de f\u00e9vrier prochain pour d\u00e9signer les repr\u00e9sentants du continent africain au rendez-vous paralympique de Tokyo, sachant que le champion en messieurs et dames dans les deux sports se qualifiera.<\/p>\n<p>L&rsquo;Alg\u00e9rie sera en concurrence avec l&rsquo;Afrique du Sud et le Maroc pour l&rsquo;organisation du Championnat de handi-basket, et sera probablement en course avec l&rsquo;Egypte pour le goal-ball.<\/p>\n<p>La date de rigueur pour la demande d&rsquo;organisation du Championnat de goal-ball a \u00e9t\u00e9 fix\u00e9e au 16 d\u00e9cembre, alors que l&rsquo;IWBF d\u00e9cidera samedi ou dimanche du pays qui aura l&rsquo;honneur d&rsquo;abriter la comp\u00e9tition de basket sur fauteuils.<\/p>\n<p>\u00ab\u00a0Pour le handi-basket, l&rsquo;IWBF, r\u00e9unie en session ordinaire en Tha\u00eflande en marge des Championnats d&rsquo;Asie, donnera aux repr\u00e9sentants des pays africains candidats la possibilit\u00e9 de faire une communication sur Skype, afin de convaincre les membres de l&rsquo;instance de la solidit\u00e9 de leur dossier et d&rsquo;offrir le maximum de garanties\u00a0\u00bb, a expliqu\u00e9 le pr\u00e9sident de la FAH.<\/p>\n<p>Il est \u00e0 rappeler que l&rsquo;Alg\u00e9rie avait r\u00e9ussi, en 2015, \u00e0 obtenir l&rsquo;organisation des Championnats d&rsquo;Afrique de handi-basket et de goal-ball, se qualifiant dans les deux disciplines en messieurs et dames aux Jeux Paralympiques de Rio-2016.<\/p>\n<blockquote readability=\"7\">\n<p><em><strong>L&rsquo;Alg\u00e9rie \u00e9tait candidate avec l`Afrique du Sud \u00e0 l&rsquo;organisation du tournoi de handi-basket, mais seule pour abriter le Championnat de goal-ball.<\/strong><\/em><\/p>\n<\/blockquote>\n<p>\u00ab\u00a0Nous avons toutes les raisons d&rsquo;\u00eatre optimistes pour obtenir l&rsquo;organisation d&rsquo;une des deux comp\u00e9titions, si ce n&rsquo;est pas les deux ensemble, en nous appuyant sur l&rsquo;exp\u00e9rience alg\u00e9rienne dans ce domaine et l&rsquo;int\u00e9r\u00eat port\u00e9 par l&rsquo;Etat au handisport et ses encouragements pour aider nos athl\u00e8tes \u00e0 se qualifier \u00e0 Tokyo\u00a0\u00bb, a conclu Hachefa.<\/p>\n<\/div>\n<p>Auteur:<br \/>\n<a href=\"http:\/\/www.aps.dz\/sport\/98561-jeux-paralympiques-tokyo-2020-l-algerie-candidate-a-l-organisation-de-deux-tournois-qualificatifs?utm_source=feedburner&#038;utm_medium=feed&#038;utm_campaign=Feed%3A+aps-sport+%28APS+-+SPORT%29\">Cliquez ici pour lire l&rsquo;article depuis sa source.<\/a><\/p>\n","protected":false},"excerpt":{"rendered":"<p>ALGER &#8211; La F\u00e9d\u00e9ration alg\u00e9rienne handisport (FAH) s&rsquo;est officiellement port\u00e9e candidate \u00e0 l&rsquo;organisation des Championnats d&rsquo;Afrique de handi-basket et de goal-ball (hommes et dames), qualificatifs aux Jeux Paralympiques de Tokyo-2020, a indiqu\u00e9 \u00e0 l&rsquo;APS le pr\u00e9sident de l&rsquo;instance f\u00e9d\u00e9rale, Mohamed Hachefa. Les pays africains devaient se disputer les places qualificatives pour Tokyo, en handi-basket et [&hellip;]<\/p>\n","protected":false},"author":1790,"featured_media":0,"comment_status":"closed","ping_status":"closed","sticky":false,"template":"","format":"standard","meta":{"fifu_image_url":"","fifu_image_alt":"","footnotes":""},"categories":[53,75],"tags":[],"class_list":["post-69498","post","type-post","status-publish","format-standard","hentry","category-algerie","category-sport"],"_links":{"self":[{"href":"https:\/\/linitiative.ca\/International\/wp-json\/wp\/v2\/posts\/69498","targetHints":{"allow":["GET"]}}],"collection":[{"href":"https:\/\/linitiative.ca\/International\/wp-json\/wp\/v2\/posts"}],"about":[{"href":"https:\/\/linitiative.ca\/International\/wp-json\/wp\/v2\/types\/post"}],"author":[{"embeddable":true,"href":"https:\/\/linitiative.ca\/International\/wp-json\/wp\/v2\/users\/1790"}],"replies":[{"embeddable":true,"href":"https:\/\/linitiative.ca\/International\/wp-json\/wp\/v2\/comments?post=69498"}],"version-history":[{"count":0,"href":"https:\/\/linitiative.ca\/International\/wp-json\/wp\/v2\/posts\/69498\/revisions"}],"wp:attachment":[{"href":"https:\/\/linitiative.ca\/International\/wp-json\/wp\/v2\/media?parent=69498"}],"wp:term":[{"taxonomy":"category","embeddable":true,"href":"https:\/\/linitiative.ca\/International\/wp-json\/wp\/v2\/categories?post=69498"},{"taxonomy":"post_tag","embeddable":true,"href":"https:\/\/linitiative.ca\/International\/wp-json\/wp\/v2\/tags?post=69498"}],"curies":[{"name":"wp","href":"https:\/\/api.w.org\/{rel}","templated":true}]}}