{"id":69500,"date":"2019-12-06T11:26:00","date_gmt":"2019-12-06T16:26:00","guid":{"rendered":"https:\/\/linitiative.ca\/International\/ansej-mostaganem-352-projets-valides-en-9-mois\/"},"modified":"2019-12-06T11:26:00","modified_gmt":"2019-12-06T16:26:00","slug":"ansej-mostaganem-352-projets-valides-en-9-mois","status":"publish","type":"post","link":"https:\/\/linitiative.ca\/International\/ansej-mostaganem-352-projets-valides-en-9-mois\/","title":{"rendered":"ANSEJ MOSTAGANEM : 352 projets valid\u00e9s en 9 mois"},"content":{"rendered":"<p><br id=\"sep_para_1\" class=\"sep_para access\"\/><\/p>\n<div id=\"para_1\" class=\"para_34380604 resize\">\n<div class=\"texte access firstletter\">En d\u2019autres termes, il s\u2019agit d\u2019un travail de proximit\u00e9 ciblant le maximum de jeunes sur toutes les questions relatives \u00e0 la cr\u00e9ation de micro-entreprises et\/ ou de Start-up et ce, dans le cadre d\u2019une campagne d\u2019information et de sensibilisation\u00a0 avec la collaboration de la CNAC et de la direction de la formation professionnelle .Ce n\u2019est pas nouveau et c\u2019est la\u00a0 \u00e9ni\u00e8me fois que\u00a0 ladite \u00ab caravane \u00bb se d\u00e9place vers les sites et \u00e9tablissements de forte concentration en jeunes qui sont potentiellement int\u00e9ress\u00e9s par un projet de cr\u00e9ation d\u2019une micro-entreprise ou d\u2019une Start-up. Le directeur de l\u2019ANSEJ de Mostaganem, M. Abdallah Nehali a\u00a0 affich\u00e9 une certaine satisfaction quant aux r\u00e9sultats enregistr\u00e9s\u00a0 pour ces neuf (9) mois .En effet, confort\u00e9 par l\u2019\u00e9volution statistique des r\u00e9sultats comparatifs entre 2018 et 2019, les chiffres affich\u00e9s montrent une progression notable, dit-il et l\u2019impact des \u00ab portes ouvertes \u00bb mobiles, via la\u00a0 \u00ab Caravane \u00bb, est appr\u00e9ciable par son approche p\u00e9dagogique dans la sensibilisation et les informations. A ce titre, le directeur de l\u2019ANSEJ a r\u00e9v\u00e9l\u00e9 que\u00a0 durant la p\u00e9riode des\u00a0 neuf (9) mois \u00e9coul\u00e9s, allant du 1er Janvier 2019 au 30 Septembre 2019 : sur 361 dossiers\u00a0 de projets inscrits ,352 d\u2019entre eux ont \u00e9t\u00e9 valid\u00e9s par la Commission comp\u00e9tente et dont 173 projets ont fait l\u2019objet de financement. S\u2019agissant de leur impact, il a\u00a0 pr\u00e9cis\u00e9 par ailleurs,\u00a0 que cela s\u2019est traduit par la cr\u00e9ation de 382 emplois directs. Pour en revenir \u00e0 l\u2019action\u00a0 de la \u00ab caravane \u00bb, il est indiqu\u00e9 qu\u2019elle s\u2019est rapproch\u00e9e de plusieurs \u00e9tablissements\u00a0 (Centres de formation professionnelle et diverses Facult\u00e9s de l\u2019universit\u00e9)\u00a0 et, c\u2019est dans ces creusets o\u00f9 se cultivent savoir, connaissance et apprentissage o\u00f9 les cadres de la \u00ab caravane ont expliqu\u00e9 aux \u00e9tudiants, dipl\u00f4m\u00e9s de l\u2019universit\u00e9 et ceux de la formation professionnelle\u00a0 le large \u00e9ventail offert par le dispositif d\u2019aide et d\u2019assistance, (ANSEJ,CNAC, Banques), mis en place par l\u2019Etat pour la r\u00e9alisation d\u2019une micro-entreprise En ce sens, il leur a \u00e9t\u00e9 d\u00e9livr\u00e9\u00a0 un message les assurant de facilitations et d\u2019un accompagnement multiforme dans la promotion de la cr\u00e9ation et le d\u00e9veloppement des micro-entreprises et\/ou Start-up, pour qui a \u00e9t\u00e9 cr\u00e9\u00e9 sp\u00e9cialement\u00a0 un\u00a0 \u00abcouloir vert\u00bb. D\u2019autre part, la \u00ab caravane \u00bb de l\u2019ANSEJ s\u2019est employ\u00e9e \u00e9galement\u00a0 \u00e0 inculquer, chez les jeunes l\u2019esprit entrepreneurial qui\u00a0 devrait d\u00e9sormais faire partie de la culture, de chacun d\u2019eux.<\/div>\n<\/div>\n<p>Auteur: Younes Zahachi<br \/>\n<a href=\"https:\/\/www.reflexiondz.net\/ANSEJ-MOSTAGANEM-352-projets-valides-en-9-mois_a59225.html\">Cliquez ici pour lire l&rsquo;article depuis sa source.<\/a><\/p>\n","protected":false},"excerpt":{"rendered":"<p>En d\u2019autres termes, il s\u2019agit d\u2019un travail de proximit\u00e9 ciblant le maximum de jeunes sur toutes les questions relatives \u00e0 la cr\u00e9ation de micro-entreprises et\/ ou de Start-up et ce, dans le cadre d\u2019une campagne d\u2019information et de sensibilisation\u00a0 avec la collaboration de la CNAC et de la direction de la formation professionnelle .Ce n\u2019est [&hellip;]<\/p>\n","protected":false},"author":1740,"featured_media":0,"comment_status":"closed","ping_status":"closed","sticky":false,"template":"","format":"standard","meta":{"fifu_image_url":"","fifu_image_alt":"","footnotes":""},"categories":[53,76],"tags":[],"class_list":["post-69500","post","type-post","status-publish","format-standard","hentry","category-algerie","category-regions"],"_links":{"self":[{"href":"https:\/\/linitiative.ca\/International\/wp-json\/wp\/v2\/posts\/69500","targetHints":{"allow":["GET"]}}],"collection":[{"href":"https:\/\/linitiative.ca\/International\/wp-json\/wp\/v2\/posts"}],"about":[{"href":"https:\/\/linitiative.ca\/International\/wp-json\/wp\/v2\/types\/post"}],"author":[{"embeddable":true,"href":"https:\/\/linitiative.ca\/International\/wp-json\/wp\/v2\/users\/1740"}],"replies":[{"embeddable":true,"href":"https:\/\/linitiative.ca\/International\/wp-json\/wp\/v2\/comments?post=69500"}],"version-history":[{"count":0,"href":"https:\/\/linitiative.ca\/International\/wp-json\/wp\/v2\/posts\/69500\/revisions"}],"wp:attachment":[{"href":"https:\/\/linitiative.ca\/International\/wp-json\/wp\/v2\/media?parent=69500"}],"wp:term":[{"taxonomy":"category","embeddable":true,"href":"https:\/\/linitiative.ca\/International\/wp-json\/wp\/v2\/categories?post=69500"},{"taxonomy":"post_tag","embeddable":true,"href":"https:\/\/linitiative.ca\/International\/wp-json\/wp\/v2\/tags?post=69500"}],"curies":[{"name":"wp","href":"https:\/\/api.w.org\/{rel}","templated":true}]}}