{"id":69502,"date":"2019-12-06T11:34:00","date_gmt":"2019-12-06T16:34:00","guid":{"rendered":"https:\/\/linitiative.ca\/International\/harbi-sattaque-a-larmee\/"},"modified":"2019-12-06T11:34:00","modified_gmt":"2019-12-06T16:34:00","slug":"harbi-sattaque-a-larmee","status":"publish","type":"post","link":"https:\/\/linitiative.ca\/International\/harbi-sattaque-a-larmee\/","title":{"rendered":"Harbi s\u2019attaque  \u00e0 l\u2019Arm\u00e9e"},"content":{"rendered":"<p><br id=\"sep_para_1\" class=\"sep_para access\"\/><\/p>\n<div id=\"para_1\" class=\"para_34380670 resize\">\n<div class=\"texte access firstletter\">Mohamed Harbi, l&rsquo;historien et universitaire alg\u00e9rien, sp\u00e9cialiste de la vie politique et de l&rsquo;histoire de l&rsquo;Alg\u00e9rie, ancien membre du FLN, et auteur de nombreux ouvrages de r\u00e9f\u00e9rence sur l&rsquo;histoire de la r\u00e9volution alg\u00e9rienne, s&rsquo;est exprim\u00e9 sur la crise actuelle politique que traverse en ce moment l&rsquo;Alg\u00e9rie. Dans un long entretien publi\u00e9 ce vendredi par le quotidien fran\u00e7ais Le Monde, Mohamed Harbi a indiqu\u00e9 que \u00ab\u00a0l\u2019essentiel, aujourd\u2019hui, pour Ga\u00efd Salah, c\u2019est de maintenir l\u2019autorit\u00e9 de l\u2019arm\u00e9e, comme jamais auparavant. Pendant longtemps, l\u2019arm\u00e9e avait compos\u00e9 avec la technocratie. Lui, il veut la mettre sous sa coupe, il veut la militariser \u00e0 sa fa\u00e7on\u00a0\u00bb. A 86 ans, l&rsquo;historien s&rsquo;est montr\u00e9 \u00e9galement tr\u00e8s dur et critique \u00e0 l&rsquo;\u00e9gard du bilan d&rsquo;Abdelaziz Bouteflika. \u00ab\u00a0Bouteflika a une responsabilit\u00e9 terrible dans ce qui va advenir. Il a partag\u00e9 le pouvoir avec les militaires, car il croyait que plus l\u2019arm\u00e9e engraissait, moins elle le d\u00e9rangerait\u00a0\u00bb, a expliqu\u00e9 Mohamed Harbi dans les colonnes du quotidien fran\u00e7ais Le Monde.<\/div>\n<\/div>\n<p>Auteur: R\u00e9flexion<br \/>\n<a href=\"https:\/\/www.reflexiondz.net\/Harbi-s-attaque-a-l-Armee_a59239.html\">Cliquez ici pour lire l&rsquo;article depuis sa source.<\/a><\/p>\n","protected":false},"excerpt":{"rendered":"<p>Mohamed Harbi, l&rsquo;historien et universitaire alg\u00e9rien, sp\u00e9cialiste de la vie politique et de l&rsquo;histoire de l&rsquo;Alg\u00e9rie, ancien membre du FLN, et auteur de nombreux ouvrages de r\u00e9f\u00e9rence sur l&rsquo;histoire de la r\u00e9volution alg\u00e9rienne, s&rsquo;est exprim\u00e9 sur la crise actuelle politique que traverse en ce moment l&rsquo;Alg\u00e9rie. Dans un long entretien publi\u00e9 ce vendredi par le [&hellip;]<\/p>\n","protected":false},"author":1740,"featured_media":0,"comment_status":"closed","ping_status":"closed","sticky":false,"template":"","format":"standard","meta":{"fifu_image_url":"","fifu_image_alt":"","footnotes":""},"categories":[53,76],"tags":[],"class_list":["post-69502","post","type-post","status-publish","format-standard","hentry","category-algerie","category-regions"],"_links":{"self":[{"href":"https:\/\/linitiative.ca\/International\/wp-json\/wp\/v2\/posts\/69502","targetHints":{"allow":["GET"]}}],"collection":[{"href":"https:\/\/linitiative.ca\/International\/wp-json\/wp\/v2\/posts"}],"about":[{"href":"https:\/\/linitiative.ca\/International\/wp-json\/wp\/v2\/types\/post"}],"author":[{"embeddable":true,"href":"https:\/\/linitiative.ca\/International\/wp-json\/wp\/v2\/users\/1740"}],"replies":[{"embeddable":true,"href":"https:\/\/linitiative.ca\/International\/wp-json\/wp\/v2\/comments?post=69502"}],"version-history":[{"count":0,"href":"https:\/\/linitiative.ca\/International\/wp-json\/wp\/v2\/posts\/69502\/revisions"}],"wp:attachment":[{"href":"https:\/\/linitiative.ca\/International\/wp-json\/wp\/v2\/media?parent=69502"}],"wp:term":[{"taxonomy":"category","embeddable":true,"href":"https:\/\/linitiative.ca\/International\/wp-json\/wp\/v2\/categories?post=69502"},{"taxonomy":"post_tag","embeddable":true,"href":"https:\/\/linitiative.ca\/International\/wp-json\/wp\/v2\/tags?post=69502"}],"curies":[{"name":"wp","href":"https:\/\/api.w.org\/{rel}","templated":true}]}}